{"id":6235,"date":"2026-03-01T09:56:52","date_gmt":"2026-03-01T08:56:52","guid":{"rendered":"https:\/\/sdp-tesanj.org\/bs\/?p=6235"},"modified":"2026-03-01T09:56:52","modified_gmt":"2026-03-01T08:56:52","slug":"cestitka-povodom-1-marta-dana-nezavisnosti-bih-5","status":"publish","type":"post","link":"https:\/\/sdp-tesanj.org\/bs\/cestitka-povodom-1-marta-dana-nezavisnosti-bih-5\/","title":{"rendered":"\u010cestitka povodom 1. marta &#8211; Dana nezavisnosti BiH"},"content":{"rendered":"<div id=\"attachment_6236\" style=\"width: 263px\" class=\"wp-caption alignleft\"><img loading=\"lazy\" decoding=\"async\" aria-describedby=\"caption-attachment-6236\" class=\"wp-image-6236\" src=\"https:\/\/sdp-tesanj.org\/bs\/wp-content\/uploads\/Dan-nezavisnosti-640x427.jpg\" alt=\"Dan nezavisnosti BiH\" width=\"253\" height=\"169\" srcset=\"https:\/\/sdp-tesanj.org\/bs\/wp-content\/uploads\/Dan-nezavisnosti-640x427.jpg 640w, https:\/\/sdp-tesanj.org\/bs\/wp-content\/uploads\/Dan-nezavisnosti-960x640.jpg 960w, https:\/\/sdp-tesanj.org\/bs\/wp-content\/uploads\/Dan-nezavisnosti-768x512.jpg 768w, https:\/\/sdp-tesanj.org\/bs\/wp-content\/uploads\/Dan-nezavisnosti.jpg 1024w\" sizes=\"auto, (max-width: 253px) 100vw, 253px\" \/><p id=\"caption-attachment-6236\" class=\"wp-caption-text\">Dan nezavisnosti BiH<\/p><\/div>\n<p>Na referendumu odr\u017eanom 29. februara i 1. marta 1992. godine gra\u0111ani Bosne i Hercegovine, svih nacionalnosti, jasno su se opredijelili za suverenu, nezavisnu, samostalnu i cjelovitu Bosnu i Hercegovinu \u2013 dr\u017eavu ravnopravnih naroda i svih njenih gra\u0111ana.<\/p>\n<p>Ta historijska odluka ozna\u010dila je po\u010detak najte\u017eeg perioda na\u0161e novije historije. Malo je naroda koji su svoju nezavisnost platili tako visokom cijenom. U danima koji su uslijedili, gra\u0111ani Bosne i Hercegovine potvrdili su svoju nepokolebljivu opredijeljenost za slobodu i samostalnost domovine, mnogi podnijev\u0161i i najve\u0107u \u017ertvu \u2013 vlastiti \u017eivot.<!--more--><\/p>\n<p>Du\u017eni smo s ponosom i dubokom zahvalno\u0161\u0107u \u010duvati sje\u0107anje na sve koji su stvarali, branili i o\u010duvali Bosnu i Hercegovinu, ne pitaju\u0107i za cijenu.<\/p>\n<p>Danas, prisje\u0107aju\u0107i se tih sudbonosnih trenutaka, ne smijemo zanemariti izazove s kojima se i dalje suo\u010davamo. Pred nama su zadaci ja\u010danja demokratskih institucija, odlu\u010dne borbe protiv korupcije i izgradnje trajnog dru\u0161tvenog mira i stabilnosti. Put ka sna\u017enoj, pravednoj i prosperitetnoj Bosni i Hercegovini zajedni\u010dka je odgovornost svih nas.<\/p>\n<p>Ustrajni u nastojanju da u potpunosti ostvarimo ciljeve zacrtane historijskim referendumom, svim gra\u0111ankama i gra\u0111anima Bosne i Hercegovine, u ime OO SDP BiH Te\u0161anj i u svoje li\u010dno ime, upu\u0107ujemo iskrene \u010destitke povodom 1. marta \u2013 Dana nezavisnosti Bosne i Hercegovine, uz \u017eelju za mir, prosperitet i svako dobro.&nbsp;&nbsp;&nbsp;&nbsp;&nbsp;&nbsp;&nbsp;<\/p>\n<p><strong>&nbsp;&nbsp; &nbsp;&nbsp;&nbsp;&nbsp;&nbsp;&nbsp;&nbsp;&nbsp;&nbsp;&nbsp;&nbsp;&nbsp;&nbsp;&nbsp;&nbsp;&nbsp;&nbsp;&nbsp;&nbsp;&nbsp;&nbsp;&nbsp;&nbsp;&nbsp;&nbsp;&nbsp;&nbsp;&nbsp;<\/strong><\/p>\n<p><strong>&nbsp;&nbsp;&nbsp;&nbsp;&nbsp;&nbsp;&nbsp;&nbsp;&nbsp;&nbsp;&nbsp;&nbsp;&nbsp;&nbsp;&nbsp;&nbsp;&nbsp;&nbsp;&nbsp;&nbsp;&nbsp;&nbsp;&nbsp;&nbsp;&nbsp;&nbsp;&nbsp;&nbsp;&nbsp;&nbsp;&nbsp;&nbsp;&nbsp;&nbsp;&nbsp;&nbsp;&nbsp;&nbsp;&nbsp;&nbsp;&nbsp;&nbsp;&nbsp;&nbsp;&nbsp;&nbsp;&nbsp;&nbsp;&nbsp;&nbsp;&nbsp;&nbsp;&nbsp;&nbsp;&nbsp;&nbsp;&nbsp;&nbsp;&nbsp; Predsjednik OO SDP BiH Te\u0161anj<br \/>\n&nbsp;&nbsp;&nbsp;&nbsp;&nbsp;&nbsp;&nbsp;&nbsp;&nbsp;&nbsp;&nbsp;&nbsp;&nbsp;&nbsp;&nbsp;&nbsp;&nbsp;&nbsp;&nbsp;&nbsp;&nbsp;&nbsp;&nbsp;&nbsp;&nbsp;&nbsp;&nbsp;&nbsp;&nbsp;&nbsp;&nbsp;&nbsp;&nbsp;&nbsp;&nbsp;&nbsp;&nbsp;&nbsp;&nbsp;&nbsp;&nbsp;&nbsp;&nbsp;&nbsp;&nbsp;&nbsp; &nbsp;&nbsp;&nbsp;&nbsp;&nbsp;&nbsp;&nbsp;&nbsp;&nbsp;&nbsp;&nbsp;&nbsp;&nbsp;&nbsp;Senad S. Suba\u0161i\u0107<\/strong><\/p>\n","protected":false},"excerpt":{"rendered":"<p>Na referendumu odr\u017eanom 29. februara i 1. marta 1992. godine gra\u0111ani Bosne i Hercegovine, svih nacionalnosti, jasno su se opredijelili za suverenu, nezavisnu, samostalnu i cjelovitu Bosnu i Hercegovinu \u2013 dr\u017eavu ravnopravnih naroda i svih njenih gra\u0111ana. Ta historijska odluka ozna\u010dila je po\u010detak najte\u017eeg perioda na\u0161e novije historije. Malo je naroda koji su svoju nezavisnost [&hellip;]<\/p>\n","protected":false},"author":2,"featured_media":0,"comment_status":"closed","ping_status":"closed","sticky":false,"template":"","format":"standard","meta":{"ngg_post_thumbnail":0,"footnotes":""},"categories":[3],"tags":[],"class_list":["post-6235","post","type-post","status-publish","format-standard","hentry","category-vijesti"],"_links":{"self":[{"href":"https:\/\/sdp-tesanj.org\/bs\/wp-json\/wp\/v2\/posts\/6235","targetHints":{"allow":["GET"]}}],"collection":[{"href":"https:\/\/sdp-tesanj.org\/bs\/wp-json\/wp\/v2\/posts"}],"about":[{"href":"https:\/\/sdp-tesanj.org\/bs\/wp-json\/wp\/v2\/types\/post"}],"author":[{"embeddable":true,"href":"https:\/\/sdp-tesanj.org\/bs\/wp-json\/wp\/v2\/users\/2"}],"replies":[{"embeddable":true,"href":"https:\/\/sdp-tesanj.org\/bs\/wp-json\/wp\/v2\/comments?post=6235"}],"version-history":[{"count":1,"href":"https:\/\/sdp-tesanj.org\/bs\/wp-json\/wp\/v2\/posts\/6235\/revisions"}],"predecessor-version":[{"id":6237,"href":"https:\/\/sdp-tesanj.org\/bs\/wp-json\/wp\/v2\/posts\/6235\/revisions\/6237"}],"wp:attachment":[{"href":"https:\/\/sdp-tesanj.org\/bs\/wp-json\/wp\/v2\/media?parent=6235"}],"wp:term":[{"taxonomy":"category","embeddable":true,"href":"https:\/\/sdp-tesanj.org\/bs\/wp-json\/wp\/v2\/categories?post=6235"},{"taxonomy":"post_tag","embeddable":true,"href":"https:\/\/sdp-tesanj.org\/bs\/wp-json\/wp\/v2\/tags?post=6235"}],"curies":[{"name":"wp","href":"https:\/\/api.w.org\/{rel}","templated":true}]}}