{"id":6230,"date":"2025-11-24T15:31:44","date_gmt":"2025-11-24T14:31:44","guid":{"rendered":"https:\/\/sdp-tesanj.org\/bs\/?p=6230"},"modified":"2025-11-24T15:31:57","modified_gmt":"2025-11-24T14:31:57","slug":"cestitka-povodom-25-novembara-dana-drzavnosti-bih-2","status":"publish","type":"post","link":"https:\/\/sdp-tesanj.org\/bs\/cestitka-povodom-25-novembara-dana-drzavnosti-bih-2\/","title":{"rendered":"\u010cestitka povodom 25. novembara \u2013 Dana dr\u017eavnosti BiH"},"content":{"rendered":"<div id=\"attachment_6231\" style=\"width: 263px\" class=\"wp-caption alignleft\"><img loading=\"lazy\" decoding=\"async\" aria-describedby=\"caption-attachment-6231\" class=\"wp-image-6231\" src=\"https:\/\/sdp-tesanj.org\/bs\/wp-content\/uploads\/2511_sdp_dandrzavnosti-640x513.jpg\" alt=\"Dan dr\u017eavnosti BiH\" width=\"253\" height=\"203\" srcset=\"https:\/\/sdp-tesanj.org\/bs\/wp-content\/uploads\/2511_sdp_dandrzavnosti-640x513.jpg 640w, https:\/\/sdp-tesanj.org\/bs\/wp-content\/uploads\/2511_sdp_dandrzavnosti-960x770.jpg 960w, https:\/\/sdp-tesanj.org\/bs\/wp-content\/uploads\/2511_sdp_dandrzavnosti-768x616.jpg 768w, https:\/\/sdp-tesanj.org\/bs\/wp-content\/uploads\/2511_sdp_dandrzavnosti.jpg 1080w\" sizes=\"auto, (max-width: 253px) 100vw, 253px\" \/><p id=\"caption-attachment-6231\" class=\"wp-caption-text\">Dan dr\u017eavnosti BiH<\/p><\/div>\n<p>Povodom predstoje\u0107eg Dana dr\u017eavnosti Bosne i Hercegovine, u ime OO SDP BiH Te\u0161anj i u svoje li\u010dno ime, upu\u0107ujem iskrene \u010destitke svim gra\u0111ankama i gra\u0111anima Bosne i Hercegovine.<\/p>\n<p>Ovaj historijski datum podsje\u0107a nas na odluke ZAVNOBiH-a, na ideale antifa\u0161izma, slobode i ravnopravnosti, te na \u010dinjenicu da je Bosna i Hercegovina kroz stolje\u0107a bila i ostala dr\u017eava svih njenih naroda i gra\u0111ana.<!--more--><\/p>\n<p>Neka nas Dan dr\u017eavnosti ohrabri da zajedni\u010dkim snagama nastavimo graditi pravedno, napredno i solidarno dru\u0161tvo u kojem \u0107e svaki \u010dovjek imati jednaku \u0161ansu.<\/p>\n<p>&nbsp;<\/p>\n<p style=\"text-align: right;\">&nbsp;&nbsp;&nbsp;&nbsp;&nbsp;&nbsp;&nbsp;&nbsp;&nbsp;&nbsp;&nbsp;&nbsp;&nbsp;&nbsp;&nbsp;&nbsp;&nbsp;&nbsp;&nbsp; &nbsp;&nbsp;&nbsp;&nbsp;&nbsp;&nbsp;&nbsp;&nbsp;&nbsp;&nbsp;&nbsp;&nbsp;&nbsp;&nbsp;&nbsp;&nbsp;&nbsp;&nbsp;&nbsp;&nbsp;&nbsp;&nbsp;&nbsp;&nbsp;&nbsp;&nbsp;&nbsp;&nbsp;&nbsp;&nbsp;&nbsp;&nbsp;&nbsp;&nbsp;&nbsp;&nbsp;&nbsp;&nbsp;&nbsp;&nbsp;&nbsp;&nbsp;&nbsp;&nbsp;&nbsp;<strong>Predsjednik OOSDPBiH Te\u0161anj<\/strong><strong><br \/>\nSenad S. Suba\u0161i\u0107<\/strong><\/p>\n","protected":false},"excerpt":{"rendered":"<p>Povodom predstoje\u0107eg Dana dr\u017eavnosti Bosne i Hercegovine, u ime OO SDP BiH Te\u0161anj i u svoje li\u010dno ime, upu\u0107ujem iskrene \u010destitke svim gra\u0111ankama i gra\u0111anima Bosne i Hercegovine. Ovaj historijski datum podsje\u0107a nas na odluke ZAVNOBiH-a, na ideale antifa\u0161izma, slobode i ravnopravnosti, te na \u010dinjenicu da je Bosna i Hercegovina kroz stolje\u0107a bila i ostala [&hellip;]<\/p>\n","protected":false},"author":2,"featured_media":0,"comment_status":"closed","ping_status":"closed","sticky":false,"template":"","format":"standard","meta":{"ngg_post_thumbnail":0,"footnotes":""},"categories":[3],"tags":[],"class_list":["post-6230","post","type-post","status-publish","format-standard","hentry","category-vijesti"],"_links":{"self":[{"href":"https:\/\/sdp-tesanj.org\/bs\/wp-json\/wp\/v2\/posts\/6230","targetHints":{"allow":["GET"]}}],"collection":[{"href":"https:\/\/sdp-tesanj.org\/bs\/wp-json\/wp\/v2\/posts"}],"about":[{"href":"https:\/\/sdp-tesanj.org\/bs\/wp-json\/wp\/v2\/types\/post"}],"author":[{"embeddable":true,"href":"https:\/\/sdp-tesanj.org\/bs\/wp-json\/wp\/v2\/users\/2"}],"replies":[{"embeddable":true,"href":"https:\/\/sdp-tesanj.org\/bs\/wp-json\/wp\/v2\/comments?post=6230"}],"version-history":[{"count":2,"href":"https:\/\/sdp-tesanj.org\/bs\/wp-json\/wp\/v2\/posts\/6230\/revisions"}],"predecessor-version":[{"id":6233,"href":"https:\/\/sdp-tesanj.org\/bs\/wp-json\/wp\/v2\/posts\/6230\/revisions\/6233"}],"wp:attachment":[{"href":"https:\/\/sdp-tesanj.org\/bs\/wp-json\/wp\/v2\/media?parent=6230"}],"wp:term":[{"taxonomy":"category","embeddable":true,"href":"https:\/\/sdp-tesanj.org\/bs\/wp-json\/wp\/v2\/categories?post=6230"},{"taxonomy":"post_tag","embeddable":true,"href":"https:\/\/sdp-tesanj.org\/bs\/wp-json\/wp\/v2\/tags?post=6230"}],"curies":[{"name":"wp","href":"https:\/\/api.w.org\/{rel}","templated":true}]}}