{"id":6223,"date":"2025-09-09T14:02:17","date_gmt":"2025-09-09T12:02:17","guid":{"rendered":"https:\/\/sdp-tesanj.org\/bs\/?p=6223"},"modified":"2025-09-09T20:22:58","modified_gmt":"2025-09-09T18:22:58","slug":"cestitka-povodom-9-septembra-dana-oslobodjenja-tesnja-od-fasizma-u-drugom-svjetskom-ratu","status":"publish","type":"post","link":"https:\/\/sdp-tesanj.org\/bs\/cestitka-povodom-9-septembra-dana-oslobodjenja-tesnja-od-fasizma-u-drugom-svjetskom-ratu\/","title":{"rendered":"\u010cestitka povodom 9. septembra &#8211; Dana oslobo\u0111enja Te\u0161nja od fa\u0161izma u Drugom svjetskom ratu"},"content":{"rendered":"<div id=\"attachment_6226\" style=\"width: 267px\" class=\"wp-caption alignleft\"><img loading=\"lazy\" decoding=\"async\" aria-describedby=\"caption-attachment-6226\" class=\"wp-image-6226\" src=\"https:\/\/sdp-tesanj.org\/bs\/wp-content\/uploads\/IMG_20230509_162350_349-1-640x480.jpg\" alt=\"9. septembar\" width=\"257\" height=\"193\" srcset=\"https:\/\/sdp-tesanj.org\/bs\/wp-content\/uploads\/IMG_20230509_162350_349-1-640x480.jpg 640w, https:\/\/sdp-tesanj.org\/bs\/wp-content\/uploads\/IMG_20230509_162350_349-1-960x720.jpg 960w, https:\/\/sdp-tesanj.org\/bs\/wp-content\/uploads\/IMG_20230509_162350_349-1-768x576.jpg 768w, https:\/\/sdp-tesanj.org\/bs\/wp-content\/uploads\/IMG_20230509_162350_349-1-1536x1152.jpg 1536w, https:\/\/sdp-tesanj.org\/bs\/wp-content\/uploads\/IMG_20230509_162350_349-1-2048x1536.jpg 2048w\" sizes=\"auto, (max-width: 257px) 100vw, 257px\" \/><p id=\"caption-attachment-6226\" class=\"wp-caption-text\">9. septembar<\/p><\/div>\n<p>Drage gra\u0111anke i gra\u0111ani Te\u0161nja,<\/p>\n<p>U Narodnooslobodila\u010dkoj borbi 1941\u20131945. pora\u017eeni su mnogi fa\u0161isti\u010dki re\u017eimi, ali ideologija fa\u0161izma, na\u017ealost, nikada nije u potpunosti nestala. Upravo zato, va\u017eno je stalno podsje\u0107anje i edukacija kako bismo znali prepoznati i adekvatno odgovoriti na sve oblike fa\u0161izma, posebno onog prikrivenog, u dana\u0161njem dru\u0161tvu.<!--more--><\/p>\n<p>S ponosom se prisje\u0107amo ogromnog doprinosa te\u0161anjskog kraja u NOR-u. Od prvih dana rata na ovom prostoru djelovali su ilegalci koji su podr\u017eavali partizanski pokret i uspostavljali vezu s partizanskim jedinicama. Prema dostupnim podacima, Te\u0161anj je dao oko 1.800 partizana, od kojih je 180 polo\u017eilo svoje \u017eivote, a rat je odnio i \u017eivote oko 200 civila. Posebno ne smijemo zaboraviti dva narodna heroja \u2013 Husu Hod\u017ei\u0107a i Nisima Albaharija, te vije\u0107nika ZAVNOBiH-a i AVNOJ-a Edhema Pobri\u0107a.<\/p>\n<p>SDP BiH ba\u0161tini tekovine antifa\u0161izma kao temeljne vrijednosti slobodnog i naprednog dru\u0161tva. Afirmacija vrijednosti antifa\u0161izma jedan je od klju\u010dnih civilizacijskih zahtjeva, a upravo u njima trebamo tra\u017eiti inspiraciju za razvoj humanog, pluralnog, solidarnog i demokratskog dru\u0161tva.<\/p>\n<p>Povodom **9. septembra \u2013 Dana oslobo\u0111enja Te\u0161nja od fa\u0161izma u Drugom svjetskom ratu**, svim gra\u0111ankama i gra\u0111anima op\u0107ine Te\u0161anj, a posebno \u017eivim u\u010desnicima NOR-a, upu\u0107ujemo iskrene \u010destitke.<\/p>\n<p><strong>&nbsp;<\/strong><\/p>\n<p style=\"text-align: center;\"><strong>SMRT FA\u0160IZMU \u2013 SLOBODA NARODU!<\/strong><\/p>\n<p><strong>&nbsp;&nbsp;&nbsp;&nbsp;&nbsp;&nbsp;&nbsp;&nbsp;&nbsp;&nbsp;&nbsp;&nbsp;&nbsp;&nbsp;&nbsp;&nbsp;&nbsp;&nbsp;&nbsp;&nbsp;&nbsp;&nbsp;&nbsp;&nbsp;&nbsp;&nbsp;&nbsp;&nbsp;&nbsp;&nbsp;&nbsp; &nbsp;&nbsp;&nbsp;&nbsp;&nbsp;&nbsp;&nbsp;&nbsp;&nbsp;&nbsp;&nbsp;&nbsp;&nbsp;&nbsp;&nbsp;&nbsp;&nbsp;&nbsp;&nbsp;&nbsp;&nbsp;&nbsp;&nbsp;&nbsp;&nbsp;&nbsp;&nbsp;&nbsp;<\/strong><\/p>\n<p style=\"text-align: right;\"><strong>&nbsp;&nbsp;&nbsp;&nbsp;&nbsp;&nbsp;&nbsp;&nbsp;&nbsp;&nbsp;&nbsp;&nbsp;&nbsp;&nbsp;&nbsp;&nbsp;&nbsp;&nbsp;&nbsp;&nbsp;&nbsp;&nbsp;&nbsp;&nbsp;&nbsp;&nbsp;&nbsp;&nbsp;&nbsp;&nbsp;&nbsp;&nbsp;&nbsp;&nbsp;&nbsp;&nbsp;&nbsp;&nbsp;&nbsp;&nbsp;&nbsp;&nbsp;&nbsp;&nbsp;&nbsp;&nbsp;&nbsp;&nbsp;&nbsp;&nbsp;&nbsp;&nbsp;&nbsp;&nbsp;&nbsp;&nbsp;&nbsp;&nbsp; &nbsp;&nbsp;&nbsp;&nbsp;&nbsp;&nbsp;&nbsp;&nbsp;&nbsp;&nbsp;&nbsp;&nbsp;&nbsp;&nbsp;&nbsp;&nbsp;&nbsp;&nbsp;&nbsp;&nbsp;&nbsp;&nbsp;&nbsp;&nbsp;&nbsp;Predsjednik OO SDP BiH Te\u0161anj<br \/>\n&nbsp;&nbsp;&nbsp;&nbsp;&nbsp;&nbsp;&nbsp;&nbsp;&nbsp;&nbsp;&nbsp;&nbsp;&nbsp;&nbsp;&nbsp;&nbsp;&nbsp;&nbsp;&nbsp;&nbsp;&nbsp;&nbsp;&nbsp;&nbsp;&nbsp;&nbsp;&nbsp;&nbsp;&nbsp;&nbsp;&nbsp;&nbsp;&nbsp;&nbsp;&nbsp;&nbsp;&nbsp;&nbsp;&nbsp;&nbsp;&nbsp;&nbsp;&nbsp;&nbsp;&nbsp;&nbsp; &nbsp;&nbsp;&nbsp;&nbsp;&nbsp;&nbsp;&nbsp;&nbsp;&nbsp;&nbsp;&nbsp;&nbsp;&nbsp;&nbsp;&nbsp;&nbsp;&nbsp;&nbsp;&nbsp;&nbsp;&nbsp;&nbsp;&nbsp;&nbsp;&nbsp;&nbsp;&nbsp;&nbsp;&nbsp;&nbsp;&nbsp;&nbsp;&nbsp;&nbsp;&nbsp;&nbsp;&nbsp;&nbsp;&nbsp;&nbsp;&nbsp;&nbsp;&nbsp;&nbsp;&nbsp;&nbsp;&nbsp;&nbsp;&nbsp;&nbsp;&nbsp;&nbsp;&nbsp;Senad S. Suba\u0161i\u0107<\/strong><\/p>\n","protected":false},"excerpt":{"rendered":"<p>Drage gra\u0111anke i gra\u0111ani Te\u0161nja, U Narodnooslobodila\u010dkoj borbi 1941\u20131945. pora\u017eeni su mnogi fa\u0161isti\u010dki re\u017eimi, ali ideologija fa\u0161izma, na\u017ealost, nikada nije u potpunosti nestala. Upravo zato, va\u017eno je stalno podsje\u0107anje i edukacija kako bismo znali prepoznati i adekvatno odgovoriti na sve oblike fa\u0161izma, posebno onog prikrivenog, u dana\u0161njem dru\u0161tvu.<\/p>\n","protected":false},"author":2,"featured_media":0,"comment_status":"closed","ping_status":"closed","sticky":false,"template":"","format":"standard","meta":{"ngg_post_thumbnail":0,"footnotes":""},"categories":[3],"tags":[],"class_list":["post-6223","post","type-post","status-publish","format-standard","hentry","category-vijesti"],"_links":{"self":[{"href":"https:\/\/sdp-tesanj.org\/bs\/wp-json\/wp\/v2\/posts\/6223","targetHints":{"allow":["GET"]}}],"collection":[{"href":"https:\/\/sdp-tesanj.org\/bs\/wp-json\/wp\/v2\/posts"}],"about":[{"href":"https:\/\/sdp-tesanj.org\/bs\/wp-json\/wp\/v2\/types\/post"}],"author":[{"embeddable":true,"href":"https:\/\/sdp-tesanj.org\/bs\/wp-json\/wp\/v2\/users\/2"}],"replies":[{"embeddable":true,"href":"https:\/\/sdp-tesanj.org\/bs\/wp-json\/wp\/v2\/comments?post=6223"}],"version-history":[{"count":4,"href":"https:\/\/sdp-tesanj.org\/bs\/wp-json\/wp\/v2\/posts\/6223\/revisions"}],"predecessor-version":[{"id":6228,"href":"https:\/\/sdp-tesanj.org\/bs\/wp-json\/wp\/v2\/posts\/6223\/revisions\/6228"}],"wp:attachment":[{"href":"https:\/\/sdp-tesanj.org\/bs\/wp-json\/wp\/v2\/media?parent=6223"}],"wp:term":[{"taxonomy":"category","embeddable":true,"href":"https:\/\/sdp-tesanj.org\/bs\/wp-json\/wp\/v2\/categories?post=6223"},{"taxonomy":"post_tag","embeddable":true,"href":"https:\/\/sdp-tesanj.org\/bs\/wp-json\/wp\/v2\/tags?post=6223"}],"curies":[{"name":"wp","href":"https:\/\/api.w.org\/{rel}","templated":true}]}}