{"id":6218,"date":"2025-07-27T11:37:08","date_gmt":"2025-07-27T09:37:08","guid":{"rendered":"https:\/\/sdp-tesanj.org\/bs\/?p=6218"},"modified":"2025-07-27T11:37:08","modified_gmt":"2025-07-27T09:37:08","slug":"sretan-27-juli-dan-ustanka-naroda-bih-2","status":"publish","type":"post","link":"https:\/\/sdp-tesanj.org\/bs\/sretan-27-juli-dan-ustanka-naroda-bih-2\/","title":{"rendered":"Sretan 27. juli &#8211; Dan ustanka naroda BiH"},"content":{"rendered":"<div id=\"attachment_6219\" style=\"width: 263px\" class=\"wp-caption alignleft\"><img loading=\"lazy\" decoding=\"async\" aria-describedby=\"caption-attachment-6219\" class=\"wp-image-6219\" src=\"https:\/\/sdp-tesanj.org\/bs\/wp-content\/uploads\/116574331_3499948533371910_8129945871259885005_n-640x480.jpg\" alt=\"27. juli\" width=\"253\" height=\"190\" srcset=\"https:\/\/sdp-tesanj.org\/bs\/wp-content\/uploads\/116574331_3499948533371910_8129945871259885005_n-640x480.jpg 640w, https:\/\/sdp-tesanj.org\/bs\/wp-content\/uploads\/116574331_3499948533371910_8129945871259885005_n-768x576.jpg 768w, https:\/\/sdp-tesanj.org\/bs\/wp-content\/uploads\/116574331_3499948533371910_8129945871259885005_n.jpg 800w\" sizes=\"auto, (max-width: 253px) 100vw, 253px\" \/><p id=\"caption-attachment-6219\" class=\"wp-caption-text\">27. juli<\/p><\/div>\n<p>Danas, 27. jula, s ponosom obilje\u017eavamo Dan ustanka naroda i narodnosti Bosne i Hercegovine \u2013 dan kada su se 1941. godine na\u0161i preci odlu\u010dno suprotstavili fa\u0161izmu, okupaciji i teroru, bore\u0107i se za slobodu, jednakost i pravo na dostojanstven \u017eivot.<\/p>\n<p>Na dana\u0161nji dan prisje\u0107amo se hrabrosti partizanki i partizana, boraca i borkinja Narodnooslobodila\u010dke borbe, kao i svih onih koji su dali svoje \u017eivote u temelje slobodne, antifa\u0161isti\u010dke i pravedne BiH.<\/p>\n<p>Na\u0161a je du\u017enost da \u010duvamo sje\u0107anje na te herojske dane, ali i da razumijemo njihovu poruku u sada\u0161njem trenutku. Jer, fa\u0161izam nije samo historijska pojava \u2013 on se danas vra\u0107a u novim oblicima. Revizionizam, negiranje zlo\u010dina, nacionalisti\u010dka retorika, govor mr\u017enje i sistemska diskriminacija ponovno prijete osnovama slobodnog i demokratskog dru\u0161tva.<\/p>\n<p>Danas, vi\u0161e nego ikada, moramo biti budni, solidarni i odlu\u010dni. Borba za antifa\u0161isti\u010dke vrijednosti nije zavr\u0161ena \u2013 ona se vodi u \u0161kolama, na ulicama, u institucijama, u svakodnevnim gestama otpora i humanosti.<\/p>\n<p>U ime Op\u0107inske organizacije SDP BiH Te\u0161anj svim gra\u0111anima na\u0161e Op\u0107ine i Bosne i Hercegovine \u017eelim \u010destitati 27. juli \u2013 Dan ustanka naroda BiH.<\/p>\n<p><strong>SMRT FA\u0160IZMU \u2013 SLOBODA NAROU<\/strong><strong>!&nbsp;&nbsp;&nbsp;&nbsp;&nbsp;&nbsp;&nbsp;&nbsp;&nbsp;&nbsp;&nbsp;&nbsp;&nbsp;&nbsp;&nbsp;&nbsp; &nbsp;&nbsp;&nbsp;&nbsp;&nbsp;&nbsp;&nbsp;&nbsp;&nbsp;&nbsp;&nbsp;&nbsp;&nbsp;&nbsp;&nbsp;&nbsp;&nbsp;&nbsp;&nbsp;&nbsp;&nbsp;&nbsp;&nbsp;&nbsp;&nbsp;&nbsp;&nbsp;&nbsp;&nbsp;&nbsp;&nbsp;&nbsp;&nbsp;&nbsp;&nbsp;&nbsp;&nbsp;&nbsp;&nbsp;&nbsp;&nbsp;&nbsp;&nbsp;&nbsp;&nbsp;&nbsp;&nbsp;&nbsp;&nbsp;&nbsp;&nbsp;&nbsp;&nbsp;&nbsp;&nbsp;&nbsp;&nbsp;&nbsp;&nbsp;&nbsp;&nbsp;&nbsp;&nbsp;&nbsp;&nbsp;&nbsp;&nbsp;&nbsp;&nbsp;&nbsp;&nbsp;&nbsp;&nbsp;&nbsp;&nbsp;&nbsp;&nbsp;&nbsp;&nbsp;&nbsp;&nbsp;&nbsp;&nbsp;&nbsp;&nbsp;&nbsp;&nbsp;&nbsp;<\/strong><\/p>\n<p style=\"text-align: right;\"><strong>&nbsp;&nbsp;&nbsp;&nbsp;&nbsp;&nbsp;&nbsp;&nbsp;&nbsp;&nbsp;&nbsp;&nbsp;&nbsp;&nbsp;&nbsp;&nbsp;&nbsp;&nbsp;&nbsp;&nbsp;&nbsp;&nbsp;&nbsp;&nbsp;&nbsp;&nbsp;&nbsp;&nbsp;&nbsp;&nbsp;&nbsp;&nbsp;&nbsp;&nbsp;&nbsp;&nbsp;&nbsp;&nbsp;&nbsp;&nbsp;&nbsp;&nbsp;&nbsp;&nbsp;&nbsp;&nbsp;&nbsp;&nbsp;&nbsp;&nbsp;&nbsp;&nbsp;&nbsp; Predsjednik OO SDP BiH Te\u0161anj<br \/>\n&nbsp;&nbsp;&nbsp;&nbsp;&nbsp;&nbsp;&nbsp;&nbsp;&nbsp;&nbsp;&nbsp;&nbsp;&nbsp;&nbsp;&nbsp;&nbsp;&nbsp;&nbsp;&nbsp;&nbsp;&nbsp;&nbsp;&nbsp;&nbsp;&nbsp;&nbsp;&nbsp;&nbsp;&nbsp;&nbsp;&nbsp;&nbsp;&nbsp;&nbsp;&nbsp;&nbsp;&nbsp;&nbsp;&nbsp;&nbsp;&nbsp;&nbsp;&nbsp;&nbsp;&nbsp;&nbsp; &nbsp;&nbsp;&nbsp;&nbsp;&nbsp;&nbsp;&nbsp;&nbsp;&nbsp;&nbsp;&nbsp;&nbsp;&nbsp;&nbsp;Senad S. Suba\u0161i\u0107<\/strong><\/p>\n","protected":false},"excerpt":{"rendered":"<p>Danas, 27. jula, s ponosom obilje\u017eavamo Dan ustanka naroda i narodnosti Bosne i Hercegovine \u2013 dan kada su se 1941. godine na\u0161i preci odlu\u010dno suprotstavili fa\u0161izmu, okupaciji i teroru, bore\u0107i se za slobodu, jednakost i pravo na dostojanstven \u017eivot. Na dana\u0161nji dan prisje\u0107amo se hrabrosti partizanki i partizana, boraca i borkinja Narodnooslobodila\u010dke borbe, kao i [&hellip;]<\/p>\n","protected":false},"author":2,"featured_media":0,"comment_status":"closed","ping_status":"closed","sticky":false,"template":"","format":"standard","meta":{"ngg_post_thumbnail":0,"footnotes":""},"categories":[3],"tags":[],"class_list":["post-6218","post","type-post","status-publish","format-standard","hentry","category-vijesti"],"_links":{"self":[{"href":"https:\/\/sdp-tesanj.org\/bs\/wp-json\/wp\/v2\/posts\/6218","targetHints":{"allow":["GET"]}}],"collection":[{"href":"https:\/\/sdp-tesanj.org\/bs\/wp-json\/wp\/v2\/posts"}],"about":[{"href":"https:\/\/sdp-tesanj.org\/bs\/wp-json\/wp\/v2\/types\/post"}],"author":[{"embeddable":true,"href":"https:\/\/sdp-tesanj.org\/bs\/wp-json\/wp\/v2\/users\/2"}],"replies":[{"embeddable":true,"href":"https:\/\/sdp-tesanj.org\/bs\/wp-json\/wp\/v2\/comments?post=6218"}],"version-history":[{"count":1,"href":"https:\/\/sdp-tesanj.org\/bs\/wp-json\/wp\/v2\/posts\/6218\/revisions"}],"predecessor-version":[{"id":6220,"href":"https:\/\/sdp-tesanj.org\/bs\/wp-json\/wp\/v2\/posts\/6218\/revisions\/6220"}],"wp:attachment":[{"href":"https:\/\/sdp-tesanj.org\/bs\/wp-json\/wp\/v2\/media?parent=6218"}],"wp:term":[{"taxonomy":"category","embeddable":true,"href":"https:\/\/sdp-tesanj.org\/bs\/wp-json\/wp\/v2\/categories?post=6218"},{"taxonomy":"post_tag","embeddable":true,"href":"https:\/\/sdp-tesanj.org\/bs\/wp-json\/wp\/v2\/tags?post=6218"}],"curies":[{"name":"wp","href":"https:\/\/api.w.org\/{rel}","templated":true}]}}