{"id":6214,"date":"2025-06-06T09:53:29","date_gmt":"2025-06-06T07:53:29","guid":{"rendered":"https:\/\/sdp-tesanj.org\/bs\/?p=6214"},"modified":"2025-06-06T09:53:29","modified_gmt":"2025-06-06T07:53:29","slug":"bajramska-cestitka-oo-sdp-bih-tesanj-6","status":"publish","type":"post","link":"https:\/\/sdp-tesanj.org\/bs\/bajramska-cestitka-oo-sdp-bih-tesanj-6\/","title":{"rendered":"Bajramska \u010destitka OO SDP BiH Te\u0161anj"},"content":{"rendered":"<div id=\"attachment_5566\" style=\"width: 263px\" class=\"wp-caption alignleft\"><img loading=\"lazy\" decoding=\"async\" aria-describedby=\"caption-attachment-5566\" class=\"wp-image-5566\" src=\"https:\/\/sdp-tesanj.org\/bs\/wp-content\/uploads\/Bajram-2021-640x360.jpg\" alt=\"Bajram\" width=\"253\" height=\"142\" srcset=\"https:\/\/sdp-tesanj.org\/bs\/wp-content\/uploads\/Bajram-2021-640x360.jpg 640w, https:\/\/sdp-tesanj.org\/bs\/wp-content\/uploads\/Bajram-2021-960x540.jpg 960w, https:\/\/sdp-tesanj.org\/bs\/wp-content\/uploads\/Bajram-2021-768x432.jpg 768w, https:\/\/sdp-tesanj.org\/bs\/wp-content\/uploads\/Bajram-2021-1536x864.jpg 1536w, https:\/\/sdp-tesanj.org\/bs\/wp-content\/uploads\/Bajram-2021.jpg 1920w\" sizes=\"auto, (max-width: 253px) 100vw, 253px\" \/><p id=\"caption-attachment-5566\" class=\"wp-caption-text\">Bajram<\/p><\/div>\n<p>U ime Op\u0107inske organizacije SDP BiH Te\u0161anj i u svoje osobno ime, svim vjernicima islamske vjeroispovijesti u Bosni i Hercegovini, a posebno na\u0161im sugra\u0111anima iz Op\u0107ine Te\u0161anj i susjednih op\u0107ina, upu\u0107ujem iskrene \u010destitke povodom nastupaju\u0107ih mubarek dana Kurban-bajrama.<\/p>\n<p>Neka ovi Bajramski dani budu ispunjeni duhom na\u0161e lijepe tradicije i obi\u010daja, da ih provedete u sre\u0107i, veselju, dijele\u0107i radost sa svojim najdra\u017eima, rodbinom, kom\u0161ijama i prijateljima.<!--more--><\/p>\n<p>Iskoristimo ove mubarek dane kako bismo oja\u010dali na\u0161e ljudske i duhovne vrijednosti, te nastavili graditi jedinstvo u razli\u010ditosti.<\/p>\n<p><strong>&nbsp;<\/strong><\/p>\n<p style=\"text-align: center;\"><strong>BAJRAM \u0160ERIF MUBAREK OLSUN!<\/strong><\/p>\n<p><strong>&nbsp;<\/strong><\/p>\n<p><strong>&nbsp;<\/strong><\/p>\n<p style=\"text-align: right;\"><strong>&nbsp;&nbsp;&nbsp;&nbsp;&nbsp;&nbsp;&nbsp;&nbsp;&nbsp;&nbsp;&nbsp;&nbsp;&nbsp;&nbsp;&nbsp;&nbsp;&nbsp;&nbsp;&nbsp;&nbsp;&nbsp;&nbsp;&nbsp;&nbsp;&nbsp;&nbsp;&nbsp;&nbsp;&nbsp;&nbsp;&nbsp;&nbsp;&nbsp;&nbsp;&nbsp;&nbsp;&nbsp;&nbsp;&nbsp;&nbsp; &nbsp;&nbsp;&nbsp;&nbsp;&nbsp;&nbsp;&nbsp;&nbsp;&nbsp;&nbsp;&nbsp;&nbsp;&nbsp;&nbsp;&nbsp;&nbsp;&nbsp;&nbsp;&nbsp;&nbsp;Predsjednik OO SDP BiH Te\u0161anj<br \/>\n&nbsp;&nbsp;&nbsp;&nbsp;&nbsp;&nbsp;&nbsp;&nbsp;&nbsp;&nbsp;&nbsp;&nbsp;&nbsp;&nbsp;&nbsp;&nbsp;&nbsp;&nbsp;&nbsp;&nbsp;&nbsp;&nbsp;&nbsp;&nbsp;&nbsp;&nbsp;&nbsp;&nbsp;&nbsp;&nbsp;&nbsp;&nbsp;&nbsp;&nbsp;&nbsp;&nbsp; &nbsp;&nbsp;&nbsp;&nbsp;&nbsp;&nbsp;&nbsp;&nbsp;&nbsp;&nbsp;&nbsp;&nbsp;&nbsp;&nbsp;&nbsp;&nbsp;&nbsp;&nbsp;&nbsp;&nbsp;&nbsp;&nbsp;&nbsp;&nbsp;Senad S. Suba\u0161i\u0107<\/strong><\/p>\n","protected":false},"excerpt":{"rendered":"<p>U ime Op\u0107inske organizacije SDP BiH Te\u0161anj i u svoje osobno ime, svim vjernicima islamske vjeroispovijesti u Bosni i Hercegovini, a posebno na\u0161im sugra\u0111anima iz Op\u0107ine Te\u0161anj i susjednih op\u0107ina, upu\u0107ujem iskrene \u010destitke povodom nastupaju\u0107ih mubarek dana Kurban-bajrama. Neka ovi Bajramski dani budu ispunjeni duhom na\u0161e lijepe tradicije i obi\u010daja, da ih provedete u sre\u0107i, [&hellip;]<\/p>\n","protected":false},"author":2,"featured_media":0,"comment_status":"closed","ping_status":"closed","sticky":false,"template":"","format":"standard","meta":{"ngg_post_thumbnail":0,"footnotes":""},"categories":[3],"tags":[],"class_list":["post-6214","post","type-post","status-publish","format-standard","hentry","category-vijesti"],"_links":{"self":[{"href":"https:\/\/sdp-tesanj.org\/bs\/wp-json\/wp\/v2\/posts\/6214","targetHints":{"allow":["GET"]}}],"collection":[{"href":"https:\/\/sdp-tesanj.org\/bs\/wp-json\/wp\/v2\/posts"}],"about":[{"href":"https:\/\/sdp-tesanj.org\/bs\/wp-json\/wp\/v2\/types\/post"}],"author":[{"embeddable":true,"href":"https:\/\/sdp-tesanj.org\/bs\/wp-json\/wp\/v2\/users\/2"}],"replies":[{"embeddable":true,"href":"https:\/\/sdp-tesanj.org\/bs\/wp-json\/wp\/v2\/comments?post=6214"}],"version-history":[{"count":1,"href":"https:\/\/sdp-tesanj.org\/bs\/wp-json\/wp\/v2\/posts\/6214\/revisions"}],"predecessor-version":[{"id":6215,"href":"https:\/\/sdp-tesanj.org\/bs\/wp-json\/wp\/v2\/posts\/6214\/revisions\/6215"}],"wp:attachment":[{"href":"https:\/\/sdp-tesanj.org\/bs\/wp-json\/wp\/v2\/media?parent=6214"}],"wp:term":[{"taxonomy":"category","embeddable":true,"href":"https:\/\/sdp-tesanj.org\/bs\/wp-json\/wp\/v2\/categories?post=6214"},{"taxonomy":"post_tag","embeddable":true,"href":"https:\/\/sdp-tesanj.org\/bs\/wp-json\/wp\/v2\/tags?post=6214"}],"curies":[{"name":"wp","href":"https:\/\/api.w.org\/{rel}","templated":true}]}}