{"id":6210,"date":"2025-04-30T13:09:32","date_gmt":"2025-04-30T11:09:32","guid":{"rendered":"https:\/\/sdp-tesanj.org\/bs\/?p=6210"},"modified":"2025-04-30T13:09:32","modified_gmt":"2025-04-30T11:09:32","slug":"cestitka-u-povodu-1-maja-2","status":"publish","type":"post","link":"https:\/\/sdp-tesanj.org\/bs\/cestitka-u-povodu-1-maja-2\/","title":{"rendered":"\u010cestitka u povodu 1. maja"},"content":{"rendered":"<div id=\"attachment_6211\" style=\"width: 263px\" class=\"wp-caption alignleft\"><img loading=\"lazy\" decoding=\"async\" aria-describedby=\"caption-attachment-6211\" class=\"wp-image-6211\" src=\"https:\/\/sdp-tesanj.org\/bs\/wp-content\/uploads\/481265357_1212237460264947_1864923801341131154_n-640x563.jpg\" alt=\"Sretan 1. maj\" width=\"253\" height=\"222\" srcset=\"https:\/\/sdp-tesanj.org\/bs\/wp-content\/uploads\/481265357_1212237460264947_1864923801341131154_n-640x563.jpg 640w, https:\/\/sdp-tesanj.org\/bs\/wp-content\/uploads\/481265357_1212237460264947_1864923801341131154_n-768x675.jpg 768w, https:\/\/sdp-tesanj.org\/bs\/wp-content\/uploads\/481265357_1212237460264947_1864923801341131154_n.jpg 920w\" sizes=\"auto, (max-width: 253px) 100vw, 253px\" \/><p id=\"caption-attachment-6211\" class=\"wp-caption-text\">Sretan 1. maj<\/p><\/div>\n<p>Prvi&nbsp; maj \u2013 Me\u0111unarodni praznik rada prilika je da se prisjetimo historijske i nikad zavr\u0161ene borbe radnika: za bolje i pravednije uslove na radom mjestu, za dostojanstvenu platu, &nbsp;protiv bilo kojeg oblika radni\u010dkog izrabljivanja i ugnjetavanja,protiv izrabljivanja dje\u010dije radni\u010dke snage, za jednak status i jednaku platu \u017eene, radnice,i u kona\u010dnici podsje\u0107a nas na vrijednost \u010dovjekovog rada i mogu\u0107nost stvaranja.<!--more--><\/p>\n<p>SDP je uvijek na strani radnika, to je na\u0161a jedina tradicija i ideologija!<\/p>\n<p>Neprestano se borimo za \u010dovjeka, njegovo dostojanstvo i bolje \u017eivotne uslove.<\/p>\n<p>Na\u0161e opredjeljenost za podr\u0161ku unapre\u0111enju polo\u017eaja radnika potvr\u0111ena je pove\u0107anjem minimalne plate, te smanjenjem poreskog optere\u0111enja na platu u FBiH. \u0160to je prvo smanjenje stope doprinosa u posljednjih 20 godina, a dodatna poreska rastere\u0107enja se o\u010dekuju od naredne godine.<\/p>\n<p>U ime OO SDP BiH Te\u0161anj svim radnicima, \u010dlanovima radni\u010dkih porodica i \u010dlanovima sindikalnih organizacija, kao i svim gra\u0111anima koji Prvi maj &#8211; Me\u0111unarodni praznik rada do\u017eivljavaju istinskim simbolom borbe za prava svakog \u010dovjeka, upu\u0107ujemo iskrene \u010destitke sa \u017eeljom da \u017eivimo u dru\u0161tvu u kojem \u0107e svako imati pravo da radi i \u017eivi od svog rada.<\/p>\n<p>&nbsp;<\/p>\n<p style=\"text-align: right;\">&nbsp;&nbsp;&nbsp;&nbsp;&nbsp;&nbsp;&nbsp;&nbsp;&nbsp;&nbsp;&nbsp;&nbsp;&nbsp;&nbsp;&nbsp;&nbsp;&nbsp;&nbsp;&nbsp;&nbsp;&nbsp;&nbsp;&nbsp;&nbsp;&nbsp;&nbsp;&nbsp;&nbsp;&nbsp;&nbsp;&nbsp;&nbsp;&nbsp;&nbsp;&nbsp;&nbsp;&nbsp;&nbsp;&nbsp;&nbsp;&nbsp;&nbsp;&nbsp;&nbsp;&nbsp;&nbsp;&nbsp;&nbsp;&nbsp;&nbsp;&nbsp;&nbsp;&nbsp;&nbsp;&nbsp; &nbsp;&nbsp;&nbsp;&nbsp;&nbsp;&nbsp;&nbsp;&nbsp;&nbsp;&nbsp;&nbsp;&nbsp;&nbsp;&nbsp;&nbsp;&nbsp;&nbsp;&nbsp;&nbsp;&nbsp;&nbsp;&nbsp;&nbsp;&nbsp;<strong>Predsjednik OO SDP BiH &nbsp;Te\u0161anj<br \/>\nSenad S. Suba\u0161i\u0107<\/strong><\/p>\n","protected":false},"excerpt":{"rendered":"<p>Prvi&nbsp; maj \u2013 Me\u0111unarodni praznik rada prilika je da se prisjetimo historijske i nikad zavr\u0161ene borbe radnika: za bolje i pravednije uslove na radom mjestu, za dostojanstvenu platu, &nbsp;protiv bilo kojeg oblika radni\u010dkog izrabljivanja i ugnjetavanja,protiv izrabljivanja dje\u010dije radni\u010dke snage, za jednak status i jednaku platu \u017eene, radnice,i u kona\u010dnici podsje\u0107a nas na vrijednost \u010dovjekovog [&hellip;]<\/p>\n","protected":false},"author":2,"featured_media":0,"comment_status":"closed","ping_status":"closed","sticky":false,"template":"","format":"standard","meta":{"ngg_post_thumbnail":0,"footnotes":""},"categories":[3],"tags":[],"class_list":["post-6210","post","type-post","status-publish","format-standard","hentry","category-vijesti"],"_links":{"self":[{"href":"https:\/\/sdp-tesanj.org\/bs\/wp-json\/wp\/v2\/posts\/6210","targetHints":{"allow":["GET"]}}],"collection":[{"href":"https:\/\/sdp-tesanj.org\/bs\/wp-json\/wp\/v2\/posts"}],"about":[{"href":"https:\/\/sdp-tesanj.org\/bs\/wp-json\/wp\/v2\/types\/post"}],"author":[{"embeddable":true,"href":"https:\/\/sdp-tesanj.org\/bs\/wp-json\/wp\/v2\/users\/2"}],"replies":[{"embeddable":true,"href":"https:\/\/sdp-tesanj.org\/bs\/wp-json\/wp\/v2\/comments?post=6210"}],"version-history":[{"count":1,"href":"https:\/\/sdp-tesanj.org\/bs\/wp-json\/wp\/v2\/posts\/6210\/revisions"}],"predecessor-version":[{"id":6212,"href":"https:\/\/sdp-tesanj.org\/bs\/wp-json\/wp\/v2\/posts\/6210\/revisions\/6212"}],"wp:attachment":[{"href":"https:\/\/sdp-tesanj.org\/bs\/wp-json\/wp\/v2\/media?parent=6210"}],"wp:term":[{"taxonomy":"category","embeddable":true,"href":"https:\/\/sdp-tesanj.org\/bs\/wp-json\/wp\/v2\/categories?post=6210"},{"taxonomy":"post_tag","embeddable":true,"href":"https:\/\/sdp-tesanj.org\/bs\/wp-json\/wp\/v2\/tags?post=6210"}],"curies":[{"name":"wp","href":"https:\/\/api.w.org\/{rel}","templated":true}]}}