{"id":6202,"date":"2025-04-20T10:30:54","date_gmt":"2025-04-20T08:30:54","guid":{"rendered":"https:\/\/sdp-tesanj.org\/bs\/?p=6202"},"modified":"2025-04-20T10:30:54","modified_gmt":"2025-04-20T08:30:54","slug":"uskrsnja-i-vaskrsnja-cestitka-oosdpbih-tesanj","status":"publish","type":"post","link":"https:\/\/sdp-tesanj.org\/bs\/uskrsnja-i-vaskrsnja-cestitka-oosdpbih-tesanj\/","title":{"rendered":"Uskr\u0161nja i Vaskr\u0161nja \u010destitka OOSDPBiH Te\u0161anj"},"content":{"rendered":"<div id=\"attachment_6203\" style=\"width: 263px\" class=\"wp-caption alignleft\"><img loading=\"lazy\" decoding=\"async\" aria-describedby=\"caption-attachment-6203\" class=\"wp-image-6203\" src=\"https:\/\/sdp-tesanj.org\/bs\/wp-content\/uploads\/465800921_9117832084916832_6072195372347621821_n-640x640.jpg\" alt=\"Sretan Uskrs i Vaskrs\" width=\"253\" height=\"253\" srcset=\"https:\/\/sdp-tesanj.org\/bs\/wp-content\/uploads\/465800921_9117832084916832_6072195372347621821_n-640x640.jpg 640w, https:\/\/sdp-tesanj.org\/bs\/wp-content\/uploads\/465800921_9117832084916832_6072195372347621821_n-150x150.jpg 150w, https:\/\/sdp-tesanj.org\/bs\/wp-content\/uploads\/465800921_9117832084916832_6072195372347621821_n-768x768.jpg 768w, https:\/\/sdp-tesanj.org\/bs\/wp-content\/uploads\/465800921_9117832084916832_6072195372347621821_n.jpg 960w\" sizes=\"auto, (max-width: 253px) 100vw, 253px\" \/><p id=\"caption-attachment-6203\" class=\"wp-caption-text\">Sretan Uskrs i Vaskrs<\/p><\/div>\n<p>Ovaj poseban trenutak, kada svi hri\u0161\u0107ani, zajedno do\u010dekuju najve\u0107i hri\u0161\u0107anski praznik Uskrs\/ Vaskrs, &nbsp;prilika je da po\u0161tuju\u0107i me\u0111usobne razlike se podsjetimo zajedni\u010dkih vrijednosti svakog \u010dovjeka \u2013 vrijednosti dobrote i me\u0111usobnog uva\u017eavanja.<\/p>\n<p>Uskrs nas podsje\u0107a da istina i pravda uvijek na\u0111u svoj put i u\u010di nas solidarnosti i toleranciji. Zato \u010duvajmo svoje bli\u017enje, po\u0161tujmo druge i druga\u010dije, gradimo me\u0111usobno povjerenje i razumjevanje te pravednije dru\u0161tvo.<!--more--><\/p>\n<p>U ime Op\u0107inske organizacije SDP BiH Te\u0161anj i svoje osobno, svim hri\u0161\u0107anima u Bosni i Hercegovini, a posebno na\u0161im kom\u0161ijama na podru\u010dju Op\u0107ine Te\u0161anj i susjednih Op\u0107ina upu\u0107ujem iskrene \u010destitke u povodu nadolaze\u0107eg praznika uz \u017eelje da&nbsp; predstoje\u0107e prazni\u010dne dane provedete u sre\u0107i i zdravlju sa svojim najmilijima.<\/p>\n<p>&nbsp;<\/p>\n<p style=\"text-align: right;\">&nbsp;&nbsp;&nbsp;&nbsp;&nbsp;&nbsp;&nbsp;&nbsp;&nbsp;&nbsp;&nbsp;&nbsp;&nbsp;&nbsp;&nbsp;&nbsp;&nbsp;&nbsp;&nbsp;&nbsp;&nbsp;&nbsp;&nbsp;&nbsp;&nbsp;&nbsp;&nbsp;&nbsp;&nbsp;&nbsp;&nbsp; &nbsp;&nbsp;&nbsp;&nbsp;&nbsp;&nbsp;&nbsp;&nbsp;&nbsp;&nbsp;&nbsp;&nbsp;&nbsp;&nbsp;&nbsp;&nbsp;&nbsp;&nbsp;&nbsp;&nbsp;&nbsp;&nbsp;&nbsp; Predsjednik&nbsp; OO SDP BiH Te\u0161anj<br \/>\nSenad S. Suba\u0161i\u0107<\/p>\n","protected":false},"excerpt":{"rendered":"<p>Ovaj poseban trenutak, kada svi hri\u0161\u0107ani, zajedno do\u010dekuju najve\u0107i hri\u0161\u0107anski praznik Uskrs\/ Vaskrs, &nbsp;prilika je da po\u0161tuju\u0107i me\u0111usobne razlike se podsjetimo zajedni\u010dkih vrijednosti svakog \u010dovjeka \u2013 vrijednosti dobrote i me\u0111usobnog uva\u017eavanja. Uskrs nas podsje\u0107a da istina i pravda uvijek na\u0111u svoj put i u\u010di nas solidarnosti i toleranciji. Zato \u010duvajmo svoje bli\u017enje, po\u0161tujmo druge i [&hellip;]<\/p>\n","protected":false},"author":2,"featured_media":0,"comment_status":"closed","ping_status":"closed","sticky":false,"template":"","format":"standard","meta":{"ngg_post_thumbnail":0,"footnotes":""},"categories":[3],"tags":[],"class_list":["post-6202","post","type-post","status-publish","format-standard","hentry","category-vijesti"],"_links":{"self":[{"href":"https:\/\/sdp-tesanj.org\/bs\/wp-json\/wp\/v2\/posts\/6202","targetHints":{"allow":["GET"]}}],"collection":[{"href":"https:\/\/sdp-tesanj.org\/bs\/wp-json\/wp\/v2\/posts"}],"about":[{"href":"https:\/\/sdp-tesanj.org\/bs\/wp-json\/wp\/v2\/types\/post"}],"author":[{"embeddable":true,"href":"https:\/\/sdp-tesanj.org\/bs\/wp-json\/wp\/v2\/users\/2"}],"replies":[{"embeddable":true,"href":"https:\/\/sdp-tesanj.org\/bs\/wp-json\/wp\/v2\/comments?post=6202"}],"version-history":[{"count":1,"href":"https:\/\/sdp-tesanj.org\/bs\/wp-json\/wp\/v2\/posts\/6202\/revisions"}],"predecessor-version":[{"id":6204,"href":"https:\/\/sdp-tesanj.org\/bs\/wp-json\/wp\/v2\/posts\/6202\/revisions\/6204"}],"wp:attachment":[{"href":"https:\/\/sdp-tesanj.org\/bs\/wp-json\/wp\/v2\/media?parent=6202"}],"wp:term":[{"taxonomy":"category","embeddable":true,"href":"https:\/\/sdp-tesanj.org\/bs\/wp-json\/wp\/v2\/categories?post=6202"},{"taxonomy":"post_tag","embeddable":true,"href":"https:\/\/sdp-tesanj.org\/bs\/wp-json\/wp\/v2\/tags?post=6202"}],"curies":[{"name":"wp","href":"https:\/\/api.w.org\/{rel}","templated":true}]}}