{"id":6198,"date":"2025-04-14T15:44:12","date_gmt":"2025-04-14T13:44:12","guid":{"rendered":"https:\/\/sdp-tesanj.org\/bs\/?p=6198"},"modified":"2025-04-14T15:44:12","modified_gmt":"2025-04-14T13:44:12","slug":"cestitka-povodom-15-aprila-dana-armije-rbih-6","status":"publish","type":"post","link":"https:\/\/sdp-tesanj.org\/bs\/cestitka-povodom-15-aprila-dana-armije-rbih-6\/","title":{"rendered":"\u010cestitka povodom 15. aprila &#8211; Dana Armije RBiH"},"content":{"rendered":"<div id=\"attachment_5745\" style=\"width: 263px\" class=\"wp-caption alignleft\"><img loading=\"lazy\" decoding=\"async\" aria-describedby=\"caption-attachment-5745\" class=\"wp-image-5745\" src=\"https:\/\/sdp-tesanj.org\/bs\/wp-content\/uploads\/278461414_552632696225430_8011849930858242152_n-640x640.jpg\" alt=\"15. april - Dan Armije RBiH\" width=\"253\" height=\"253\" srcset=\"https:\/\/sdp-tesanj.org\/bs\/wp-content\/uploads\/278461414_552632696225430_8011849930858242152_n-640x640.jpg 640w, https:\/\/sdp-tesanj.org\/bs\/wp-content\/uploads\/278461414_552632696225430_8011849930858242152_n-150x150.jpg 150w, https:\/\/sdp-tesanj.org\/bs\/wp-content\/uploads\/278461414_552632696225430_8011849930858242152_n-768x768.jpg 768w, https:\/\/sdp-tesanj.org\/bs\/wp-content\/uploads\/278461414_552632696225430_8011849930858242152_n.jpg 960w\" sizes=\"auto, (max-width: 253px) 100vw, 253px\" \/><p id=\"caption-attachment-5745\" class=\"wp-caption-text\">15. april &#8211; Dan Armije RBiH<\/p><\/div>\n<p>U ime Op\u0107inske organizacije Socijaldemokratske partije Bosne i Hercegovine Te\u0161anj, kao i u svoje li\u010dno ime, svim gra\u0111ankama i gra\u0111anima op\u0107ine Te\u0161anj, posebno \u010dlanovima \u0161ehidskih porodica, porodicama poginulih boraca, ratnim vojnim invalidima, demobilisanim borcima i pripadnicima Oru\u017eanih snaga Bosne i Hercegovine, \u010destitam 15. april &#8211; Dan Armije RBiH.<\/p>\n<p>Ovaj datum je jedan od najzna\u010dajnijih u historiji na\u0161e dr\u017eave, koju su pripadnici Armije hrabro i \u010dasno branili i odbranili. Armija RBiH simbolizira pri\u010du o poznatim i nepoznatim junacima, o stotinama heroja, na\u0161im \u0161ehidima i palim borcima, te o svim gra\u0111anima BiH koji su se borili za pravo na \u017eivot i opstanak pod suncem bosanskim.<!--more--><\/p>\n<p>To je pri\u010da koja zaslu\u017euje da se prepri\u010dava svaki dan, a ne samo na godi\u0161njice. Na\u0161a stalna obaveza je da budemo dostojni \u017ertava koje su pripadnici ARBiH hrabro i nesebi\u010dno podnijeli za slobodu i \u017eivot koji danas u\u017eivamo.<\/p>\n<p style=\"text-align: right;\">&nbsp;&nbsp;&nbsp;&nbsp;&nbsp;&nbsp;&nbsp;&nbsp;&nbsp;&nbsp;&nbsp;&nbsp;&nbsp;&nbsp;&nbsp;&nbsp;&nbsp;&nbsp;&nbsp;&nbsp;&nbsp;&nbsp;&nbsp;&nbsp;&nbsp;&nbsp;&nbsp;&nbsp;&nbsp;&nbsp;&nbsp;&nbsp;&nbsp;&nbsp;&nbsp;&nbsp;&nbsp;&nbsp;&nbsp;&nbsp;&nbsp;&nbsp;&nbsp;&nbsp; Predjednik OOSDPBiH Te\u0161anj<br \/>\n&nbsp;&nbsp;&nbsp;&nbsp;&nbsp;&nbsp;&nbsp;&nbsp;&nbsp;&nbsp;&nbsp;&nbsp;&nbsp;&nbsp;&nbsp;&nbsp;&nbsp;&nbsp;&nbsp;&nbsp;&nbsp;&nbsp;&nbsp;&nbsp;&nbsp;&nbsp;&nbsp;&nbsp;&nbsp;&nbsp;&nbsp;&nbsp;&nbsp;&nbsp;&nbsp;&nbsp;&nbsp;&nbsp;&nbsp;&nbsp;&nbsp;&nbsp;&nbsp;&nbsp;&nbsp;&nbsp;&nbsp; Senad S. Suba\u0161i\u0107<\/p>\n","protected":false},"excerpt":{"rendered":"<p>U ime Op\u0107inske organizacije Socijaldemokratske partije Bosne i Hercegovine Te\u0161anj, kao i u svoje li\u010dno ime, svim gra\u0111ankama i gra\u0111anima op\u0107ine Te\u0161anj, posebno \u010dlanovima \u0161ehidskih porodica, porodicama poginulih boraca, ratnim vojnim invalidima, demobilisanim borcima i pripadnicima Oru\u017eanih snaga Bosne i Hercegovine, \u010destitam 15. april &#8211; Dan Armije RBiH. Ovaj datum je jedan od najzna\u010dajnijih u [&hellip;]<\/p>\n","protected":false},"author":2,"featured_media":0,"comment_status":"closed","ping_status":"closed","sticky":false,"template":"","format":"standard","meta":{"ngg_post_thumbnail":0,"footnotes":""},"categories":[3],"tags":[],"class_list":["post-6198","post","type-post","status-publish","format-standard","hentry","category-vijesti"],"_links":{"self":[{"href":"https:\/\/sdp-tesanj.org\/bs\/wp-json\/wp\/v2\/posts\/6198","targetHints":{"allow":["GET"]}}],"collection":[{"href":"https:\/\/sdp-tesanj.org\/bs\/wp-json\/wp\/v2\/posts"}],"about":[{"href":"https:\/\/sdp-tesanj.org\/bs\/wp-json\/wp\/v2\/types\/post"}],"author":[{"embeddable":true,"href":"https:\/\/sdp-tesanj.org\/bs\/wp-json\/wp\/v2\/users\/2"}],"replies":[{"embeddable":true,"href":"https:\/\/sdp-tesanj.org\/bs\/wp-json\/wp\/v2\/comments?post=6198"}],"version-history":[{"count":1,"href":"https:\/\/sdp-tesanj.org\/bs\/wp-json\/wp\/v2\/posts\/6198\/revisions"}],"predecessor-version":[{"id":6200,"href":"https:\/\/sdp-tesanj.org\/bs\/wp-json\/wp\/v2\/posts\/6198\/revisions\/6200"}],"wp:attachment":[{"href":"https:\/\/sdp-tesanj.org\/bs\/wp-json\/wp\/v2\/media?parent=6198"}],"wp:term":[{"taxonomy":"category","embeddable":true,"href":"https:\/\/sdp-tesanj.org\/bs\/wp-json\/wp\/v2\/categories?post=6198"},{"taxonomy":"post_tag","embeddable":true,"href":"https:\/\/sdp-tesanj.org\/bs\/wp-json\/wp\/v2\/tags?post=6198"}],"curies":[{"name":"wp","href":"https:\/\/api.w.org\/{rel}","templated":true}]}}