{"id":6192,"date":"2025-04-04T09:35:46","date_gmt":"2025-04-04T07:35:46","guid":{"rendered":"https:\/\/sdp-tesanj.org\/bs\/?p=6192"},"modified":"2025-04-04T09:40:55","modified_gmt":"2025-04-04T07:40:55","slug":"sretan-4-april-dan-otpora-opcine-tesanj-fasizmu-2","status":"publish","type":"post","link":"https:\/\/sdp-tesanj.org\/bs\/sretan-4-april-dan-otpora-opcine-tesanj-fasizmu-2\/","title":{"rendered":"Sretan 4. april \u2013 Dan otpora op\u0107ine Te\u0161anj fa\u0161izmu"},"content":{"rendered":"<div id=\"attachment_5740\" style=\"width: 263px\" class=\"wp-caption alignleft\"><img loading=\"lazy\" decoding=\"async\" aria-describedby=\"caption-attachment-5740\" class=\"wp-image-5740\" src=\"https:\/\/sdp-tesanj.org\/bs\/wp-content\/uploads\/tesanj-2-1-640x384.jpg\" alt=\"4. april\" width=\"253\" height=\"152\" srcset=\"https:\/\/sdp-tesanj.org\/bs\/wp-content\/uploads\/tesanj-2-1-640x384.jpg 640w, https:\/\/sdp-tesanj.org\/bs\/wp-content\/uploads\/tesanj-2-1-960x576.jpg 960w, https:\/\/sdp-tesanj.org\/bs\/wp-content\/uploads\/tesanj-2-1-768x461.jpg 768w, https:\/\/sdp-tesanj.org\/bs\/wp-content\/uploads\/tesanj-2-1.jpg 1280w\" sizes=\"auto, (max-width: 253px) 100vw, 253px\" \/><p id=\"caption-attachment-5740\" class=\"wp-caption-text\">4. april<\/p><\/div>\n<p>Danas kada obilje\u017eavamo op\u0107inski praznik 4. april \u2013 Dan otpora op\u0107ine Te\u0161anj fa\u0161izmu, a koji se obilje\u017eava u sje\u0107anje na &nbsp;postrojavanja prvih jedinica TO op\u0107ine Te\u0161anj.<\/p>\n<p>Ponosni smo na na\u0161u antifa\u0161isti\u010dku tradiciju i na te\u017enje naroda ovog kraja da \u017eive u jedinstvu i slobodi. Zbog onih koji su nesebi\u010dno dali svoje \u017eivote, imamo obavezu da ne skrenemo s puta koji su nam svojom \u017ertvom zacrtali .<!--more--><\/p>\n<p>Op\u0107ina Te\u0161anj i njeni gra\u0111ani vjeruju u izgradnju pravednijeg i prosperitetnijeg dru\u0161tva. Zajedno radimo na napretku na\u0161e op\u0107ine i cijele Bosne i Hercegovine.<\/p>\n<p>Svim gra\u0111ankama i gra\u0111anima Op\u0107ine Te\u0161anj \u017eelimo sretan 4. april \u2013 Dan otpora op\u0107ine Te\u0161anj fa\u0161izmu<\/p>\n<p>&nbsp;<\/p>\n<p style=\"text-align: right;\">&nbsp;&nbsp;&nbsp;&nbsp;&nbsp;&nbsp;&nbsp;&nbsp;&nbsp;&nbsp;&nbsp;&nbsp;&nbsp;&nbsp;&nbsp;&nbsp;&nbsp;&nbsp;&nbsp;&nbsp;&nbsp;&nbsp;&nbsp;&nbsp;&nbsp;&nbsp;&nbsp;&nbsp;&nbsp;&nbsp;&nbsp;&nbsp;&nbsp;&nbsp;&nbsp;&nbsp;&nbsp;&nbsp;&nbsp;&nbsp;&nbsp;&nbsp;&nbsp;&nbsp;&nbsp;&nbsp;&nbsp;&nbsp;&nbsp;&nbsp;&nbsp;&nbsp;&nbsp;&nbsp;&nbsp; &nbsp;&nbsp;&nbsp;&nbsp;&nbsp;&nbsp;&nbsp;&nbsp;&nbsp;&nbsp;&nbsp;&nbsp;&nbsp;&nbsp;&nbsp;&nbsp;&nbsp;&nbsp;&nbsp;&nbsp;&nbsp;&nbsp;&nbsp;&nbsp;<strong>Predsjednik OO SDP BiH &nbsp;Te\u0161anj<br \/>\nSenad S. Suba\u0161i\u0107<\/strong><\/p>\n","protected":false},"excerpt":{"rendered":"<p>Danas kada obilje\u017eavamo op\u0107inski praznik 4. april \u2013 Dan otpora op\u0107ine Te\u0161anj fa\u0161izmu, a koji se obilje\u017eava u sje\u0107anje na &nbsp;postrojavanja prvih jedinica TO op\u0107ine Te\u0161anj. Ponosni smo na na\u0161u antifa\u0161isti\u010dku tradiciju i na te\u017enje naroda ovog kraja da \u017eive u jedinstvu i slobodi. Zbog onih koji su nesebi\u010dno dali svoje \u017eivote, imamo obavezu da [&hellip;]<\/p>\n","protected":false},"author":2,"featured_media":0,"comment_status":"closed","ping_status":"closed","sticky":false,"template":"","format":"standard","meta":{"ngg_post_thumbnail":0,"footnotes":""},"categories":[3],"tags":[],"class_list":["post-6192","post","type-post","status-publish","format-standard","hentry","category-vijesti"],"_links":{"self":[{"href":"https:\/\/sdp-tesanj.org\/bs\/wp-json\/wp\/v2\/posts\/6192","targetHints":{"allow":["GET"]}}],"collection":[{"href":"https:\/\/sdp-tesanj.org\/bs\/wp-json\/wp\/v2\/posts"}],"about":[{"href":"https:\/\/sdp-tesanj.org\/bs\/wp-json\/wp\/v2\/types\/post"}],"author":[{"embeddable":true,"href":"https:\/\/sdp-tesanj.org\/bs\/wp-json\/wp\/v2\/users\/2"}],"replies":[{"embeddable":true,"href":"https:\/\/sdp-tesanj.org\/bs\/wp-json\/wp\/v2\/comments?post=6192"}],"version-history":[{"count":3,"href":"https:\/\/sdp-tesanj.org\/bs\/wp-json\/wp\/v2\/posts\/6192\/revisions"}],"predecessor-version":[{"id":6196,"href":"https:\/\/sdp-tesanj.org\/bs\/wp-json\/wp\/v2\/posts\/6192\/revisions\/6196"}],"wp:attachment":[{"href":"https:\/\/sdp-tesanj.org\/bs\/wp-json\/wp\/v2\/media?parent=6192"}],"wp:term":[{"taxonomy":"category","embeddable":true,"href":"https:\/\/sdp-tesanj.org\/bs\/wp-json\/wp\/v2\/categories?post=6192"},{"taxonomy":"post_tag","embeddable":true,"href":"https:\/\/sdp-tesanj.org\/bs\/wp-json\/wp\/v2\/tags?post=6192"}],"curies":[{"name":"wp","href":"https:\/\/api.w.org\/{rel}","templated":true}]}}