{"id":6189,"date":"2025-03-30T09:20:44","date_gmt":"2025-03-30T07:20:44","guid":{"rendered":"https:\/\/sdp-tesanj.org\/bs\/?p=6189"},"modified":"2025-03-30T09:20:44","modified_gmt":"2025-03-30T07:20:44","slug":"bajramska-cestitka-oo-sdp-bih-tesanj-5","status":"publish","type":"post","link":"https:\/\/sdp-tesanj.org\/bs\/bajramska-cestitka-oo-sdp-bih-tesanj-5\/","title":{"rendered":"Bajramska \u010destitka OO SDP BiH Te\u0161anj"},"content":{"rendered":"<div id=\"attachment_6190\" style=\"width: 263px\" class=\"wp-caption alignleft\"><img loading=\"lazy\" decoding=\"async\" aria-describedby=\"caption-attachment-6190\" class=\"wp-image-6190\" src=\"https:\/\/sdp-tesanj.org\/bs\/wp-content\/uploads\/480668530_1212512536904106_7894065837073052953_n-640x640.jpg\" alt=\"Bajram \u0161erif mubarek olsun\" width=\"253\" height=\"253\" srcset=\"https:\/\/sdp-tesanj.org\/bs\/wp-content\/uploads\/480668530_1212512536904106_7894065837073052953_n-640x640.jpg 640w, https:\/\/sdp-tesanj.org\/bs\/wp-content\/uploads\/480668530_1212512536904106_7894065837073052953_n-150x150.jpg 150w, https:\/\/sdp-tesanj.org\/bs\/wp-content\/uploads\/480668530_1212512536904106_7894065837073052953_n-768x768.jpg 768w, https:\/\/sdp-tesanj.org\/bs\/wp-content\/uploads\/480668530_1212512536904106_7894065837073052953_n.jpg 960w\" sizes=\"auto, (max-width: 253px) 100vw, 253px\" \/><p id=\"caption-attachment-6190\" class=\"wp-caption-text\">Bajram \u0161erif mubarek olsun<\/p><\/div>\n<p>U ime Op\u0107inske organizacije SDP BiH Te\u0161anj i svoje osobno, svim vijernicima islamske vjeroispovjesti u Bosni i Hercegovini, a posebno na\u0161im sugra\u0111anima&nbsp;&nbsp; na podru\u010dju Op\u0107ine Te\u0161anj i susjednih Op\u0107ina upu\u0107ujem iskrene \u010destitke u povodu nadolaze\u0107eg Ramazanskog bajrama, uz \u017eelju da ove mubarek dane do\u010dekaju u zdravlju i blagostanju, sa svojim porodicama, rodbinom, prijateljima i kom\u0161ijama, ba\u0161 kako to nala\u017eu obi\u010daji i tradicija.<!--more--><\/p>\n<p>BAJRAM \u0160ERIF MUBAREK OLSUN!<\/p>\n<p><strong>&nbsp;<\/strong><\/p>\n<p><strong>&nbsp;<\/strong><\/p>\n<p style=\"text-align: right;\"><strong>&nbsp;&nbsp;&nbsp;&nbsp;&nbsp; &nbsp;&nbsp;&nbsp;&nbsp;&nbsp;&nbsp;&nbsp;&nbsp;&nbsp;&nbsp;&nbsp;&nbsp;&nbsp;&nbsp;&nbsp;&nbsp;&nbsp;&nbsp;&nbsp;&nbsp;&nbsp;&nbsp;&nbsp;&nbsp;&nbsp;&nbsp;&nbsp;&nbsp;&nbsp;&nbsp;&nbsp;&nbsp;&nbsp;&nbsp;&nbsp;&nbsp;&nbsp;&nbsp;&nbsp;&nbsp;&nbsp;&nbsp;&nbsp;&nbsp;&nbsp;&nbsp;&nbsp;&nbsp;&nbsp;&nbsp;&nbsp;&nbsp;&nbsp;&nbsp;&nbsp;Predsjednik OO SDP BiH Te\u0161anj<br \/>\n&nbsp;&nbsp;&nbsp;&nbsp;&nbsp;&nbsp;&nbsp;&nbsp;&nbsp;&nbsp;&nbsp;&nbsp;&nbsp;&nbsp;&nbsp;&nbsp;&nbsp;&nbsp;&nbsp;&nbsp;&nbsp;&nbsp;&nbsp;&nbsp;&nbsp;&nbsp;&nbsp;&nbsp;&nbsp;&nbsp;&nbsp;&nbsp;&nbsp;&nbsp;&nbsp;&nbsp; &nbsp;&nbsp;&nbsp;&nbsp;&nbsp;&nbsp;&nbsp;&nbsp;&nbsp;&nbsp;&nbsp;&nbsp;&nbsp;&nbsp;&nbsp;&nbsp;&nbsp;&nbsp;&nbsp;&nbsp;&nbsp;&nbsp;&nbsp;&nbsp;Senad S. Suba\u0161i\u0107<\/strong><\/p>\n","protected":false},"excerpt":{"rendered":"<p>U ime Op\u0107inske organizacije SDP BiH Te\u0161anj i svoje osobno, svim vijernicima islamske vjeroispovjesti u Bosni i Hercegovini, a posebno na\u0161im sugra\u0111anima&nbsp;&nbsp; na podru\u010dju Op\u0107ine Te\u0161anj i susjednih Op\u0107ina upu\u0107ujem iskrene \u010destitke u povodu nadolaze\u0107eg Ramazanskog bajrama, uz \u017eelju da ove mubarek dane do\u010dekaju u zdravlju i blagostanju, sa svojim porodicama, rodbinom, prijateljima i kom\u0161ijama, [&hellip;]<\/p>\n","protected":false},"author":2,"featured_media":0,"comment_status":"closed","ping_status":"closed","sticky":false,"template":"","format":"standard","meta":{"ngg_post_thumbnail":0,"footnotes":""},"categories":[3],"tags":[],"class_list":["post-6189","post","type-post","status-publish","format-standard","hentry","category-vijesti"],"_links":{"self":[{"href":"https:\/\/sdp-tesanj.org\/bs\/wp-json\/wp\/v2\/posts\/6189","targetHints":{"allow":["GET"]}}],"collection":[{"href":"https:\/\/sdp-tesanj.org\/bs\/wp-json\/wp\/v2\/posts"}],"about":[{"href":"https:\/\/sdp-tesanj.org\/bs\/wp-json\/wp\/v2\/types\/post"}],"author":[{"embeddable":true,"href":"https:\/\/sdp-tesanj.org\/bs\/wp-json\/wp\/v2\/users\/2"}],"replies":[{"embeddable":true,"href":"https:\/\/sdp-tesanj.org\/bs\/wp-json\/wp\/v2\/comments?post=6189"}],"version-history":[{"count":1,"href":"https:\/\/sdp-tesanj.org\/bs\/wp-json\/wp\/v2\/posts\/6189\/revisions"}],"predecessor-version":[{"id":6191,"href":"https:\/\/sdp-tesanj.org\/bs\/wp-json\/wp\/v2\/posts\/6189\/revisions\/6191"}],"wp:attachment":[{"href":"https:\/\/sdp-tesanj.org\/bs\/wp-json\/wp\/v2\/media?parent=6189"}],"wp:term":[{"taxonomy":"category","embeddable":true,"href":"https:\/\/sdp-tesanj.org\/bs\/wp-json\/wp\/v2\/categories?post=6189"},{"taxonomy":"post_tag","embeddable":true,"href":"https:\/\/sdp-tesanj.org\/bs\/wp-json\/wp\/v2\/tags?post=6189"}],"curies":[{"name":"wp","href":"https:\/\/api.w.org\/{rel}","templated":true}]}}