{"id":6186,"date":"2025-03-07T09:14:50","date_gmt":"2025-03-07T08:14:50","guid":{"rendered":"https:\/\/sdp-tesanj.org\/bs\/?p=6186"},"modified":"2025-03-30T09:18:06","modified_gmt":"2025-03-30T07:18:06","slug":"cestitka-povodom-8-marta-medjunarodnog-dana-zena-3","status":"publish","type":"post","link":"https:\/\/sdp-tesanj.org\/bs\/cestitka-povodom-8-marta-medjunarodnog-dana-zena-3\/","title":{"rendered":"\u010cestitka povodom 8. marta \u2013 Me\u0111unarodnog dana \u017eena"},"content":{"rendered":"<div id=\"attachment_6187\" style=\"width: 263px\" class=\"wp-caption alignleft\"><img loading=\"lazy\" decoding=\"async\" aria-describedby=\"caption-attachment-6187\" class=\"wp-image-6187\" src=\"https:\/\/sdp-tesanj.org\/bs\/wp-content\/uploads\/469122477_18382837150098715_7028308987313440342_n-587x640.jpg\" alt=\"Sretan 8. mart\" width=\"253\" height=\"276\" srcset=\"https:\/\/sdp-tesanj.org\/bs\/wp-content\/uploads\/469122477_18382837150098715_7028308987313440342_n-587x640.jpg 587w, https:\/\/sdp-tesanj.org\/bs\/wp-content\/uploads\/469122477_18382837150098715_7028308987313440342_n-880x960.jpg 880w, https:\/\/sdp-tesanj.org\/bs\/wp-content\/uploads\/469122477_18382837150098715_7028308987313440342_n-768x838.jpg 768w, https:\/\/sdp-tesanj.org\/bs\/wp-content\/uploads\/469122477_18382837150098715_7028308987313440342_n.jpg 960w\" sizes=\"auto, (max-width: 253px) 100vw, 253px\" \/><p id=\"caption-attachment-6187\" class=\"wp-caption-text\">Sretan 8. mart<\/p><\/div>\n<p>Me\u0111unarodni dan \u017eena obilje\u017eavamo u spomen na hrabre \u017eene koje su se suo\u010dile s nepravednim polo\u017eajem i borile se za svoja prava. Njihova borba donijela je historijski napredak u ostvarivanju prava i pobolj\u0161anju polo\u017eaja \u017eena u dru\u0161tvu. Danas, iako su barijere koje \u017eene premo\u0161\u0107uju manje, nasilje nad \u017eenama i dalje predstavlja ozbiljan problem s kojim se suo\u010davamo.<\/p>\n<p>Obilje\u017eavanje ovog dana nije samo proslava postignu\u0107a, ve\u0107 i sna\u017ean podsjetnik na na\u0161u obavezu da nastavimo borbu za istinsku ravnopravnost i za\u0161titu \u017eena. Moramo se zajedni\u010dki boriti protiv svake vrste nasilja i diskriminacije, osiguravaju\u0107i da svaka \u017eena mo\u017ee \u017eivjeti bez straha i s punim pravima.<!--more--><\/p>\n<p>Povodom 8. marta, u ime Op\u0107inske organizacije SDP BiH Te\u0161anj i svoje li\u010dno, svim \u017eenama, majkama i sestrama \u010destitamo njihov dan. \u017delimo da se sve \u017eene u na\u0161em dru\u0161tvu osje\u0107aju sigurno, po\u0161tovano i da zauzmu mjesto koje im pripada.&nbsp;&nbsp;&nbsp;<\/p>\n<p>&nbsp;&nbsp;&nbsp;&nbsp;&nbsp;&nbsp;&nbsp;&nbsp;&nbsp;&nbsp;&nbsp;&nbsp;&nbsp;&nbsp;&nbsp;&nbsp;&nbsp;&nbsp;&nbsp;&nbsp;&nbsp;&nbsp;&nbsp;&nbsp; &nbsp;&nbsp;&nbsp;&nbsp;&nbsp;&nbsp;&nbsp;&nbsp;&nbsp;&nbsp;&nbsp;&nbsp;&nbsp;&nbsp;&nbsp;&nbsp;&nbsp;&nbsp;&nbsp;&nbsp;&nbsp;&nbsp;&nbsp;&nbsp;&nbsp;&nbsp;&nbsp;&nbsp;<\/p>\n<p style=\"text-align: right;\">&nbsp;&nbsp;&nbsp;&nbsp;&nbsp;&nbsp;&nbsp;&nbsp;&nbsp;&nbsp;&nbsp;&nbsp;&nbsp;&nbsp;&nbsp;&nbsp;&nbsp;&nbsp;&nbsp;&nbsp;&nbsp;&nbsp;&nbsp;&nbsp;&nbsp;&nbsp; &nbsp;&nbsp;&nbsp;&nbsp;&nbsp;&nbsp;&nbsp;&nbsp;&nbsp;&nbsp;&nbsp;&nbsp;&nbsp;<strong>&nbsp;&nbsp;&nbsp;Predsjednik OO SDP BiH Te\u0161anj<\/strong><br \/>\n<strong>&nbsp;&nbsp;&nbsp;&nbsp;&nbsp;&nbsp;&nbsp;&nbsp;&nbsp;&nbsp;&nbsp;&nbsp;&nbsp;&nbsp;&nbsp;&nbsp;&nbsp;&nbsp;&nbsp;&nbsp;&nbsp;&nbsp;&nbsp;&nbsp;&nbsp;&nbsp;&nbsp;&nbsp;&nbsp;&nbsp;&nbsp;&nbsp;&nbsp;&nbsp;&nbsp;&nbsp;&nbsp;&nbsp;&nbsp;&nbsp;&nbsp;&nbsp;&nbsp;&nbsp;&nbsp;&nbsp; &nbsp;&nbsp;&nbsp;&nbsp;&nbsp;&nbsp;&nbsp;&nbsp;&nbsp;&nbsp;&nbsp;&nbsp;&nbsp;&nbsp;Senad S. Suba\u0161i\u0107<\/strong><\/p>\n","protected":false},"excerpt":{"rendered":"<p>Me\u0111unarodni dan \u017eena obilje\u017eavamo u spomen na hrabre \u017eene koje su se suo\u010dile s nepravednim polo\u017eajem i borile se za svoja prava. Njihova borba donijela je historijski napredak u ostvarivanju prava i pobolj\u0161anju polo\u017eaja \u017eena u dru\u0161tvu. Danas, iako su barijere koje \u017eene premo\u0161\u0107uju manje, nasilje nad \u017eenama i dalje predstavlja ozbiljan problem s kojim [&hellip;]<\/p>\n","protected":false},"author":2,"featured_media":0,"comment_status":"closed","ping_status":"closed","sticky":false,"template":"","format":"standard","meta":{"ngg_post_thumbnail":0,"footnotes":""},"categories":[3],"tags":[],"class_list":["post-6186","post","type-post","status-publish","format-standard","hentry","category-vijesti"],"_links":{"self":[{"href":"https:\/\/sdp-tesanj.org\/bs\/wp-json\/wp\/v2\/posts\/6186","targetHints":{"allow":["GET"]}}],"collection":[{"href":"https:\/\/sdp-tesanj.org\/bs\/wp-json\/wp\/v2\/posts"}],"about":[{"href":"https:\/\/sdp-tesanj.org\/bs\/wp-json\/wp\/v2\/types\/post"}],"author":[{"embeddable":true,"href":"https:\/\/sdp-tesanj.org\/bs\/wp-json\/wp\/v2\/users\/2"}],"replies":[{"embeddable":true,"href":"https:\/\/sdp-tesanj.org\/bs\/wp-json\/wp\/v2\/comments?post=6186"}],"version-history":[{"count":1,"href":"https:\/\/sdp-tesanj.org\/bs\/wp-json\/wp\/v2\/posts\/6186\/revisions"}],"predecessor-version":[{"id":6188,"href":"https:\/\/sdp-tesanj.org\/bs\/wp-json\/wp\/v2\/posts\/6186\/revisions\/6188"}],"wp:attachment":[{"href":"https:\/\/sdp-tesanj.org\/bs\/wp-json\/wp\/v2\/media?parent=6186"}],"wp:term":[{"taxonomy":"category","embeddable":true,"href":"https:\/\/sdp-tesanj.org\/bs\/wp-json\/wp\/v2\/categories?post=6186"},{"taxonomy":"post_tag","embeddable":true,"href":"https:\/\/sdp-tesanj.org\/bs\/wp-json\/wp\/v2\/tags?post=6186"}],"curies":[{"name":"wp","href":"https:\/\/api.w.org\/{rel}","templated":true}]}}