{"id":6102,"date":"2024-07-26T14:03:19","date_gmt":"2024-07-26T12:03:19","guid":{"rendered":"https:\/\/sdp-tesanj.org\/bs\/?p=6102"},"modified":"2024-07-26T14:03:19","modified_gmt":"2024-07-26T12:03:19","slug":"cestitka-povodom-27-jula-dana-ustanka-naroda-bih-3","status":"publish","type":"post","link":"https:\/\/sdp-tesanj.org\/bs\/cestitka-povodom-27-jula-dana-ustanka-naroda-bih-3\/","title":{"rendered":"\u010cestitka povodom 27. jula &#8211; Dana ustanka naroda BiH"},"content":{"rendered":"<div id=\"attachment_6103\" style=\"width: 263px\" class=\"wp-caption alignleft\"><img loading=\"lazy\" decoding=\"async\" aria-describedby=\"caption-attachment-6103\" class=\"wp-image-6103\" src=\"https:\/\/sdp-tesanj.org\/bs\/wp-content\/uploads\/37791951_814734532065525_3241378334726160384_n-640x480.jpg\" alt=\"27. juli\" width=\"253\" height=\"190\" srcset=\"https:\/\/sdp-tesanj.org\/bs\/wp-content\/uploads\/37791951_814734532065525_3241378334726160384_n-640x480.jpg 640w, https:\/\/sdp-tesanj.org\/bs\/wp-content\/uploads\/37791951_814734532065525_3241378334726160384_n-768x576.jpg 768w, https:\/\/sdp-tesanj.org\/bs\/wp-content\/uploads\/37791951_814734532065525_3241378334726160384_n.jpg 960w\" sizes=\"auto, (max-width: 253px) 100vw, 253px\" \/><p id=\"caption-attachment-6103\" class=\"wp-caption-text\">27. juli<\/p><\/div>\n<p>27. juli 1941. godine je jedan od najzna\u010dajnijih, a ujedno i najsvjetlijih datuma u historiji Bosne i Hercegovine, dan kada su narodi i narodnosti, gra\u0111anke i gra\u0111ani Bosne i Hercegovine pokrenuli ustanak protiv fa\u0161izma i pru\u017eili otpor okupatorima.<\/p>\n<p>Ovaj zna\u010dajan datum u historiji Bosne i Hercegovine nepravedno se danas zapostavlja.&nbsp; Sve vi\u0161e se javljaju razni faslisifikatori&nbsp; i revizionisti historije Bosne i Hercegovine i revolucionarnog op\u0161tenarodnog otpora&nbsp; protiv tada\u0161njeg okupatora i doma\u0107ih izdajnika,<!--more--><\/p>\n<p>Vrijednosti koje simbolizira 27. juli i danas imaju svoje veliko zna\u010denje, jer nas podsje\u0107aju na op\u0107enarodni, izvorni pokret svih naroda i narodnosti BiH, koji su zajedno. Prije 83 godine, &nbsp;krenuli u borbu protiv fa\u0161izma i okupacije.<\/p>\n<p>Kao \u0161to su antifa\u0161isti u NOB-u smogli snage, bez obzira na ogromne \u017ertve, da poraze fa\u0161iste i doma\u0107e izdajnike, neprijatelje Bosne i Hercegovine, tako \u0107emo i mi istrajati i pobijediti u borbi za odbranu i o\u010duvanje na\u0161e domovine protiv dana\u0161njih modernih fa\u0161ista i nacionalista, neprijatelja Bosne i Hercegovine, te se&nbsp; kona\u010dno okrenuti zajedni\u010dkoj i sretnijoj budu\u0107nosti svih nas.<\/p>\n<p>U ime Op\u0107inske organizacije SDP BiH Te\u0161anj svim gra\u0111anima na\u0161e Op\u0107ine i Bosne i Hercegovine \u017eelim \u010destitati 27. juli \u2013 Dan ustanka naroda BiH.<\/p>\n<p style=\"text-align: center;\"><strong>SMRT FA\u0160IZMU \u2013 SLOBODA NAROU<\/strong><strong>!&nbsp;&nbsp;&nbsp;&nbsp;&nbsp;&nbsp;&nbsp;&nbsp;&nbsp;&nbsp;&nbsp;&nbsp;&nbsp;&nbsp;&nbsp;&nbsp; &nbsp;&nbsp;&nbsp;&nbsp;&nbsp;&nbsp;&nbsp;&nbsp;&nbsp;&nbsp;&nbsp;&nbsp;&nbsp;&nbsp;&nbsp;&nbsp;&nbsp;&nbsp;&nbsp;&nbsp;&nbsp;&nbsp;&nbsp;&nbsp;&nbsp;&nbsp;&nbsp;&nbsp;&nbsp;&nbsp;&nbsp;&nbsp;&nbsp;&nbsp;&nbsp;&nbsp;&nbsp;&nbsp;&nbsp;&nbsp;&nbsp;&nbsp;&nbsp;&nbsp;&nbsp;&nbsp;&nbsp;&nbsp;&nbsp;&nbsp;&nbsp;&nbsp;&nbsp;&nbsp;&nbsp;&nbsp;&nbsp;&nbsp;&nbsp;&nbsp;&nbsp;&nbsp;&nbsp;&nbsp;&nbsp;&nbsp;&nbsp;&nbsp;&nbsp;&nbsp;&nbsp;&nbsp;&nbsp;&nbsp;&nbsp;&nbsp;&nbsp;&nbsp;&nbsp;&nbsp;&nbsp;&nbsp;&nbsp;&nbsp;&nbsp;&nbsp;&nbsp;&nbsp;<\/strong><\/p>\n<p style=\"text-align: right;\"><strong>&nbsp;&nbsp;&nbsp;&nbsp;&nbsp;&nbsp;&nbsp;&nbsp;&nbsp;&nbsp;&nbsp;&nbsp;&nbsp;&nbsp;&nbsp;&nbsp;&nbsp;&nbsp;&nbsp;&nbsp;&nbsp;&nbsp;&nbsp;&nbsp;&nbsp;&nbsp;&nbsp;&nbsp;&nbsp;&nbsp;&nbsp;&nbsp;&nbsp;&nbsp;&nbsp;&nbsp;&nbsp;&nbsp;&nbsp;&nbsp;&nbsp;&nbsp;&nbsp;&nbsp;&nbsp;&nbsp;&nbsp;&nbsp;&nbsp;&nbsp;&nbsp;&nbsp;&nbsp; Predsjednik OO SDP BiH Te\u0161anj<br \/>\n&nbsp;&nbsp;&nbsp;&nbsp;&nbsp;&nbsp;&nbsp;&nbsp;&nbsp;&nbsp;&nbsp;&nbsp;&nbsp;&nbsp;&nbsp;&nbsp;&nbsp;&nbsp;&nbsp;&nbsp;&nbsp;&nbsp;&nbsp;&nbsp;&nbsp;&nbsp;&nbsp;&nbsp;&nbsp;&nbsp;&nbsp;&nbsp;&nbsp;&nbsp;&nbsp;&nbsp;&nbsp;&nbsp;&nbsp;&nbsp;&nbsp;&nbsp;&nbsp;&nbsp;&nbsp;&nbsp; &nbsp;&nbsp;&nbsp;&nbsp;&nbsp;&nbsp;&nbsp;&nbsp;&nbsp;&nbsp;&nbsp;&nbsp;&nbsp;&nbsp;Senad S. Suba\u0161i\u0107<\/strong><\/p>\n","protected":false},"excerpt":{"rendered":"<p>27. juli 1941. godine je jedan od najzna\u010dajnijih, a ujedno i najsvjetlijih datuma u historiji Bosne i Hercegovine, dan kada su narodi i narodnosti, gra\u0111anke i gra\u0111ani Bosne i Hercegovine pokrenuli ustanak protiv fa\u0161izma i pru\u017eili otpor okupatorima. Ovaj zna\u010dajan datum u historiji Bosne i Hercegovine nepravedno se danas zapostavlja.&nbsp; Sve vi\u0161e se javljaju razni [&hellip;]<\/p>\n","protected":false},"author":2,"featured_media":6103,"comment_status":"closed","ping_status":"closed","sticky":false,"template":"","format":"standard","meta":{"ngg_post_thumbnail":0,"footnotes":""},"categories":[3],"tags":[],"class_list":["post-6102","post","type-post","status-publish","format-standard","hentry","category-vijesti"],"_links":{"self":[{"href":"https:\/\/sdp-tesanj.org\/bs\/wp-json\/wp\/v2\/posts\/6102","targetHints":{"allow":["GET"]}}],"collection":[{"href":"https:\/\/sdp-tesanj.org\/bs\/wp-json\/wp\/v2\/posts"}],"about":[{"href":"https:\/\/sdp-tesanj.org\/bs\/wp-json\/wp\/v2\/types\/post"}],"author":[{"embeddable":true,"href":"https:\/\/sdp-tesanj.org\/bs\/wp-json\/wp\/v2\/users\/2"}],"replies":[{"embeddable":true,"href":"https:\/\/sdp-tesanj.org\/bs\/wp-json\/wp\/v2\/comments?post=6102"}],"version-history":[{"count":1,"href":"https:\/\/sdp-tesanj.org\/bs\/wp-json\/wp\/v2\/posts\/6102\/revisions"}],"predecessor-version":[{"id":6104,"href":"https:\/\/sdp-tesanj.org\/bs\/wp-json\/wp\/v2\/posts\/6102\/revisions\/6104"}],"wp:featuredmedia":[{"embeddable":true,"href":"https:\/\/sdp-tesanj.org\/bs\/wp-json\/wp\/v2\/media\/6103"}],"wp:attachment":[{"href":"https:\/\/sdp-tesanj.org\/bs\/wp-json\/wp\/v2\/media?parent=6102"}],"wp:term":[{"taxonomy":"category","embeddable":true,"href":"https:\/\/sdp-tesanj.org\/bs\/wp-json\/wp\/v2\/categories?post=6102"},{"taxonomy":"post_tag","embeddable":true,"href":"https:\/\/sdp-tesanj.org\/bs\/wp-json\/wp\/v2\/tags?post=6102"}],"curies":[{"name":"wp","href":"https:\/\/api.w.org\/{rel}","templated":true}]}}