{"id":6088,"date":"2024-06-15T22:53:15","date_gmt":"2024-06-15T20:53:15","guid":{"rendered":"https:\/\/sdp-tesanj.org\/bs\/?p=6088"},"modified":"2024-06-15T22:53:15","modified_gmt":"2024-06-15T20:53:15","slug":"bajramska-cestitka-oo-sdp-bih-tesanj-4","status":"publish","type":"post","link":"https:\/\/sdp-tesanj.org\/bs\/bajramska-cestitka-oo-sdp-bih-tesanj-4\/","title":{"rendered":"Bajramska \u010destitka OO SDP BiH Te\u0161anj"},"content":{"rendered":"<div id=\"attachment_6089\" style=\"width: 263px\" class=\"wp-caption alignleft\"><img loading=\"lazy\" decoding=\"async\" aria-describedby=\"caption-attachment-6089\" class=\"wp-image-6089\" src=\"https:\/\/sdp-tesanj.org\/bs\/wp-content\/uploads\/434031913_998860821602613_410383267332854497_n-640x640.jpg\" alt=\"Bajram \u0160erif Mubarek Olsun\" width=\"253\" height=\"253\" srcset=\"https:\/\/sdp-tesanj.org\/bs\/wp-content\/uploads\/434031913_998860821602613_410383267332854497_n-640x640.jpg 640w, https:\/\/sdp-tesanj.org\/bs\/wp-content\/uploads\/434031913_998860821602613_410383267332854497_n-150x150.jpg 150w, https:\/\/sdp-tesanj.org\/bs\/wp-content\/uploads\/434031913_998860821602613_410383267332854497_n-768x768.jpg 768w, https:\/\/sdp-tesanj.org\/bs\/wp-content\/uploads\/434031913_998860821602613_410383267332854497_n.jpg 960w\" sizes=\"auto, (max-width: 253px) 100vw, 253px\" \/><p id=\"caption-attachment-6089\" class=\"wp-caption-text\">Bajram \u0160erif Mubarek Olsun<\/p><\/div>\n<p>U ime Op\u0107inske organizacije SDP BiH Te\u0161anj i svoje osobno, svim vjernicima islamske vjeroispovjesti u Bosni i Hercegovini, a posebno na\u0161im sugra\u0111anima&nbsp; &nbsp;na podru\u010dju Op\u0107ine Te\u0161anj i susjednih Op\u0107ina upu\u0107ujem iskrene \u010destitke u povodu nastupaju\u0107ih mubarek dana Kurban-bajrama.<\/p>\n<p>Sa \u017eeljom &nbsp;da Bajramske dane provedete u duhu na\u0161e lijepe tradicije i obi\u010daja, u sre\u0107i, veselju i dijele\u0107i radost sa svojim najdra\u017eima, rodbinom,kom\u0161ijama i prijateljima<!--more--><\/p>\n<p>Iskoristimo bajramske dane kako bi oja\u010dali na\u0161e ljudske i duhovne vrijednosti i nastavili graditi jedinstvo u razli\u010ditosti.<\/p>\n<p>&nbsp;<\/p>\n<p>BAJRAM \u0160ERIF MUBAREK OLSUN!<\/p>\n<p><strong>&nbsp;<\/strong><\/p>\n<p><strong>&nbsp;<\/strong><\/p>\n<p style=\"text-align: right;\"><strong>&nbsp;&nbsp;&nbsp;&nbsp;&nbsp;&nbsp;&nbsp;&nbsp;&nbsp;&nbsp;&nbsp;&nbsp;&nbsp;&nbsp;&nbsp;&nbsp;&nbsp;&nbsp;&nbsp;&nbsp;&nbsp;&nbsp;&nbsp;&nbsp;&nbsp;&nbsp;&nbsp;&nbsp;&nbsp;&nbsp;&nbsp;&nbsp;&nbsp;&nbsp;&nbsp;&nbsp;&nbsp;&nbsp;&nbsp;&nbsp; &nbsp;&nbsp;&nbsp;&nbsp;&nbsp;&nbsp;&nbsp;&nbsp;&nbsp;&nbsp;&nbsp;&nbsp;&nbsp;&nbsp;&nbsp;&nbsp;&nbsp;&nbsp;&nbsp;&nbsp;Predsjednik OO SDP BiH Te\u0161anj<br \/>\n&nbsp;&nbsp;&nbsp;&nbsp;&nbsp;&nbsp;&nbsp;&nbsp;&nbsp;&nbsp;&nbsp;&nbsp;&nbsp;&nbsp;&nbsp;&nbsp;&nbsp;&nbsp;&nbsp;&nbsp;&nbsp;&nbsp;&nbsp;&nbsp;&nbsp;&nbsp;&nbsp;&nbsp;&nbsp;&nbsp;&nbsp;&nbsp;&nbsp;&nbsp;&nbsp;&nbsp; &nbsp;&nbsp;&nbsp;&nbsp;&nbsp;&nbsp;&nbsp;&nbsp;&nbsp;&nbsp;&nbsp;&nbsp;&nbsp;&nbsp;&nbsp;&nbsp;&nbsp;&nbsp;&nbsp;&nbsp;&nbsp;&nbsp;&nbsp;&nbsp;Senad S. Suba\u0161i\u0107<\/strong><\/p>\n","protected":false},"excerpt":{"rendered":"<p>U ime Op\u0107inske organizacije SDP BiH Te\u0161anj i svoje osobno, svim vjernicima islamske vjeroispovjesti u Bosni i Hercegovini, a posebno na\u0161im sugra\u0111anima&nbsp; &nbsp;na podru\u010dju Op\u0107ine Te\u0161anj i susjednih Op\u0107ina upu\u0107ujem iskrene \u010destitke u povodu nastupaju\u0107ih mubarek dana Kurban-bajrama. Sa \u017eeljom &nbsp;da Bajramske dane provedete u duhu na\u0161e lijepe tradicije i obi\u010daja, u sre\u0107i, veselju i [&hellip;]<\/p>\n","protected":false},"author":2,"featured_media":6089,"comment_status":"closed","ping_status":"closed","sticky":false,"template":"","format":"standard","meta":{"ngg_post_thumbnail":0,"footnotes":""},"categories":[3],"tags":[],"class_list":["post-6088","post","type-post","status-publish","format-standard","hentry","category-vijesti"],"_links":{"self":[{"href":"https:\/\/sdp-tesanj.org\/bs\/wp-json\/wp\/v2\/posts\/6088","targetHints":{"allow":["GET"]}}],"collection":[{"href":"https:\/\/sdp-tesanj.org\/bs\/wp-json\/wp\/v2\/posts"}],"about":[{"href":"https:\/\/sdp-tesanj.org\/bs\/wp-json\/wp\/v2\/types\/post"}],"author":[{"embeddable":true,"href":"https:\/\/sdp-tesanj.org\/bs\/wp-json\/wp\/v2\/users\/2"}],"replies":[{"embeddable":true,"href":"https:\/\/sdp-tesanj.org\/bs\/wp-json\/wp\/v2\/comments?post=6088"}],"version-history":[{"count":1,"href":"https:\/\/sdp-tesanj.org\/bs\/wp-json\/wp\/v2\/posts\/6088\/revisions"}],"predecessor-version":[{"id":6090,"href":"https:\/\/sdp-tesanj.org\/bs\/wp-json\/wp\/v2\/posts\/6088\/revisions\/6090"}],"wp:featuredmedia":[{"embeddable":true,"href":"https:\/\/sdp-tesanj.org\/bs\/wp-json\/wp\/v2\/media\/6089"}],"wp:attachment":[{"href":"https:\/\/sdp-tesanj.org\/bs\/wp-json\/wp\/v2\/media?parent=6088"}],"wp:term":[{"taxonomy":"category","embeddable":true,"href":"https:\/\/sdp-tesanj.org\/bs\/wp-json\/wp\/v2\/categories?post=6088"},{"taxonomy":"post_tag","embeddable":true,"href":"https:\/\/sdp-tesanj.org\/bs\/wp-json\/wp\/v2\/tags?post=6088"}],"curies":[{"name":"wp","href":"https:\/\/api.w.org\/{rel}","templated":true}]}}