{"id":6084,"date":"2024-06-07T13:57:47","date_gmt":"2024-06-07T11:57:47","guid":{"rendered":"https:\/\/sdp-tesanj.org\/bs\/?p=6084"},"modified":"2024-06-07T13:57:47","modified_gmt":"2024-06-07T11:57:47","slug":"izabrano-novo-rukovodstvo-foruma-mladih-oo-sdp-bih-tesanj","status":"publish","type":"post","link":"https:\/\/sdp-tesanj.org\/bs\/izabrano-novo-rukovodstvo-foruma-mladih-oo-sdp-bih-tesanj\/","title":{"rendered":"Izabrano novo rukovodstvo Foruma mladih OO SDP BiH Te\u0161anj"},"content":{"rendered":"<div id=\"attachment_6085\" style=\"width: 263px\" class=\"wp-caption alignleft\"><img loading=\"lazy\" decoding=\"async\" aria-describedby=\"caption-attachment-6085\" class=\"wp-image-6085\" src=\"https:\/\/sdp-tesanj.org\/bs\/wp-content\/uploads\/447733084_1411375126205735_7617495403368597201_n-640x480.jpg\" alt=\"Forum mladih OO SDP BiH Te\u0161anj\" width=\"253\" height=\"190\" srcset=\"https:\/\/sdp-tesanj.org\/bs\/wp-content\/uploads\/447733084_1411375126205735_7617495403368597201_n-640x480.jpg 640w, https:\/\/sdp-tesanj.org\/bs\/wp-content\/uploads\/447733084_1411375126205735_7617495403368597201_n-960x720.jpg 960w, https:\/\/sdp-tesanj.org\/bs\/wp-content\/uploads\/447733084_1411375126205735_7617495403368597201_n-768x576.jpg 768w, https:\/\/sdp-tesanj.org\/bs\/wp-content\/uploads\/447733084_1411375126205735_7617495403368597201_n-1536x1152.jpg 1536w, https:\/\/sdp-tesanj.org\/bs\/wp-content\/uploads\/447733084_1411375126205735_7617495403368597201_n.jpg 2000w\" sizes=\"auto, (max-width: 253px) 100vw, 253px\" \/><p id=\"caption-attachment-6085\" class=\"wp-caption-text\">Forum mladih OO SDP BiH Te\u0161anj<\/p><\/div>\n<p>U okviru redovnih, planiranih aktivnosti, u \u010detvrtak 6. juna odr\u017eana je Izborna Konvencija Op\u0107inske organizacije Foruma mladih SDP BiH Te\u0161anj.<\/p>\n<p>U fer i drugarskoj atnosferi je izabrano i novo rukovodstvo koje \u0107e voditi Forum mladih OO SDP BiH Te\u0161anj u narednom mandatu.<\/p>\n<p>Za Predsjednika Foruma mladih OO SDP BiH je izabran je Asmir Be\u0161irevi\u0107.<\/p>\n<p>Za potpredsjednike su izabrani Nejla Rami\u0107 i Adem Prnjavorac, a za sekretara je izabran Ernad Hrvi\u0107. Izabrano je i osam &nbsp;\u010dlanova Izvr\u0161nog Odbora Foruma mladih OO SDP BiH Te\u0161anj.<!--more--><\/p>\n<p>Pred novoizabranim rukovodstvom Foruma mladih OO SDP BiH Te\u0161anj je mnogo zadataka i ozbiljnih izazova,ali o\u010dekujemo da \u0107e uspje\u0161no prona\u0107i adekvatne odgovore i tako pokazati da mladi mogu kreirati pozitivne promjene u dru\u0161tvu, ukoliko im se pru\u017ei prilika i adekvatna podr\u0161ka.<\/p>\n<p>&nbsp; &nbsp;<\/p>\n<p style=\"text-align: right;\">Komisija za informisanje<br \/>\nOO SDP BiH Te\u0161anj<\/p>\n","protected":false},"excerpt":{"rendered":"<p>U okviru redovnih, planiranih aktivnosti, u \u010detvrtak 6. juna odr\u017eana je Izborna Konvencija Op\u0107inske organizacije Foruma mladih SDP BiH Te\u0161anj. U fer i drugarskoj atnosferi je izabrano i novo rukovodstvo koje \u0107e voditi Forum mladih OO SDP BiH Te\u0161anj u narednom mandatu. Za Predsjednika Foruma mladih OO SDP BiH je izabran je Asmir Be\u0161irevi\u0107. Za [&hellip;]<\/p>\n","protected":false},"author":2,"featured_media":6085,"comment_status":"closed","ping_status":"closed","sticky":false,"template":"","format":"standard","meta":{"ngg_post_thumbnail":0,"footnotes":""},"categories":[21,3],"tags":[],"class_list":["post-6084","post","type-post","status-publish","format-standard","hentry","category-forum-mladih","category-vijesti"],"_links":{"self":[{"href":"https:\/\/sdp-tesanj.org\/bs\/wp-json\/wp\/v2\/posts\/6084","targetHints":{"allow":["GET"]}}],"collection":[{"href":"https:\/\/sdp-tesanj.org\/bs\/wp-json\/wp\/v2\/posts"}],"about":[{"href":"https:\/\/sdp-tesanj.org\/bs\/wp-json\/wp\/v2\/types\/post"}],"author":[{"embeddable":true,"href":"https:\/\/sdp-tesanj.org\/bs\/wp-json\/wp\/v2\/users\/2"}],"replies":[{"embeddable":true,"href":"https:\/\/sdp-tesanj.org\/bs\/wp-json\/wp\/v2\/comments?post=6084"}],"version-history":[{"count":1,"href":"https:\/\/sdp-tesanj.org\/bs\/wp-json\/wp\/v2\/posts\/6084\/revisions"}],"predecessor-version":[{"id":6086,"href":"https:\/\/sdp-tesanj.org\/bs\/wp-json\/wp\/v2\/posts\/6084\/revisions\/6086"}],"wp:featuredmedia":[{"embeddable":true,"href":"https:\/\/sdp-tesanj.org\/bs\/wp-json\/wp\/v2\/media\/6085"}],"wp:attachment":[{"href":"https:\/\/sdp-tesanj.org\/bs\/wp-json\/wp\/v2\/media?parent=6084"}],"wp:term":[{"taxonomy":"category","embeddable":true,"href":"https:\/\/sdp-tesanj.org\/bs\/wp-json\/wp\/v2\/categories?post=6084"},{"taxonomy":"post_tag","embeddable":true,"href":"https:\/\/sdp-tesanj.org\/bs\/wp-json\/wp\/v2\/tags?post=6084"}],"curies":[{"name":"wp","href":"https:\/\/api.w.org\/{rel}","templated":true}]}}