{"id":6077,"date":"2024-05-09T07:27:59","date_gmt":"2024-05-09T05:27:59","guid":{"rendered":"https:\/\/sdp-tesanj.org\/bs\/?p=6077"},"modified":"2024-05-09T07:27:59","modified_gmt":"2024-05-09T05:27:59","slug":"cestitka-povodom-9-maja-dana-pobjede-nad-fasizmom-i-dana-europe","status":"publish","type":"post","link":"https:\/\/sdp-tesanj.org\/bs\/cestitka-povodom-9-maja-dana-pobjede-nad-fasizmom-i-dana-europe\/","title":{"rendered":"\u010cestitka povodom 9. maja &#8211; Dana pobjede nad fa\u0161izmom i Dana Europe"},"content":{"rendered":"<div id=\"attachment_6078\" style=\"width: 263px\" class=\"wp-caption alignleft\"><img loading=\"lazy\" decoding=\"async\" aria-describedby=\"caption-attachment-6078\" class=\"wp-image-6078\" src=\"https:\/\/sdp-tesanj.org\/bs\/wp-content\/uploads\/Dan-pobjede-nad-fasizmom-484x640.jpg\" alt=\"Dan pobjede nad fa\u0161izmom\" width=\"253\" height=\"334\" srcset=\"https:\/\/sdp-tesanj.org\/bs\/wp-content\/uploads\/Dan-pobjede-nad-fasizmom-484x640.jpg 484w, https:\/\/sdp-tesanj.org\/bs\/wp-content\/uploads\/Dan-pobjede-nad-fasizmom.jpg 542w\" sizes=\"auto, (max-width: 253px) 100vw, 253px\" \/><p id=\"caption-attachment-6078\" class=\"wp-caption-text\">Dan pobjede nad fa\u0161izmom<\/p><\/div>\n<p>9. maj &#8211; Dan pobjede nad fa\u0161izmom jedan je od najzna\u010dajnijih i najsvjetlijih datuma u historiji \u010dovje\u010danstva, kada je slomljena ki\u010dma fa\u0161izmu i nacizmu, najve\u0107im ideolo\u0161kim prijetnjama koje su se pojavile u novijoj historiji. Drugi svjetski rat je najmra\u010dniji period u historiji \u010dovje\u010danstva, u kojem je \u017eivote izgubilo vi\u0161e od 50 miliona ljudi. Obilje\u017eavaju\u0107i taj datum, odajemo po\u010dast svim u\u010desnicima antifa\u0161isti\u010dke borbe, koji su svoje \u017eivote utkali u stvaranje boljeg, pravednijeg i tolerantnijeg \u010dovje\u010danstva.<\/p>\n<p>9. maj je jedan od najzna\u010dajnijih datuma u historiji Europe pa se obilje\u017eava i kao Dan Evrope.<\/p>\n<p>Bosna i Hercegovina koja je, u Drugom svjetskog ratu, podnijela, od svih dijelova biv\u0161e Jugoslavije, najve\u0107i teret antifa\u0161isti\u010dke borbe, ne smije biti tolerantna na bilo kakva ispoljavanja fa\u0161isti\u010dkih, nacisti\u010dkih, \u0161ovinisti\u010dkih i sli\u010dnih ideologija i djelovanja.<!--more--><\/p>\n<p>Antifa\u0161izam je jedan od temelja na\u0161eg kulturnog i historijskog&nbsp; identiteta. Antifa\u0161isti\u010dka borba velikim je slovima upisana i u historiju Bosne i Hercegovine \u010diji su gra\u0111ani &nbsp;hrabro branili te temeljne ljudske i civilizacijske vrijednosti .<\/p>\n<p>\u010cinjenica da se u novijoj historiji BiH, 9. maj obilje\u017eava kao Dan zlatnih ljiljana i Dan logora\u0161a&nbsp; samo potvr\u0111uje da 1945 godine jesu pobje\u0111eni neki fa\u0161isti\u010dki re\u017eimi, ali ne i sam fa\u0161izam.&nbsp; Zato je va\u017ena neprestana edukacija kako bismo bili u mogu\u0107nosti prepoznati i adekvatno odgovoriti na sve pojave fa\u0161izma, pogotovo onog prekrivenog, u dana\u0161njem dru\u0161tvu.<\/p>\n<p>Du\u017eni smo i danas na ovaj zna\u010dajni datum odati po\u010dast svima onima koji su u toj borbi polo\u017eili ono najvrednije \u2013 vlastite \u017eivote i upravo zbog njih mi nemamo pravo odustati u borbi protiv najve\u0107eg neprijatelja \u010dovje\u010danstva \u2013 fa\u0161izma, jer oni koji zaborave vlastitu pro\u0161lost, ne mogu imati ni budu\u0107nost.<\/p>\n<p>Gra\u0111ankama i gra\u0111anima op\u0107ine Te\u0161anj, ali i svim antifa\u0161istima u BiH i svijetu \u017eelimo \u010destitati 9. maj \u2013 Dan pobjede nad fa\u0161izmom sa<\/p>\n<p><strong>&nbsp;<\/strong><\/p>\n<p style=\"text-align: center;\"><strong>SMRT FA\u0160IZMU \u2013 SLOBODA NARODU!<\/strong><\/p>\n<p><strong>&nbsp;&nbsp;&nbsp;&nbsp;&nbsp;&nbsp;&nbsp;&nbsp;&nbsp;&nbsp;&nbsp;&nbsp;&nbsp;&nbsp;&nbsp;&nbsp;&nbsp;&nbsp;&nbsp;&nbsp;&nbsp;&nbsp;&nbsp;&nbsp; &nbsp;&nbsp;&nbsp;&nbsp;&nbsp;&nbsp;&nbsp;&nbsp;&nbsp;&nbsp;&nbsp;&nbsp;&nbsp;&nbsp;&nbsp;&nbsp;&nbsp;&nbsp;&nbsp;&nbsp;&nbsp;&nbsp;&nbsp;&nbsp;&nbsp;&nbsp;&nbsp;&nbsp;<\/strong><\/p>\n<p style=\"text-align: right;\"><strong>&nbsp;&nbsp;&nbsp;&nbsp;&nbsp;&nbsp;&nbsp;&nbsp;&nbsp;&nbsp;&nbsp;&nbsp;&nbsp;&nbsp;&nbsp;&nbsp;&nbsp;&nbsp;&nbsp;&nbsp;&nbsp;&nbsp;&nbsp;&nbsp;&nbsp;&nbsp;&nbsp;&nbsp;&nbsp;&nbsp;&nbsp;&nbsp;&nbsp;&nbsp;&nbsp;&nbsp;&nbsp;&nbsp;&nbsp;&nbsp;&nbsp;&nbsp;&nbsp;&nbsp;&nbsp;&nbsp;&nbsp;&nbsp;&nbsp;&nbsp;&nbsp;&nbsp;&nbsp;&nbsp;&nbsp;&nbsp;&nbsp;&nbsp; &nbsp;&nbsp;&nbsp;&nbsp;&nbsp;&nbsp;&nbsp;&nbsp;&nbsp;&nbsp;&nbsp;&nbsp;&nbsp;&nbsp;&nbsp;&nbsp;&nbsp;&nbsp;&nbsp;&nbsp;&nbsp;&nbsp;&nbsp;&nbsp;&nbsp;Predsjednik OO SDP BiH Te\u0161anj<br \/>\n&nbsp;&nbsp;&nbsp;&nbsp;&nbsp;&nbsp;&nbsp;&nbsp;&nbsp;&nbsp;&nbsp;&nbsp;&nbsp;&nbsp;&nbsp;&nbsp;&nbsp;&nbsp;&nbsp;&nbsp;&nbsp;&nbsp;&nbsp;&nbsp;&nbsp;&nbsp;&nbsp;&nbsp;&nbsp;&nbsp;&nbsp;&nbsp;&nbsp;&nbsp;&nbsp;&nbsp;&nbsp;&nbsp;&nbsp;&nbsp;&nbsp;&nbsp;&nbsp;&nbsp;&nbsp;&nbsp; &nbsp;&nbsp;&nbsp;&nbsp;&nbsp;&nbsp;&nbsp;&nbsp;&nbsp;&nbsp;&nbsp;&nbsp;&nbsp;&nbsp;&nbsp;&nbsp;&nbsp;&nbsp;&nbsp;&nbsp;&nbsp;&nbsp;&nbsp;&nbsp;&nbsp;&nbsp;&nbsp;&nbsp;&nbsp;&nbsp;&nbsp;&nbsp;&nbsp;&nbsp;&nbsp;&nbsp;&nbsp;&nbsp;&nbsp;&nbsp;&nbsp;&nbsp;&nbsp;&nbsp;&nbsp;&nbsp;&nbsp;&nbsp;&nbsp;&nbsp;&nbsp;&nbsp;&nbsp;Senad S. Suba\u0161i\u0107<\/strong><\/p>\n","protected":false},"excerpt":{"rendered":"<p>9. maj &#8211; Dan pobjede nad fa\u0161izmom jedan je od najzna\u010dajnijih i najsvjetlijih datuma u historiji \u010dovje\u010danstva, kada je slomljena ki\u010dma fa\u0161izmu i nacizmu, najve\u0107im ideolo\u0161kim prijetnjama koje su se pojavile u novijoj historiji. Drugi svjetski rat je najmra\u010dniji period u historiji \u010dovje\u010danstva, u kojem je \u017eivote izgubilo vi\u0161e od 50 miliona ljudi. Obilje\u017eavaju\u0107i taj [&hellip;]<\/p>\n","protected":false},"author":2,"featured_media":6078,"comment_status":"closed","ping_status":"closed","sticky":false,"template":"","format":"standard","meta":{"ngg_post_thumbnail":0,"footnotes":""},"categories":[3],"tags":[],"class_list":["post-6077","post","type-post","status-publish","format-standard","hentry","category-vijesti"],"_links":{"self":[{"href":"https:\/\/sdp-tesanj.org\/bs\/wp-json\/wp\/v2\/posts\/6077","targetHints":{"allow":["GET"]}}],"collection":[{"href":"https:\/\/sdp-tesanj.org\/bs\/wp-json\/wp\/v2\/posts"}],"about":[{"href":"https:\/\/sdp-tesanj.org\/bs\/wp-json\/wp\/v2\/types\/post"}],"author":[{"embeddable":true,"href":"https:\/\/sdp-tesanj.org\/bs\/wp-json\/wp\/v2\/users\/2"}],"replies":[{"embeddable":true,"href":"https:\/\/sdp-tesanj.org\/bs\/wp-json\/wp\/v2\/comments?post=6077"}],"version-history":[{"count":1,"href":"https:\/\/sdp-tesanj.org\/bs\/wp-json\/wp\/v2\/posts\/6077\/revisions"}],"predecessor-version":[{"id":6079,"href":"https:\/\/sdp-tesanj.org\/bs\/wp-json\/wp\/v2\/posts\/6077\/revisions\/6079"}],"wp:featuredmedia":[{"embeddable":true,"href":"https:\/\/sdp-tesanj.org\/bs\/wp-json\/wp\/v2\/media\/6078"}],"wp:attachment":[{"href":"https:\/\/sdp-tesanj.org\/bs\/wp-json\/wp\/v2\/media?parent=6077"}],"wp:term":[{"taxonomy":"category","embeddable":true,"href":"https:\/\/sdp-tesanj.org\/bs\/wp-json\/wp\/v2\/categories?post=6077"},{"taxonomy":"post_tag","embeddable":true,"href":"https:\/\/sdp-tesanj.org\/bs\/wp-json\/wp\/v2\/tags?post=6077"}],"curies":[{"name":"wp","href":"https:\/\/api.w.org\/{rel}","templated":true}]}}