{"id":5786,"date":"2022-06-27T13:49:03","date_gmt":"2022-06-27T11:49:03","guid":{"rendered":"https:\/\/sdp-tesanj.org\/bs\/?p=5786"},"modified":"2022-06-27T13:49:03","modified_gmt":"2022-06-27T11:49:03","slug":"kakva-je-sudbina-porodicne-medicine-u-poliklinici-medicus","status":"publish","type":"post","link":"https:\/\/sdp-tesanj.org\/bs\/kakva-je-sudbina-porodicne-medicine-u-poliklinici-medicus\/","title":{"rendered":"Kakva je sudbina  porodi\u010dne medicine u Poliklinici  \u201cMedicus\u201d ?"},"content":{"rendered":"<div id=\"attachment_5787\" style=\"width: 263px\" class=\"wp-caption alignleft\"><img loading=\"lazy\" decoding=\"async\" aria-describedby=\"caption-attachment-5787\" class=\"wp-image-5787\" src=\"https:\/\/sdp-tesanj.org\/bs\/wp-content\/uploads\/Vukovo-1-640x480.jpg\" alt=\"OO SDP BiH Vukovo\" width=\"253\" height=\"190\" srcset=\"https:\/\/sdp-tesanj.org\/bs\/wp-content\/uploads\/Vukovo-1-640x480.jpg 640w, https:\/\/sdp-tesanj.org\/bs\/wp-content\/uploads\/Vukovo-1-768x576.jpg 768w, https:\/\/sdp-tesanj.org\/bs\/wp-content\/uploads\/Vukovo-1.jpg 960w\" sizes=\"auto, (max-width: 253px) 100vw, 253px\" \/><p id=\"caption-attachment-5787\" class=\"wp-caption-text\">OO SDP BiH Vukovo<\/p><\/div>\n<p>U subotu 25. Juna, odr\u017ean je sastanak sa aktivistima osnovne organizacije SDP BiH Vukovo. Bila je to prilika da se prisutni upoznaju sa dosada\u0161njim aktivnostima u okviru priprema za nadolaze\u0107e Op\u0107e izbore.<\/p>\n<p>\u010clanovi su od vije\u0107nika i zastupnika SDP-a dobili povratne informacije o poduzetim aktivnostima, a u vezi sa problematikom i pitanjima koji se odnose na ovu MZ, a koji su u proteklom periodu delegirana od strane \u010dlanova ove osnovne organizacije.<\/p>\n<p>Razgovaralo se i o problemima koje bi po mje\u0161tane MZ Vukovo i susjednih sredina&nbsp; mogla izazvati ponovna najava od strane rukovodstva Zavoda zdravstvenog osiguranja ZDK, da bi od septembra moglo do\u0107i do ukidanja timova porodi\u010dne medicine PZU Poliklinika \u201eMedicus\u201c.<!--more--><\/p>\n<p>Najavljeno je da \u0107e SDP preko svojih predstavnika u OV Te\u0161anj i Skup\u0161tini ZDK, kao i krajem 2019. godine djelovati i tra\u017eiti da se ovo pitanje kona\u010dno rije\u0161i i da se prestane igrati sa vi\u0161e od 2000 osiguranika koji trenutno svoje pravo na primarnu zdravstve nu za\u0161titu ostvaruju putem timova porodi\u010dne medicine u PZU Poliklinika \u201e Medicus\u201c.<\/p>\n<p>Podsje\u0107amo, da se i krajem 2019. godine, kada je menad\u017eement ZZO ZDK donio odluku o ukidanju timova porodi\u010dne medicine u PZU Poliklinika \u201eMedicus\u201c, SDP Te\u0161anj aktivno uklju\u010dio u rije\u0161avanje ovog problema.&nbsp; Nadali smo se da je dogovor koji su tada postigli predstavnici&nbsp; Zavod zdravstvenog osiguranja ZDK , JZU Dom zdravlja \u201cIzudin Mulabe\u0107irovi\u0107-Izo\u201d Te\u0161anj i PZU Poliklinika&nbsp; \u201cMedicus\u201d kona\u010dan i da ovu temu ne\u0107emo vi\u0161e morati otvarati.<\/p>\n<p>&nbsp;Na\u017ealost, nakon najava iz ZZO ZDK, primorani smo ponovo da reagujemo i da pozovemo sve relevantne faktore da se uklju\u010de i da kona\u010dno prona\u0111emo dugoro\u010dno rije\u0161enje u interesu gra\u0111ana.<\/p>\n<p>Napominjemo da gra\u0111ani imaju zakonsko pravo da biraju svog doktora porodi\u010dne medicine, a \u0161to je i europski standard. Oduzimanjem tog prava naru\u0161io &nbsp;bi se i princim pribli\u017eno jednake dostupnosti doktora porodi\u010dne medicine, jer svjedo\u010dimo da su timovi porodi\u010dne medicine ionako preoptere\u0107eni te bi ukidanje nekih od postoje\u0107ih timova dodatno umanjilo kvalitet i dostupnost primarne zdravstvene za\u0161tite na podru\u010dju na\u0161e Op\u0107ine.<\/p>\n<p>&nbsp;<\/p>\n<p style=\"text-align: right;\">&nbsp;&nbsp;&nbsp;&nbsp;&nbsp;&nbsp;&nbsp;&nbsp;&nbsp;&nbsp;&nbsp;&nbsp;&nbsp;&nbsp;&nbsp;&nbsp;&nbsp;&nbsp;&nbsp;&nbsp;&nbsp;&nbsp;&nbsp;&nbsp;&nbsp;&nbsp;&nbsp;&nbsp;&nbsp;&nbsp;&nbsp;&nbsp;&nbsp;&nbsp;&nbsp;&nbsp;&nbsp;&nbsp;&nbsp;&nbsp;&nbsp;&nbsp;&nbsp;&nbsp;&nbsp;&nbsp;&nbsp;&nbsp;&nbsp;&nbsp;&nbsp;&nbsp;&nbsp;&nbsp;&nbsp;&nbsp;&nbsp;&nbsp;&nbsp;&nbsp;&nbsp;&nbsp;&nbsp;&nbsp;&nbsp;&nbsp;&nbsp;&nbsp;&nbsp;&nbsp;&nbsp; Komisija za informisanje<br \/>\nOO SDP BiH Te\u0161anj<\/p>\n","protected":false},"excerpt":{"rendered":"<p>U subotu 25. Juna, odr\u017ean je sastanak sa aktivistima osnovne organizacije SDP BiH Vukovo. Bila je to prilika da se prisutni upoznaju sa dosada\u0161njim aktivnostima u okviru priprema za nadolaze\u0107e Op\u0107e izbore. \u010clanovi su od vije\u0107nika i zastupnika SDP-a dobili povratne informacije o poduzetim aktivnostima, a u vezi sa problematikom i pitanjima koji se odnose [&hellip;]<\/p>\n","protected":false},"author":2,"featured_media":5787,"comment_status":"closed","ping_status":"closed","sticky":false,"template":"","format":"standard","meta":{"ngg_post_thumbnail":0,"footnotes":""},"categories":[3],"tags":[],"class_list":["post-5786","post","type-post","status-publish","format-standard","hentry","category-vijesti"],"_links":{"self":[{"href":"https:\/\/sdp-tesanj.org\/bs\/wp-json\/wp\/v2\/posts\/5786","targetHints":{"allow":["GET"]}}],"collection":[{"href":"https:\/\/sdp-tesanj.org\/bs\/wp-json\/wp\/v2\/posts"}],"about":[{"href":"https:\/\/sdp-tesanj.org\/bs\/wp-json\/wp\/v2\/types\/post"}],"author":[{"embeddable":true,"href":"https:\/\/sdp-tesanj.org\/bs\/wp-json\/wp\/v2\/users\/2"}],"replies":[{"embeddable":true,"href":"https:\/\/sdp-tesanj.org\/bs\/wp-json\/wp\/v2\/comments?post=5786"}],"version-history":[{"count":1,"href":"https:\/\/sdp-tesanj.org\/bs\/wp-json\/wp\/v2\/posts\/5786\/revisions"}],"predecessor-version":[{"id":5788,"href":"https:\/\/sdp-tesanj.org\/bs\/wp-json\/wp\/v2\/posts\/5786\/revisions\/5788"}],"wp:featuredmedia":[{"embeddable":true,"href":"https:\/\/sdp-tesanj.org\/bs\/wp-json\/wp\/v2\/media\/5787"}],"wp:attachment":[{"href":"https:\/\/sdp-tesanj.org\/bs\/wp-json\/wp\/v2\/media?parent=5786"}],"wp:term":[{"taxonomy":"category","embeddable":true,"href":"https:\/\/sdp-tesanj.org\/bs\/wp-json\/wp\/v2\/categories?post=5786"},{"taxonomy":"post_tag","embeddable":true,"href":"https:\/\/sdp-tesanj.org\/bs\/wp-json\/wp\/v2\/tags?post=5786"}],"curies":[{"name":"wp","href":"https:\/\/api.w.org\/{rel}","templated":true}]}}