{"id":5782,"date":"2022-06-24T13:24:56","date_gmt":"2022-06-24T11:24:56","guid":{"rendered":"https:\/\/sdp-tesanj.org\/bs\/?p=5782"},"modified":"2022-06-24T13:24:56","modified_gmt":"2022-06-24T11:24:56","slug":"centralna-izborna-komisija-ovjerila-opcinsku-izbornu-komisiju-tesanj","status":"publish","type":"post","link":"https:\/\/sdp-tesanj.org\/bs\/centralna-izborna-komisija-ovjerila-opcinsku-izbornu-komisiju-tesanj\/","title":{"rendered":"Centralna izborna komisija ovjerila Op\u0107insku izbornu komisiju Te\u0161anj"},"content":{"rendered":"<div id=\"attachment_5783\" style=\"width: 263px\" class=\"wp-caption alignleft\"><img loading=\"lazy\" decoding=\"async\" aria-describedby=\"caption-attachment-5783\" class=\"wp-image-5783\" src=\"https:\/\/sdp-tesanj.org\/bs\/wp-content\/uploads\/izbori-2022--640x320.jpg\" alt=\"\" width=\"253\" height=\"127\" srcset=\"https:\/\/sdp-tesanj.org\/bs\/wp-content\/uploads\/izbori-2022--640x320.jpg 640w, https:\/\/sdp-tesanj.org\/bs\/wp-content\/uploads\/izbori-2022--960x480.jpg 960w, https:\/\/sdp-tesanj.org\/bs\/wp-content\/uploads\/izbori-2022--768x384.jpg 768w, https:\/\/sdp-tesanj.org\/bs\/wp-content\/uploads\/izbori-2022--1536x768.jpg 1536w, https:\/\/sdp-tesanj.org\/bs\/wp-content\/uploads\/izbori-2022-.jpg 2000w\" sizes=\"auto, (max-width: 253px) 100vw, 253px\" \/><p id=\"caption-attachment-5783\" class=\"wp-caption-text\">Izbori 2022<\/p><\/div>\n<p style=\"text-align: left;\">Ju\u010der, u \u010detvrtak, 23.06.2022. godine, na svojoj 30.sjednici u Sarajevu, Centralna izborna komisija Bosne i Hercegovine (CIK) dala je saglasnost na predlo\u017eeni sastav zamjenskih \u010dlanova Op\u0107inske izborne komisije (OIK) Te\u0161anj, a na osnovu Prijedloga Op\u0107inskog vije\u0107a Te\u0161anj, usvojenog na njegovoj sjednici (13.06.2022) glasovima vladaju\u0107e ve\u0107ine u OV Te\u0161anj, kojoj se, ovoga puta, pridodao i nezavisni vije\u0107nik Hasanba\u0161i\u0107 Senad, i uz negativno izja\u0161njavanje vije\u0107nika iz SDP BiH zajedno s ostalim&nbsp; opozicionim vije\u0107nicima u OV Te\u0161anj. <!--more--><\/p>\n<p style=\"text-align: left;\">Tako \u0107e predstoje\u0107e Izbore 2022 na na\u0161oj op\u0107ini provoditi i njihovu regularnost utvr\u0111ivati OIK Te\u0161anj sastava:<\/p>\n<p style=\"text-align: left;\">&#8211; Be\u0107ir Halilovi\u0107, zamjenski predsjednik,<\/p>\n<p style=\"text-align: left;\">&#8211; Azra Ali\u0107 &#8211; Bedak, zamjenski \u010dlan,<\/p>\n<p style=\"text-align: left;\">&#8211; Ivan Duvnjak, zamjenski \u010dlan,<\/p>\n<p style=\"text-align: left;\">&#8211; Sumeja Essidiri, zamjenski \u010dlan.<\/p>\n<p style=\"text-align: left;\">Ovom o\u010ditovanju CIK-a BiH prethodila je vi\u0161emjese\u010dna farsa, propra\u0107ena nizom tehni\u010dkih i proceduralnih pogre\u0161aka u\u010dinjenih od strane op\u0107inske administracije, a i vladaju\u0107e ve\u0107ine u Op\u0107inskom vije\u0107u Te\u0161anj, uz&nbsp; ignorantski odnos presjedavaju\u0107eg, koji ni u jednom segmentu i trenu nije uva\u017eavao argumentovane primjedbe opozicionih vije\u0107nika na o\u010digledna naru\u0161avanja propisanih procedura, bje\u017ee\u0107i i od instrukcija CIK-a, uvode\u0107i tako (ne)namjerno sam izbor novih \u010dlanova i predsjednika OIK-a u period \u201eve\u0107 raspisanih izbora\u201c.<\/p>\n<p style=\"text-align: left;\">S tim u vezi , mi u SDP BiH Te\u0161anj, osje\u0107amo potrebu da, istine radi, svoje \u010dlanstvo, a i druge zainteresirane gra\u0111ane na\u0161e op\u0107ine, izvjestimo o slijede\u0107im \u010dinjenicama :<\/p>\n<p style=\"text-align: left;\">Klub vije\u0107nika SDP BiH Te\u0161anj je, prvi i prije svih, na 12. sjednici OV Te\u0161anj upozorio na tehni\u010dku gre\u0161ku kod raspisivanja ponovljenog Javnog Oglasa za imenovanje tri \u010dlana Op\u0107inske izborne komisije Te\u0161anj, objavljenog na web stranici Op\u0107ine Te\u0161anj 1.11.2021. i u dnevnim novinama \u201eOslobo\u0111enje\u201c 3.11.2022. godine, jer je isti objavljen, a da sama Odluka Op\u0107inskog vije\u0107a o njegovom objavljivanju nije stekla pravosna\u017enost prema Slu\u017ebenom glasniku Op\u0107ine Te\u0161anj , jer pravosna\u017enost Odluke nastupala je 06.11.2021. godine, a Javni Oglas&nbsp; je ve\u0107 bio objavljen dana 01.11.2021. godine, \u0161to je nonsens s pravne ta\u010dke gledi\u0161ta, istinski apsurd. Ista gre\u0161ka u\u010dinjena je i sa Odlukom o poni\u0161tenju ranije objavljenog (01.06.2021.) Javnog Oglasa za imenovanje tri \u010dlana OIK, tako da smo u isto vrijeme imali dva Javna Oglasa po istoj potrebi, onaj iz juna i ovaj iz novembra 2021.<\/p>\n<p style=\"text-align: left;\">Pored pobrojanih tehni\u010dkih gre\u0161aka, vije\u0107nici SDP BIH upozoravali su i na proceduralnu gre\u0161ku, da se u Prijedlogu Rje\u0161enja o imenovanju tri \u010dlana OIK-a, upu\u0107enog od strane Komisije OV Te\u0161anj za izbor i imenovanje, i prije njegovog zvani\u010dnog usvajanja, mimo Pravilnika ,ve\u0107 predla\u017ee i ime predsjednika OIK-a.<\/p>\n<p style=\"text-align: left;\">Od spomenutog prijedloga za predsjednika OIK-a, na samom po\u010detku spomenute 12. sjednice ogradio se i SDP-ov \u010dlan Komisije za izbor i imenovanje drug Besim Smailbegovi\u0107, koji je javno s govornice OV Te\u0161anj, u mikrofon i za potrebe stenograma i zapisnika glasno izgovorio da \u0107e glasati \u201eProtiv\u201c ponu\u0111enog Rje\u0161enja.<\/p>\n<p style=\"text-align: left;\">Po\u0161teno govore\u0107i, uz stavove Kluba SDP BiH, da se \u201esporna\u201c deveta ta\u010dka skine s Dnevnog reda, nedvosmisleno i jasno opredijeljeni stali su i svi opozicioni vije\u0107nici u Op\u0107inskom vije\u0107u Te\u0161anj, ali je, voljom vladaju\u0107e ve\u0107ine, ista dospjela na Dnevni red.&nbsp;<\/p>\n<p style=\"text-align: left;\">\u201eBombardovan\u201c argumentima ve\u0107eg dijela opozicije, posebno vije\u0107nika SDP BiH Danijela Pa\u0161i\u0107a, predsjedavaju\u0107i OV zatra\u017eio je pauzu i konzultacije uz prisustvo slu\u017ebe za&nbsp; pravnu pomo\u0107. Svjesni sankcija kao posljedica po, eventualnim utu\u017eivanjima, prihvata se Prijedlog da se o navedenom Rje\u0161enju izja\u0161njavanje odgodi i da se isti \u201evra\u0107a na doradu\u201c nakon o\u010ditovanja CIK-a BiH , a od koga \u0107e Op\u0107insko vije\u0107e Te\u0161anj zatra\u017eiti Mi\u0161ljenje po navedenim primjedbama opozicije, predvo\u0111ene SDP-om BiH!<\/p>\n<p style=\"text-align: left;\">Op\u0107insko vije\u0107e Te\u0161anj, a ne nikako neki nezavisni vije\u0107nici i ini klubovi, pojedinac, ili neka \u201eneparlamentarna stranka\u201c, je svojim aktom broj: 01-04-2-1597-29\/21,dana 14.11.2021.godine zatra\u017eilo mi\u0161ljenje od CIK-a BiH.&nbsp;<\/p>\n<p style=\"text-align: left;\">Objektivnosti radi, to je vidljivo i u aktu (odgovoru) CIK-a BiH broj: 06-1-07-1-80-22, od 19.01.2022.godine,&nbsp; CIK se poziva samo na Zahtjev OV Te\u0161anj iz navedenog akta (01-04-2-1597-29\/21) i opet ne, nikakve stranke ili pojedinca, ve\u0107 isklju\u010divo OV Te\u0161anj, zna\u010di da je CIK samo (apriori) i isklju\u010divo po tom Zahtjevu razmatrao navedenu problematiku, i s tim u vezi dao i instrukcije za daljnje postupanje kod izbora \u010dlanova OIK-a.<\/p>\n<p style=\"text-align: left;\">To je fakat, druge varijante ili \u201epapira\u201c nema !!!&nbsp;<\/p>\n<p style=\"text-align: left;\">Nakon \u0161to je, i nakon jasnih instrukcija od strane CIK-a, vladaju\u0107a ve\u0107ina nastavila igre s procedurama, ple\u0161u\u0107i po tankoj \u017eici, uslijedio je i Ultimatum CIK-a, da Op\u0107insko vije\u0107e Te\u0161anj mora najkasnije do 13. juna 2022. godine, razrije\u0161iti dosada\u0161nji sastav OIK-a, i imenovati nove (zamjenske) \u010dlanove, ili \u0107e to sam CIK BiH u\u010diniti, te se rasplet svojevrsnog OIK \u201eGordijevog \u010dvora\u201c dogodio kao \u0161to je opisano u uvodnom tekst ovog Saop\u0107enja.<\/p>\n<p style=\"text-align: left;\">Da li je ovakvim raspletom do\u0161ao kraj \u201eigara bez granica\u201c ili su opet napravljenje&nbsp; \u201egre\u0161ke u koracima\u201c, predstoje\u0107e vrijeme treba da donese sud o tome.<\/p>\n<p style=\"text-align: left;\">&nbsp;<\/p>\n<p style=\"text-align: left;\">SDP BiH do tada, a i dalje ostaje doslijedan s karakterom! &nbsp;&nbsp;&nbsp;&nbsp;&nbsp;&nbsp;&nbsp;&nbsp;&nbsp;&nbsp;&nbsp;&nbsp;&nbsp;&nbsp;&nbsp;&nbsp;&nbsp;&nbsp;&nbsp;&nbsp;&nbsp;&nbsp;&nbsp;&nbsp;&nbsp;&nbsp;&nbsp;&nbsp;&nbsp;&nbsp;&nbsp;&nbsp;&nbsp;&nbsp;&nbsp;&nbsp;&nbsp;&nbsp;&nbsp;&nbsp;&nbsp;&nbsp;&nbsp;&nbsp;&nbsp;&nbsp;&nbsp;&nbsp;&nbsp;&nbsp;&nbsp;&nbsp;&nbsp;&nbsp;&nbsp;&nbsp;&nbsp;&nbsp;&nbsp;&nbsp;&nbsp;&nbsp;&nbsp;&nbsp;&nbsp;&nbsp;&nbsp;&nbsp;&nbsp;&nbsp;&nbsp;&nbsp;&nbsp;&nbsp;&nbsp;<\/p>\n<p style=\"text-align: left;\">&nbsp;<\/p>\n<p style=\"text-align: right;\">&nbsp;&nbsp;&nbsp;&nbsp;&nbsp;&nbsp;&nbsp;&nbsp;&nbsp;&nbsp;&nbsp;&nbsp;&nbsp;&nbsp;&nbsp;&nbsp;&nbsp;&nbsp;&nbsp;&nbsp;&nbsp;&nbsp;&nbsp;&nbsp;&nbsp;&nbsp;&nbsp;&nbsp;&nbsp;&nbsp;&nbsp;&nbsp;&nbsp;&nbsp;&nbsp;&nbsp;&nbsp;&nbsp;&nbsp;&nbsp;&nbsp;&nbsp;&nbsp;&nbsp;&nbsp;&nbsp;&nbsp;&nbsp;&nbsp;&nbsp;&nbsp;&nbsp;&nbsp;&nbsp;&nbsp;&nbsp;&nbsp;&nbsp;&nbsp;&nbsp;&nbsp;&nbsp;&nbsp;&nbsp;&nbsp;&nbsp;&nbsp;&nbsp;&nbsp;&nbsp;&nbsp; Komisija za informisanje<br \/>\nOO SDP BiH Te\u0161anj<\/p>\n","protected":false},"excerpt":{"rendered":"<p>Ju\u010der, u \u010detvrtak, 23.06.2022. godine, na svojoj 30.sjednici u Sarajevu, Centralna izborna komisija Bosne i Hercegovine (CIK) dala je saglasnost na predlo\u017eeni sastav zamjenskih \u010dlanova Op\u0107inske izborne komisije (OIK) Te\u0161anj, a na osnovu Prijedloga Op\u0107inskog vije\u0107a Te\u0161anj, usvojenog na njegovoj sjednici (13.06.2022) glasovima vladaju\u0107e ve\u0107ine u OV Te\u0161anj, kojoj se, ovoga puta, pridodao i nezavisni [&hellip;]<\/p>\n","protected":false},"author":2,"featured_media":5783,"comment_status":"closed","ping_status":"closed","sticky":false,"template":"","format":"standard","meta":{"ngg_post_thumbnail":0,"footnotes":""},"categories":[1],"tags":[],"class_list":["post-5782","post","type-post","status-publish","format-standard","hentry","category-nekategorisano"],"_links":{"self":[{"href":"https:\/\/sdp-tesanj.org\/bs\/wp-json\/wp\/v2\/posts\/5782","targetHints":{"allow":["GET"]}}],"collection":[{"href":"https:\/\/sdp-tesanj.org\/bs\/wp-json\/wp\/v2\/posts"}],"about":[{"href":"https:\/\/sdp-tesanj.org\/bs\/wp-json\/wp\/v2\/types\/post"}],"author":[{"embeddable":true,"href":"https:\/\/sdp-tesanj.org\/bs\/wp-json\/wp\/v2\/users\/2"}],"replies":[{"embeddable":true,"href":"https:\/\/sdp-tesanj.org\/bs\/wp-json\/wp\/v2\/comments?post=5782"}],"version-history":[{"count":1,"href":"https:\/\/sdp-tesanj.org\/bs\/wp-json\/wp\/v2\/posts\/5782\/revisions"}],"predecessor-version":[{"id":5784,"href":"https:\/\/sdp-tesanj.org\/bs\/wp-json\/wp\/v2\/posts\/5782\/revisions\/5784"}],"wp:featuredmedia":[{"embeddable":true,"href":"https:\/\/sdp-tesanj.org\/bs\/wp-json\/wp\/v2\/media\/5783"}],"wp:attachment":[{"href":"https:\/\/sdp-tesanj.org\/bs\/wp-json\/wp\/v2\/media?parent=5782"}],"wp:term":[{"taxonomy":"category","embeddable":true,"href":"https:\/\/sdp-tesanj.org\/bs\/wp-json\/wp\/v2\/categories?post=5782"},{"taxonomy":"post_tag","embeddable":true,"href":"https:\/\/sdp-tesanj.org\/bs\/wp-json\/wp\/v2\/tags?post=5782"}],"curies":[{"name":"wp","href":"https:\/\/api.w.org\/{rel}","templated":true}]}}