{"id":3462,"date":"2015-02-28T16:01:53","date_gmt":"2015-02-28T15:01:53","guid":{"rendered":"https:\/\/sdp-tesanj.org\/bs\/?p=3462"},"modified":"2015-02-28T16:01:53","modified_gmt":"2015-02-28T15:01:53","slug":"cestitka-povodom-1-marta-dana-nezavisnosti-bosne-i-hercegovine","status":"publish","type":"post","link":"https:\/\/sdp-tesanj.org\/bs\/cestitka-povodom-1-marta-dana-nezavisnosti-bosne-i-hercegovine\/","title":{"rendered":"\u010cestitka povodom 1. marta &#8211; Dana nezavisnosti Bosne i Hercegovine"},"content":{"rendered":"<div id=\"attachment_3463\" style=\"width: 263px\" class=\"wp-caption alignleft\"><a href=\"https:\/\/sdp-tesanj.org\/bs\/wp-content\/uploads\/1.-mart.jpg\"><img loading=\"lazy\" decoding=\"async\" aria-describedby=\"caption-attachment-3463\" class=\"wp-image-3463\" src=\"https:\/\/sdp-tesanj.org\/bs\/wp-content\/uploads\/1.-mart-640x237.jpg\" alt=\"1. mart-Dan nezavisnosti Bosne i Hercegovine\" width=\"253\" height=\"94\" srcset=\"https:\/\/sdp-tesanj.org\/bs\/wp-content\/uploads\/1.-mart-640x237.jpg 640w, https:\/\/sdp-tesanj.org\/bs\/wp-content\/uploads\/1.-mart.jpg 960w\" sizes=\"auto, (max-width: 253px) 100vw, 253px\" \/><\/a><p id=\"caption-attachment-3463\" class=\"wp-caption-text\">1. mart-Dan nezavisnosti Bosne i Hercegovine<\/p><\/div>\n<p>1. mart\u00a0 1992. godine jedan je od najzna\u010dajnijih datuma u na\u0161oj historiji.<\/p>\n<p>Tada se ve\u0107ina gra\u0111ana izjasnila da \u017eeli da Bosna i Hercegovina bude samostalna i nezavisna dr\u017eava svih njenih gra\u0111ana i naroda.<\/p>\n<p>Ova historijska odluka gra\u0111ana BiH prouzrokovala je najte\u017ei period na\u0161e novije historije, jer rijetki su oni koji su svoju nezavisnost platili tako visokom cijenom.<!--more--><\/p>\n<p>Upravo u tim te\u0161kim trenucima koji su uslijedili nakon referenduma gra\u0111ani su potvrdili svoju istinsku \u017eelju za samostalno\u0161\u0107u svoje domovine, mnogi \u017ertvuju\u0107i za nju i ono najvrednije, vlastiti \u017eivot.<\/p>\n<p>Moramo biti ponosni i zahvalni svima onima koji su stvorili, odbranili i o\u010duvali na\u0161u domovinu Bosnu i Hercegovinu, ne pitaju\u0107i za cijenu.<\/p>\n<p>Ve\u0107 dvadeseti i tri godine Bosna i Hercegovina \u017eivi dr\u017eavnu samostalnost i neovisnost utemeljenu na svojoj milenijskoj opstojnosti, ali jo\u0161 uvijek postoje snage koje ne mogu da shvate i prihvate fakti\u010dko stanje i odustanu od retrogradnih, ru\u0161ila\u010dkih namjera.<\/p>\n<p>Ustrajni u borbi za potpuno ostvarivanje ciljeva zacrtanih historiskim referendumom svim gra\u0111ankama i gra\u0111anima Bosne i Hercegovine \u010destitamo 1. mart-Dan nezavisnosti Bosne i Hercegovine i \u017eelimo svako dobro!<\/p>\n<p>U ime OOSDPBiH Te\u0161anj i svoje osobno<\/p>\n<p>&nbsp;<\/p>\n<p style=\"text-align: right;\"><strong>Predsjednik SDPBiH Te\u0161anj<br \/>\nSenad S. Suba\u0161i\u0107<\/strong><\/p>\n","protected":false},"excerpt":{"rendered":"<p>1. mart\u00a0 1992. godine jedan je od najzna\u010dajnijih datuma u na\u0161oj historiji. Tada se ve\u0107ina gra\u0111ana izjasnila da \u017eeli da Bosna i Hercegovina bude samostalna i nezavisna dr\u017eava svih njenih gra\u0111ana i naroda. Ova historijska odluka gra\u0111ana BiH prouzrokovala je najte\u017ei period na\u0161e novije historije, jer rijetki su oni koji su svoju nezavisnost platili tako [&hellip;]<\/p>\n","protected":false},"author":2,"featured_media":3463,"comment_status":"closed","ping_status":"closed","sticky":false,"template":"","format":"standard","meta":{"ngg_post_thumbnail":0,"footnotes":""},"categories":[3],"tags":[],"class_list":["post-3462","post","type-post","status-publish","format-standard","hentry","category-vijesti"],"_links":{"self":[{"href":"https:\/\/sdp-tesanj.org\/bs\/wp-json\/wp\/v2\/posts\/3462","targetHints":{"allow":["GET"]}}],"collection":[{"href":"https:\/\/sdp-tesanj.org\/bs\/wp-json\/wp\/v2\/posts"}],"about":[{"href":"https:\/\/sdp-tesanj.org\/bs\/wp-json\/wp\/v2\/types\/post"}],"author":[{"embeddable":true,"href":"https:\/\/sdp-tesanj.org\/bs\/wp-json\/wp\/v2\/users\/2"}],"replies":[{"embeddable":true,"href":"https:\/\/sdp-tesanj.org\/bs\/wp-json\/wp\/v2\/comments?post=3462"}],"version-history":[{"count":1,"href":"https:\/\/sdp-tesanj.org\/bs\/wp-json\/wp\/v2\/posts\/3462\/revisions"}],"predecessor-version":[{"id":3464,"href":"https:\/\/sdp-tesanj.org\/bs\/wp-json\/wp\/v2\/posts\/3462\/revisions\/3464"}],"wp:featuredmedia":[{"embeddable":true,"href":"https:\/\/sdp-tesanj.org\/bs\/wp-json\/wp\/v2\/media\/3463"}],"wp:attachment":[{"href":"https:\/\/sdp-tesanj.org\/bs\/wp-json\/wp\/v2\/media?parent=3462"}],"wp:term":[{"taxonomy":"category","embeddable":true,"href":"https:\/\/sdp-tesanj.org\/bs\/wp-json\/wp\/v2\/categories?post=3462"},{"taxonomy":"post_tag","embeddable":true,"href":"https:\/\/sdp-tesanj.org\/bs\/wp-json\/wp\/v2\/tags?post=3462"}],"curies":[{"name":"wp","href":"https:\/\/api.w.org\/{rel}","templated":true}]}}