{"id":3459,"date":"2015-02-25T10:15:07","date_gmt":"2015-02-25T09:15:07","guid":{"rendered":"https:\/\/sdp-tesanj.org\/bs\/?p=3459"},"modified":"2015-02-25T10:15:07","modified_gmt":"2015-02-25T09:15:07","slug":"predsjedavajuci-ov-tesanj-neznanje-pokusava-prikriti-bahatoscu","status":"publish","type":"post","link":"https:\/\/sdp-tesanj.org\/bs\/predsjedavajuci-ov-tesanj-neznanje-pokusava-prikriti-bahatoscu\/","title":{"rendered":"Predsjedavaju\u0107i OV Te\u0161anj neznanje poku\u0161ava prikriti bahato\u0161\u0107u"},"content":{"rendered":"<div id=\"attachment_187\" style=\"width: 250px\" class=\"wp-caption alignleft\"><a href=\"https:\/\/sdp-tesanj.org\/bs\/wp-content\/uploads\/sdp-tesanj-WinCE.png\"><img loading=\"lazy\" decoding=\"async\" aria-describedby=\"caption-attachment-187\" class=\"size-full wp-image-187\" src=\"https:\/\/sdp-tesanj.org\/bs\/wp-content\/uploads\/sdp-tesanj-WinCE.png\" alt=\"SDP Te\u0161anj\" width=\"240\" height=\"99\" \/><\/a><p id=\"caption-attachment-187\" class=\"wp-caption-text\">SDP Te\u0161anj<\/p><\/div>\n<p>Po\u0161tovane gra\u0111anke i gra\u0111ani op\u0107ine Te\u0161anj,<\/p>\n<p>Predpostavljamo da ste na lokalnim TV medijima imali priliku pogledati snimak 25. \u00a0i 26. sjednice Op\u0107inskog vije\u0107a Te\u0161anj. Tok navedenih sjednica ukazuje na velike propuste u vo\u0111enju sjednice od strane novog predsjedavaju\u0107eg OV Te\u0161anj, a ve\u0107ina u OV Te\u0161anj, predvo\u0111ena SDA, po ko zna koji put,\u00a0 je pokazala demonstraciju sile nad opozicijom OV Te\u0161anj.<!--more--><\/p>\n<p>Nakon, nekoliko puta, pregledanih snimaka sjednica OV Te\u0161anj, javnost \u017eelimo upoznati o sljede\u0107em:<\/p>\n<p>Na 26. sjednici prilikom usvajanja zapisnika sa 25. sjednice kroz zapisnik se \u017eelio \u201eprovu\u0107i\u201c la\u017eni Zaklju\u010dak, o kojem se vije\u0107nici uop\u0107e nisu izja\u0161njavali, da je \u201e<em>Na poziciju predsjedavaju\u0107eg Op\u0107inskog vije\u0107a Te\u0161anj izabran, odnosno imenovan g-din Senad Suba\u0161i\u0107\u201c i to sa 14 glasova \u201eZA\u201c, 7 glasova \u201ePROTIV\u201c i 4 glasa \u201eUZDR\u017dAN\u201c.<\/em><\/p>\n<p>Vije\u0107nici SDP-a su tra\u017eili da se iz zapisnika bri\u0161e Zaklju\u010dak koji se nije usvojio, ali je vladaju\u0107a ve\u0107ina prijedlog SDP-a odbila.<\/p>\n<p>Ko je na navedenoj sjednici iznosio istinu najvi\u0161e se vidi iz priloga <a href=\"https:\/\/www.youtube.com\/watch?v=_mggEBUxMdA&amp;feature=youtu.be\">https:\/\/www.youtube.com\/watch?v=_mggEBUxMdA&amp;feature=youtu.be<\/a>\u00a0 gdje i sam vije\u0107nik Joldi\u0107 poziva da se vije\u0107nici izjasne o izvje\u0161taju Komisije, a \u0161to se nije desilo u nastavku sjednice.<\/p>\n<p>Vije\u0107nici SDP-a po\u0161tuju volju vladaju\u0107e ve\u0107ine, okupljenu oko SDA, ali, u ostvarivanju ciljeva ve\u0107ine, ne mogu prihvatiti kr\u0161enje Statuta Op\u0107ine Te\u0161anj i Poslovnika o radu OV Te\u0161anj<\/p>\n<p>Na 26. sjednici jedna od ta\u010daka dnevnog reda je bila i Prijedlog Odluke o na\u010dinu i kriterijima raspodjele sredstava za finasiranje rada organa mjesnih zajednica.<\/p>\n<p>Klub vije\u0107nika SDP-a je na Prijedlog Odluke uredno uputio Amandmane, ali je od strane predsjedavaju\u0107eg OV Te\u0161anj Suba\u0161i\u0107a bila onemogu\u0107ena bila kakava rasprava. \u0160ta vi\u0161e, predsjedavaju\u0107i Suba\u0161i\u0107 tvrdi da je \u201e&#8230;pitao dva puta ima li iko za raspravu\u201c, a prilog snimka govori drugo \u00a0<a href=\"https:\/\/www.youtube.com\/watch?v=qIlaOh7JWPg&amp;feature=youtu.be\">https:\/\/www.youtube.com\/watch?v=qIlaOh7JWPg&amp;feature=youtu.be<\/a> .<\/p>\n<p>Ponesen, valjda, funkcijom koju obna\u0161a u daljnjem toku sjednice, a nakon \u0161to nije dozvolio raspravu o amandmanima, predsjedavaju\u0107i Suba\u0161i\u0107 ni sam Prijedlog Odluke nije dao na raspravu.<\/p>\n<p>Na\u017ealost, OV Te\u0161anj je donijelo Odluku kojom se MZ Jelah sa 4576 bira\u010da stavlja u rang sa MZ Radu\u0161a koja ima 2526 bira\u010da, odnosno u rang sa MZ \u0160ije koja ima 2107 bira\u010da. Istom Odlukom se i MZ Te\u0161anj smanjuje dotacija, iako ima 5588 bira\u010da.<\/p>\n<p>Razlog, svakako, treba tra\u017eiti u \u010dinjenici da je u MZ Te\u0161anj i Jelah ve\u0107ina okupljena oko SDPBiH, a u MZ \u0160ije i Radu\u0161a oko SDA.<\/p>\n<p>Pokri\u0107e za ovako sramnu Odluku SDA je poku\u0161ala pravdati stavom da \u0107e ve\u0107ina ostalih mjesnih zajednica imati pove\u0107anje sredstava, prikrivaju\u0107i \u010dinjenicu da je donesena Odluka vezana za punjenje Bud\u017eeta Op\u0107ine Te\u0161anj (\u010clan 4. Odluke\u00a0 <em>\u201eUkupna planirana sredstva bud\u017eetom Op\u0107ine raspore\u0111uju se u 12 mjese\u010dnih rata procentualno\u00a0 punjenju bud\u017eeta.\u201c).<\/em><\/p>\n<p>Vije\u0107nici SDP-a \u0107e nastaviti aktivan rad u OV Te\u0161anj; predla\u017eu\u0107i inicijative, pokre\u0107u\u0107i vije\u0107ni\u010dka pitanja, aktivno se uklju\u010divati u svaku raspravu, daju\u0107i doprinos kvalitetnim rje\u0161enjima za \u017eivot gra\u0111ana op\u0107ine Te\u0161anj, nastoje\u0107i na tom putu maksimalno \u0161tititi zakonsku regulativu, bez obzira na ve\u0107inu, okupljenu oko SDA, koja svim silama nastoji ugu\u0161iti opoziciju na prostoru op\u0107ine Te\u0161anj.<\/p>\n<p>&nbsp;<\/p>\n<p style=\"text-align: right;\"><strong>\u00a0\u00a0\u00a0\u00a0\u00a0\u00a0\u00a0\u00a0\u00a0\u00a0\u00a0\u00a0\u00a0\u00a0\u00a0\u00a0\u00a0\u00a0\u00a0\u00a0\u00a0\u00a0\u00a0\u00a0\u00a0\u00a0\u00a0\u00a0\u00a0\u00a0\u00a0\u00a0\u00a0\u00a0\u00a0\u00a0\u00a0\u00a0\u00a0\u00a0\u00a0\u00a0\u00a0\u00a0\u00a0\u00a0\u00a0\u00a0\u00a0\u00a0\u00a0\u00a0\u00a0\u00a0\u00a0\u00a0\u00a0\u00a0\u00a0\u00a0\u00a0\u00a0\u00a0\u00a0\u00a0 \u00a0\u00a0\u00a0\u00a0 \u00a0\u00a0\u00a0\u00a0\u00a0\u00a0\u00a0\u00a0\u00a0\u00a0\u00a0\u00a0\u00a0\u00a0\u00a0\u00a0\u00a0<\/strong><strong>Komisija za informisanje<br \/>\n<\/strong><strong>OOSDPBiH Te\u0161anj<\/strong><\/p>\n","protected":false},"excerpt":{"rendered":"<p>Po\u0161tovane gra\u0111anke i gra\u0111ani op\u0107ine Te\u0161anj, Predpostavljamo da ste na lokalnim TV medijima imali priliku pogledati snimak 25. \u00a0i 26. sjednice Op\u0107inskog vije\u0107a Te\u0161anj. Tok navedenih sjednica ukazuje na velike propuste u vo\u0111enju sjednice od strane novog predsjedavaju\u0107eg OV Te\u0161anj, a ve\u0107ina u OV Te\u0161anj, predvo\u0111ena SDA, po ko zna koji put,\u00a0 je pokazala demonstraciju [&hellip;]<\/p>\n","protected":false},"author":2,"featured_media":0,"comment_status":"closed","ping_status":"closed","sticky":false,"template":"","format":"standard","meta":{"ngg_post_thumbnail":0,"footnotes":""},"categories":[3],"tags":[],"class_list":["post-3459","post","type-post","status-publish","format-standard","hentry","category-vijesti"],"_links":{"self":[{"href":"https:\/\/sdp-tesanj.org\/bs\/wp-json\/wp\/v2\/posts\/3459","targetHints":{"allow":["GET"]}}],"collection":[{"href":"https:\/\/sdp-tesanj.org\/bs\/wp-json\/wp\/v2\/posts"}],"about":[{"href":"https:\/\/sdp-tesanj.org\/bs\/wp-json\/wp\/v2\/types\/post"}],"author":[{"embeddable":true,"href":"https:\/\/sdp-tesanj.org\/bs\/wp-json\/wp\/v2\/users\/2"}],"replies":[{"embeddable":true,"href":"https:\/\/sdp-tesanj.org\/bs\/wp-json\/wp\/v2\/comments?post=3459"}],"version-history":[{"count":1,"href":"https:\/\/sdp-tesanj.org\/bs\/wp-json\/wp\/v2\/posts\/3459\/revisions"}],"predecessor-version":[{"id":3460,"href":"https:\/\/sdp-tesanj.org\/bs\/wp-json\/wp\/v2\/posts\/3459\/revisions\/3460"}],"wp:attachment":[{"href":"https:\/\/sdp-tesanj.org\/bs\/wp-json\/wp\/v2\/media?parent=3459"}],"wp:term":[{"taxonomy":"category","embeddable":true,"href":"https:\/\/sdp-tesanj.org\/bs\/wp-json\/wp\/v2\/categories?post=3459"},{"taxonomy":"post_tag","embeddable":true,"href":"https:\/\/sdp-tesanj.org\/bs\/wp-json\/wp\/v2\/tags?post=3459"}],"curies":[{"name":"wp","href":"https:\/\/api.w.org\/{rel}","templated":true}]}}