{"id":3416,"date":"2015-02-13T16:13:42","date_gmt":"2015-02-13T15:13:42","guid":{"rendered":"https:\/\/sdp-tesanj.org\/bs\/?p=3416"},"modified":"2015-02-13T16:13:42","modified_gmt":"2015-02-13T15:13:42","slug":"forum-mladih-sdpbih-tesanj-formira-mini-biblioteku","status":"publish","type":"post","link":"https:\/\/sdp-tesanj.org\/bs\/forum-mladih-sdpbih-tesanj-formira-mini-biblioteku\/","title":{"rendered":"Forum mladih SDPBiH Te\u0161anj formira mini biblioteku"},"content":{"rendered":"<div id=\"attachment_3417\" style=\"width: 263px\" class=\"wp-caption alignleft\"><a href=\"https:\/\/sdp-tesanj.org\/bs\/wp-content\/uploads\/547455_10151533648202937_1083535167_n.jpg\"><img loading=\"lazy\" decoding=\"async\" aria-describedby=\"caption-attachment-3417\" class=\"wp-image-3417\" src=\"https:\/\/sdp-tesanj.org\/bs\/wp-content\/uploads\/547455_10151533648202937_1083535167_n-640x480.jpg\" alt=\"Forum mladih SDPBiH Te\u0161anj\" width=\"253\" height=\"190\" srcset=\"https:\/\/sdp-tesanj.org\/bs\/wp-content\/uploads\/547455_10151533648202937_1083535167_n-640x480.jpg 640w, https:\/\/sdp-tesanj.org\/bs\/wp-content\/uploads\/547455_10151533648202937_1083535167_n.jpg 960w\" sizes=\"auto, (max-width: 253px) 100vw, 253px\" \/><\/a><p id=\"caption-attachment-3417\" class=\"wp-caption-text\">Forum mladih SDPBiH Te\u0161anj<\/p><\/div>\n<p><strong><em>\u201eNapraviti biblioteku u ku\u0107i, zna\u010di podariti joj du\u0161u.\u201c Ciceron<\/em><\/strong><\/p>\n<p>Vo\u0111eni tom idejom Izvr\u0161ni odbor Foruma mladih SDPBiH Te\u0161anj je na XV sjednici odr\u017eanoj 31.1. 2015. godine pokrenuo inicijativu o formiranju mini biblioteke, u sklopu kancelarije OOSDPBiH Te\u0161anj.<\/p>\n<p>Kancelarija SDP-a, ve\u0107, raspola\u017ee sa odre\u0111enim brojem naslova, a Fond za unapre\u0111enje obrazovanja, koje djeluje pri Forumu mladih SDPBiH Te\u0161anj, ve\u0107 je izdvojio zna\u010dajna sredstva za kupovinu novih naslova.<\/p>\n<p>Pored ovog na\u010dina prikupljanja knjiga, koje \u0107e biti na raspolaganju, svoje knjige na raspolaganje biblioteci \u0107e mo\u0107i dati i drugi zainteresovani gra\u0111ani, a to \u0107e mo\u0107i u\u010diniti i na na\u010din da nam dostave samo spisak naslova koje su spremni davati na \u010ditanje zainteresovanim gra\u0111anima.<!--more--><\/p>\n<p>Biblioteka ne\u0107e djelovati kao klasi\u010dne biblioteke, ve\u0107 na na\u010din da \u0107e se uraditi elektronska baza knjiga kojima raspola\u017eemo. Nakon pronalaska knjige, putem pretra\u017eiva\u010da, za kuju ste zainteresovan, istu \u0107ete mo\u0107i naru\u010diti i preuzeti u kancelariji SDP-a u dogovorenom terminu.<\/p>\n<p>\u201eOvo je mali doprinos nas iz Foruma mladih da knjigu pribli\u017eimo \u010ditaocima, a ujedno i poruka da RESTART SDPBiH ne podrazumjeva prekid svih drugih aktivnosti, koje je Forum mladih zacrtao u svom Programu\u201c, poru\u010duje Irnela \u010coli\u0107 predsjednica Foruma mladih OOSDPBiH Te\u0161anj.<br \/>\n&nbsp;<\/p>\n<p>&nbsp;<\/p>\n<p style=\"text-align: right;\">\u00a0\u00a0\u00a0\u00a0\u00a0\u00a0\u00a0\u00a0\u00a0\u00a0\u00a0\u00a0\u00a0\u00a0\u00a0\u00a0\u00a0\u00a0 \u00a0\u00a0\u00a0\u00a0\u00a0\u00a0\u00a0\u00a0\u00a0\u00a0\u00a0\u00a0\u00a0\u00a0\u00a0\u00a0\u00a0\u00a0\u00a0\u00a0\u00a0\u00a0\u00a0\u00a0\u00a0\u00a0\u00a0\u00a0\u00a0\u00a0\u00a0\u00a0\u00a0\u00a0\u00a0\u00a0\u00a0\u00a0\u00a0\u00a0\u00a0\u00a0\u00a0\u00a0\u00a0\u00a0\u00a0\u00a0\u00a0\u00a0\u00a0\u00a0\u00a0\u00a0\u00a0\u00a0\u00a0\u00a0\u00a0\u00a0\u00a0\u00a0\u00a0\u00a0\u00a0\u00a0\u00a0\u00a0\u00a0\u00a0\u00a0\u00a0\u00a0 <strong>Komisija za informisanje<br \/>\nForuma mladih OOSDPBiH Te\u0161anj\u00a0\u00a0\u00a0\u00a0\u00a0\u00a0\u00a0\u00a0 <\/strong><\/p>\n","protected":false},"excerpt":{"rendered":"<p>\u201eNapraviti biblioteku u ku\u0107i, zna\u010di podariti joj du\u0161u.\u201c Ciceron Vo\u0111eni tom idejom Izvr\u0161ni odbor Foruma mladih SDPBiH Te\u0161anj je na XV sjednici odr\u017eanoj 31.1. 2015. godine pokrenuo inicijativu o formiranju mini biblioteke, u sklopu kancelarije OOSDPBiH Te\u0161anj. Kancelarija SDP-a, ve\u0107, raspola\u017ee sa odre\u0111enim brojem naslova, a Fond za unapre\u0111enje obrazovanja, koje djeluje pri Forumu mladih [&hellip;]<\/p>\n","protected":false},"author":2,"featured_media":3417,"comment_status":"closed","ping_status":"closed","sticky":false,"template":"","format":"standard","meta":{"ngg_post_thumbnail":0,"footnotes":""},"categories":[21],"tags":[],"class_list":["post-3416","post","type-post","status-publish","format-standard","hentry","category-forum-mladih"],"_links":{"self":[{"href":"https:\/\/sdp-tesanj.org\/bs\/wp-json\/wp\/v2\/posts\/3416","targetHints":{"allow":["GET"]}}],"collection":[{"href":"https:\/\/sdp-tesanj.org\/bs\/wp-json\/wp\/v2\/posts"}],"about":[{"href":"https:\/\/sdp-tesanj.org\/bs\/wp-json\/wp\/v2\/types\/post"}],"author":[{"embeddable":true,"href":"https:\/\/sdp-tesanj.org\/bs\/wp-json\/wp\/v2\/users\/2"}],"replies":[{"embeddable":true,"href":"https:\/\/sdp-tesanj.org\/bs\/wp-json\/wp\/v2\/comments?post=3416"}],"version-history":[{"count":1,"href":"https:\/\/sdp-tesanj.org\/bs\/wp-json\/wp\/v2\/posts\/3416\/revisions"}],"predecessor-version":[{"id":3418,"href":"https:\/\/sdp-tesanj.org\/bs\/wp-json\/wp\/v2\/posts\/3416\/revisions\/3418"}],"wp:featuredmedia":[{"embeddable":true,"href":"https:\/\/sdp-tesanj.org\/bs\/wp-json\/wp\/v2\/media\/3417"}],"wp:attachment":[{"href":"https:\/\/sdp-tesanj.org\/bs\/wp-json\/wp\/v2\/media?parent=3416"}],"wp:term":[{"taxonomy":"category","embeddable":true,"href":"https:\/\/sdp-tesanj.org\/bs\/wp-json\/wp\/v2\/categories?post=3416"},{"taxonomy":"post_tag","embeddable":true,"href":"https:\/\/sdp-tesanj.org\/bs\/wp-json\/wp\/v2\/tags?post=3416"}],"curies":[{"name":"wp","href":"https:\/\/api.w.org\/{rel}","templated":true}]}}