{"id":3384,"date":"2015-01-26T11:39:51","date_gmt":"2015-01-26T10:39:51","guid":{"rendered":"https:\/\/sdp-tesanj.org\/bs\/?p=3384"},"modified":"2015-01-26T11:59:04","modified_gmt":"2015-01-26T10:59:04","slug":"oosdpbih-tesanj-uzela-ucesce-u-obiljezavanju-igmanskog-marsa","status":"publish","type":"post","link":"https:\/\/sdp-tesanj.org\/bs\/oosdpbih-tesanj-uzela-ucesce-u-obiljezavanju-igmanskog-marsa\/","title":{"rendered":"OOSDPBiH Te\u0161anj uzeo u\u010de\u0161\u0107e u obilje\u017eavanju Igmanskog mar\u0161a"},"content":{"rendered":"<div id=\"attachment_3385\" style=\"width: 263px\" class=\"wp-caption alignleft\"><a href=\"https:\/\/sdp-tesanj.org\/bs\/wp-content\/uploads\/100_4472.jpg\"><img loading=\"lazy\" decoding=\"async\" aria-describedby=\"caption-attachment-3385\" class=\"wp-image-3385\" src=\"https:\/\/sdp-tesanj.org\/bs\/wp-content\/uploads\/100_4472.jpg\" alt=\"Igmanski mar\u0161 2015\" width=\"253\" height=\"190\" \/><\/a><p id=\"caption-attachment-3385\" class=\"wp-caption-text\">Igmanski mar\u0161 2015<\/p><\/div>\n<p>Op\u0107inska organizacija SDPBiH Te\u0161anj nastavlja sa njegovanjem tekovina antifa\u0161izma, kao jednog od Ustavnih temelja Bosne i Hercegovine.<\/p>\n<p>Jedna smo od rijetkih Op\u0107inskih organizacija SDP-a koja je uzela u\u010de\u0161\u0107e na ovogodi\u0161njem obilje\u017eavanju 73. godi\u0161njice Igmanskog mar\u0161a. Ve\u0107ina u\u010desnika je pje\u0161a\u010dila jedan dio mar\u0161a iako je vrijeme bilo hladno i sa dosta snijega, me\u0111utim to nas je jo\u0161 vi\u0161e podsjetilo na ovaj epski Mar\u0161 koji se odvijao u hladnoj zimskoj no\u0107i 27. januara 1942. godine.<\/p>\n<p>Op\u0107inska organizacija SDPBiH Te\u0161anj nastavlja sa njegovanjem tekovina antifa\u0161izma, kao jednog od Ustavnih temelja Bosne i Hercegovine.<!--more--><\/p>\n<p>Jedna smo od rijetkih Op\u0107inskih organizacija SDP-a koja je uzela u\u010de\u0161\u0107e na ovogodi\u0161njem obilje\u017eavanju 73. godi\u0161njice Igmanskog mar\u0161a. Ve\u0107ina u\u010desnika je pje\u0161a\u010dila jedan dio mar\u0161a iako je vrijeme bilo hladno i sa dosta snijega, me\u0111utim to nas je jo\u0161 vi\u0161e podsjetilo na ovaj epski Mar\u0161 koji se odvijao u hladnoj zimskoj no\u0107i 27. januara 1942. godine.<\/p>\n<p>Igmanski mar\u0161 je jedna od najpoznatijih i najslavnijih epizoda iz perioda Narodno- oslobodila\u010dke borbe i jedinstvena operacija te vrste u svijetu.<\/p>\n<p>Tog januara 1942. godine, Prva proleterska brigada se na Romaniji na\u0161la opkoljena jakim njema\u010dkim snagama. \u0160tab brigade donosi odluku o izvr\u0161enju opasnog, ali jedinog mogu\u0107eg poteza. Trebalo je pro\u0107i pored Sarajeva, preko Igmana, prema oslobo\u0111enoj Fo\u010di.<\/p>\n<p>Dobra atmosfera i drugarstvo su bili ja\u010di od hladno\u0107e i ovaj put. Na kraju smo polo\u017eili cvije\u0107e u \u010dast onih koji su izgubili \u017eivote na Igmanskom mar\u0161u.<\/p>\n<p>OOSDPBiH Te\u0161anj \u0107e nastaviti sa njegovanjem tekovina antifa\u0161izma, a u planu nam je i prisustvo manifestaciji obilje\u017eavanja 70. godi\u0161njice pobjede nad fa\u0161izmom u Drugom svjetskom ratu, koja \u0107e se odr\u017eati u Sloveniji u maju 2015. godine.<\/p>\n<p>&nbsp;<\/p>\n<p>&nbsp;<\/p>\n\n\t\t<style type=\"text\/css\">\n\t\t\t#gallery-1 {\n\t\t\t\tmargin: auto;\n\t\t\t}\n\t\t\t#gallery-1 .gallery-item {\n\t\t\t\tfloat: left;\n\t\t\t\tmargin-top: 10px;\n\t\t\t\ttext-align: center;\n\t\t\t\twidth: 33%;\n\t\t\t}\n\t\t\t#gallery-1 img {\n\t\t\t\tborder: 2px solid #cfcfcf;\n\t\t\t}\n\t\t\t#gallery-1 .gallery-caption {\n\t\t\t\tmargin-left: 0;\n\t\t\t}\n\t\t\t\/* see gallery_shortcode() in wp-includes\/media.php *\/\n\t\t<\/style>\n\t\t<div id='gallery-1' class='gallery galleryid-3384 gallery-columns-3 gallery-size-thumbnail'><dl class='gallery-item'>\n\t\t\t<dt class='gallery-icon landscape'>\n\t\t\t\t<a href='https:\/\/sdp-tesanj.org\/bs\/oosdpbih-tesanj-uzela-ucesce-u-obiljezavanju-igmanskog-marsa\/100_4451\/'><img loading=\"lazy\" decoding=\"async\" width=\"150\" height=\"150\" src=\"https:\/\/sdp-tesanj.org\/bs\/wp-content\/uploads\/100_4451-150x150.jpg\" class=\"attachment-thumbnail size-thumbnail\" alt=\"\" \/><\/a>\n\t\t\t<\/dt><\/dl><dl class='gallery-item'>\n\t\t\t<dt class='gallery-icon landscape'>\n\t\t\t\t<a href='https:\/\/sdp-tesanj.org\/bs\/oosdpbih-tesanj-uzela-ucesce-u-obiljezavanju-igmanskog-marsa\/100_4468\/'><img loading=\"lazy\" decoding=\"async\" width=\"150\" height=\"150\" src=\"https:\/\/sdp-tesanj.org\/bs\/wp-content\/uploads\/100_4468-150x150.jpg\" class=\"attachment-thumbnail size-thumbnail\" alt=\"\" \/><\/a>\n\t\t\t<\/dt><\/dl><dl class='gallery-item'>\n\t\t\t<dt class='gallery-icon landscape'>\n\t\t\t\t<a href='https:\/\/sdp-tesanj.org\/bs\/oosdpbih-tesanj-uzela-ucesce-u-obiljezavanju-igmanskog-marsa\/10151850_606691082796600_2211618508478203529_n\/'><img loading=\"lazy\" decoding=\"async\" width=\"150\" height=\"150\" src=\"https:\/\/sdp-tesanj.org\/bs\/wp-content\/uploads\/10151850_606691082796600_2211618508478203529_n-150x150.jpg\" class=\"attachment-thumbnail size-thumbnail\" alt=\"\" \/><\/a>\n\t\t\t<\/dt><\/dl><br style=\"clear: both\" \/><dl class='gallery-item'>\n\t\t\t<dt class='gallery-icon landscape'>\n\t\t\t\t<a href='https:\/\/sdp-tesanj.org\/bs\/oosdpbih-tesanj-uzela-ucesce-u-obiljezavanju-igmanskog-marsa\/10257042_606691832796525_4291856205827472338_n\/'><img loading=\"lazy\" decoding=\"async\" width=\"150\" height=\"150\" src=\"https:\/\/sdp-tesanj.org\/bs\/wp-content\/uploads\/10257042_606691832796525_4291856205827472338_n-150x150.jpg\" class=\"attachment-thumbnail size-thumbnail\" alt=\"\" \/><\/a>\n\t\t\t<\/dt><\/dl><dl class='gallery-item'>\n\t\t\t<dt class='gallery-icon landscape'>\n\t\t\t\t<a href='https:\/\/sdp-tesanj.org\/bs\/oosdpbih-tesanj-uzela-ucesce-u-obiljezavanju-igmanskog-marsa\/10303292_606692309463144_3797786963644434213_n\/'><img loading=\"lazy\" decoding=\"async\" width=\"150\" height=\"150\" src=\"https:\/\/sdp-tesanj.org\/bs\/wp-content\/uploads\/10303292_606692309463144_3797786963644434213_n-150x150.jpg\" class=\"attachment-thumbnail size-thumbnail\" alt=\"\" \/><\/a>\n\t\t\t<\/dt><\/dl><dl class='gallery-item'>\n\t\t\t<dt class='gallery-icon landscape'>\n\t\t\t\t<a href='https:\/\/sdp-tesanj.org\/bs\/oosdpbih-tesanj-uzela-ucesce-u-obiljezavanju-igmanskog-marsa\/10347485_606690179463357_2992245448133594172_n\/'><img loading=\"lazy\" decoding=\"async\" width=\"150\" height=\"150\" src=\"https:\/\/sdp-tesanj.org\/bs\/wp-content\/uploads\/10347485_606690179463357_2992245448133594172_n-150x150.jpg\" class=\"attachment-thumbnail size-thumbnail\" alt=\"\" \/><\/a>\n\t\t\t<\/dt><\/dl><br style=\"clear: both\" \/><dl class='gallery-item'>\n\t\t\t<dt class='gallery-icon landscape'>\n\t\t\t\t<a href='https:\/\/sdp-tesanj.org\/bs\/oosdpbih-tesanj-uzela-ucesce-u-obiljezavanju-igmanskog-marsa\/10347486_10153027527557937_1338132338488563878_n\/'><img loading=\"lazy\" decoding=\"async\" width=\"150\" height=\"150\" src=\"https:\/\/sdp-tesanj.org\/bs\/wp-content\/uploads\/10347486_10153027527557937_1338132338488563878_n-150x150.jpg\" class=\"attachment-thumbnail size-thumbnail\" alt=\"\" \/><\/a>\n\t\t\t<\/dt><\/dl><dl class='gallery-item'>\n\t\t\t<dt class='gallery-icon landscape'>\n\t\t\t\t<a href='https:\/\/sdp-tesanj.org\/bs\/oosdpbih-tesanj-uzela-ucesce-u-obiljezavanju-igmanskog-marsa\/10392584_606689849463390_8676095215514119312_n\/'><img loading=\"lazy\" decoding=\"async\" width=\"150\" height=\"150\" src=\"https:\/\/sdp-tesanj.org\/bs\/wp-content\/uploads\/10392584_606689849463390_8676095215514119312_n-150x150.jpg\" class=\"attachment-thumbnail size-thumbnail\" alt=\"\" \/><\/a>\n\t\t\t<\/dt><\/dl><dl class='gallery-item'>\n\t\t\t<dt class='gallery-icon landscape'>\n\t\t\t\t<a href='https:\/\/sdp-tesanj.org\/bs\/oosdpbih-tesanj-uzela-ucesce-u-obiljezavanju-igmanskog-marsa\/10438955_10153027527792937_5433139438187649205_n\/'><img loading=\"lazy\" decoding=\"async\" width=\"150\" height=\"150\" src=\"https:\/\/sdp-tesanj.org\/bs\/wp-content\/uploads\/10438955_10153027527792937_5433139438187649205_n-150x150.jpg\" class=\"attachment-thumbnail size-thumbnail\" alt=\"\" \/><\/a>\n\t\t\t<\/dt><\/dl><br style=\"clear: both\" \/><dl class='gallery-item'>\n\t\t\t<dt class='gallery-icon landscape'>\n\t\t\t\t<a href='https:\/\/sdp-tesanj.org\/bs\/oosdpbih-tesanj-uzela-ucesce-u-obiljezavanju-igmanskog-marsa\/10470209_606691912796517_5998042941127549600_n\/'><img loading=\"lazy\" decoding=\"async\" width=\"150\" height=\"150\" src=\"https:\/\/sdp-tesanj.org\/bs\/wp-content\/uploads\/10470209_606691912796517_5998042941127549600_n-150x150.jpg\" class=\"attachment-thumbnail size-thumbnail\" alt=\"\" \/><\/a>\n\t\t\t<\/dt><\/dl><dl class='gallery-item'>\n\t\t\t<dt class='gallery-icon landscape'>\n\t\t\t\t<a href='https:\/\/sdp-tesanj.org\/bs\/oosdpbih-tesanj-uzela-ucesce-u-obiljezavanju-igmanskog-marsa\/10479746_606687992796909_4378780372790820066_n\/'><img loading=\"lazy\" decoding=\"async\" width=\"150\" height=\"150\" src=\"https:\/\/sdp-tesanj.org\/bs\/wp-content\/uploads\/10479746_606687992796909_4378780372790820066_n-150x150.jpg\" class=\"attachment-thumbnail size-thumbnail\" alt=\"\" \/><\/a>\n\t\t\t<\/dt><\/dl><dl class='gallery-item'>\n\t\t\t<dt class='gallery-icon landscape'>\n\t\t\t\t<a href='https:\/\/sdp-tesanj.org\/bs\/oosdpbih-tesanj-uzela-ucesce-u-obiljezavanju-igmanskog-marsa\/10690063_606687666130275_6648944457220407531_n\/'><img loading=\"lazy\" decoding=\"async\" width=\"150\" height=\"150\" src=\"https:\/\/sdp-tesanj.org\/bs\/wp-content\/uploads\/10690063_606687666130275_6648944457220407531_n-150x150.jpg\" class=\"attachment-thumbnail size-thumbnail\" alt=\"\" \/><\/a>\n\t\t\t<\/dt><\/dl><br style=\"clear: both\" \/><dl class='gallery-item'>\n\t\t\t<dt class='gallery-icon landscape'>\n\t\t\t\t<a href='https:\/\/sdp-tesanj.org\/bs\/oosdpbih-tesanj-uzela-ucesce-u-obiljezavanju-igmanskog-marsa\/10801676_606690729463302_1458343184396769214_n\/'><img loading=\"lazy\" decoding=\"async\" width=\"150\" height=\"150\" src=\"https:\/\/sdp-tesanj.org\/bs\/wp-content\/uploads\/10801676_606690729463302_1458343184396769214_n-150x150.jpg\" class=\"attachment-thumbnail size-thumbnail\" alt=\"\" \/><\/a>\n\t\t\t<\/dt><\/dl><dl class='gallery-item'>\n\t\t\t<dt class='gallery-icon landscape'>\n\t\t\t\t<a href='https:\/\/sdp-tesanj.org\/bs\/oosdpbih-tesanj-uzela-ucesce-u-obiljezavanju-igmanskog-marsa\/10888392_606692349463140_6285103630035769620_n\/'><img loading=\"lazy\" decoding=\"async\" width=\"150\" height=\"150\" src=\"https:\/\/sdp-tesanj.org\/bs\/wp-content\/uploads\/10888392_606692349463140_6285103630035769620_n-150x150.jpg\" class=\"attachment-thumbnail size-thumbnail\" alt=\"\" \/><\/a>\n\t\t\t<\/dt><\/dl><dl class='gallery-item'>\n\t\t\t<dt class='gallery-icon landscape'>\n\t\t\t\t<a href='https:\/\/sdp-tesanj.org\/bs\/oosdpbih-tesanj-uzela-ucesce-u-obiljezavanju-igmanskog-marsa\/10888510_606690876129954_6215213611279522489_n\/'><img loading=\"lazy\" decoding=\"async\" width=\"150\" height=\"150\" src=\"https:\/\/sdp-tesanj.org\/bs\/wp-content\/uploads\/10888510_606690876129954_6215213611279522489_n-150x150.jpg\" class=\"attachment-thumbnail size-thumbnail\" alt=\"\" \/><\/a>\n\t\t\t<\/dt><\/dl><br style=\"clear: both\" \/><dl class='gallery-item'>\n\t\t\t<dt class='gallery-icon landscape'>\n\t\t\t\t<a href='https:\/\/sdp-tesanj.org\/bs\/oosdpbih-tesanj-uzela-ucesce-u-obiljezavanju-igmanskog-marsa\/10923529_606687796130262_890653696022960242_n\/'><img loading=\"lazy\" decoding=\"async\" width=\"150\" height=\"150\" src=\"https:\/\/sdp-tesanj.org\/bs\/wp-content\/uploads\/10923529_606687796130262_890653696022960242_n-150x150.jpg\" class=\"attachment-thumbnail size-thumbnail\" alt=\"\" \/><\/a>\n\t\t\t<\/dt><\/dl><dl class='gallery-item'>\n\t\t\t<dt class='gallery-icon landscape'>\n\t\t\t\t<a href='https:\/\/sdp-tesanj.org\/bs\/oosdpbih-tesanj-uzela-ucesce-u-obiljezavanju-igmanskog-marsa\/10947317_808020039272192_5319662834932527539_n\/'><img loading=\"lazy\" decoding=\"async\" width=\"150\" height=\"150\" src=\"https:\/\/sdp-tesanj.org\/bs\/wp-content\/uploads\/10947317_808020039272192_5319662834932527539_n-150x150.jpg\" class=\"attachment-thumbnail size-thumbnail\" alt=\"\" \/><\/a>\n\t\t\t<\/dt><\/dl><dl class='gallery-item'>\n\t\t\t<dt class='gallery-icon landscape'>\n\t\t\t\t<a href='https:\/\/sdp-tesanj.org\/bs\/oosdpbih-tesanj-uzela-ucesce-u-obiljezavanju-igmanskog-marsa\/10952125_606691682796540_3928611071782181165_n\/'><img loading=\"lazy\" decoding=\"async\" width=\"150\" height=\"150\" src=\"https:\/\/sdp-tesanj.org\/bs\/wp-content\/uploads\/10952125_606691682796540_3928611071782181165_n-150x150.jpg\" class=\"attachment-thumbnail size-thumbnail\" alt=\"\" \/><\/a>\n\t\t\t<\/dt><\/dl><br style=\"clear: both\" \/><dl class='gallery-item'>\n\t\t\t<dt class='gallery-icon landscape'>\n\t\t\t\t<a href='https:\/\/sdp-tesanj.org\/bs\/oosdpbih-tesanj-uzela-ucesce-u-obiljezavanju-igmanskog-marsa\/100_4448\/'><img loading=\"lazy\" decoding=\"async\" width=\"150\" height=\"150\" src=\"https:\/\/sdp-tesanj.org\/bs\/wp-content\/uploads\/100_4448-150x150.jpg\" class=\"attachment-thumbnail size-thumbnail\" alt=\"\" \/><\/a>\n\t\t\t<\/dt><\/dl>\n\t\t\t<br style='clear: both' \/>\n\t\t<\/div>\n\n<p>&nbsp;<\/p>\n<p>&nbsp;<\/p>\n<p style=\"text-align: right;\">\u00a0\u00a0\u00a0\u00a0\u00a0\u00a0\u00a0\u00a0\u00a0\u00a0\u00a0\u00a0\u00a0\u00a0\u00a0\u00a0\u00a0\u00a0\u00a0\u00a0\u00a0\u00a0\u00a0\u00a0\u00a0\u00a0\u00a0\u00a0\u00a0\u00a0\u00a0\u00a0\u00a0\u00a0\u00a0\u00a0\u00a0\u00a0\u00a0\u00a0\u00a0\u00a0\u00a0\u00a0\u00a0\u00a0\u00a0\u00a0\u00a0\u00a0\u00a0\u00a0\u00a0\u00a0\u00a0\u00a0\u00a0\u00a0\u00a0\u00a0\u00a0\u00a0\u00a0\u00a0\u00a0\u00a0\u00a0\u00a0\u00a0 Komisija za informisanje\u00a0 OOSDPBiH Te\u0161anj<\/p>\n","protected":false},"excerpt":{"rendered":"<p>Op\u0107inska organizacija SDPBiH Te\u0161anj nastavlja sa njegovanjem tekovina antifa\u0161izma, kao jednog od Ustavnih temelja Bosne i Hercegovine. Jedna smo od rijetkih Op\u0107inskih organizacija SDP-a koja je uzela u\u010de\u0161\u0107e na ovogodi\u0161njem obilje\u017eavanju 73. godi\u0161njice Igmanskog mar\u0161a. Ve\u0107ina u\u010desnika je pje\u0161a\u010dila jedan dio mar\u0161a iako je vrijeme bilo hladno i sa dosta snijega, me\u0111utim to nas je [&hellip;]<\/p>\n","protected":false},"author":2,"featured_media":3405,"comment_status":"closed","ping_status":"closed","sticky":false,"template":"","format":"standard","meta":{"ngg_post_thumbnail":0,"footnotes":""},"categories":[3],"tags":[],"class_list":["post-3384","post","type-post","status-publish","format-standard","hentry","category-vijesti"],"_links":{"self":[{"href":"https:\/\/sdp-tesanj.org\/bs\/wp-json\/wp\/v2\/posts\/3384","targetHints":{"allow":["GET"]}}],"collection":[{"href":"https:\/\/sdp-tesanj.org\/bs\/wp-json\/wp\/v2\/posts"}],"about":[{"href":"https:\/\/sdp-tesanj.org\/bs\/wp-json\/wp\/v2\/types\/post"}],"author":[{"embeddable":true,"href":"https:\/\/sdp-tesanj.org\/bs\/wp-json\/wp\/v2\/users\/2"}],"replies":[{"embeddable":true,"href":"https:\/\/sdp-tesanj.org\/bs\/wp-json\/wp\/v2\/comments?post=3384"}],"version-history":[{"count":4,"href":"https:\/\/sdp-tesanj.org\/bs\/wp-json\/wp\/v2\/posts\/3384\/revisions"}],"predecessor-version":[{"id":3409,"href":"https:\/\/sdp-tesanj.org\/bs\/wp-json\/wp\/v2\/posts\/3384\/revisions\/3409"}],"wp:featuredmedia":[{"embeddable":true,"href":"https:\/\/sdp-tesanj.org\/bs\/wp-json\/wp\/v2\/media\/3405"}],"wp:attachment":[{"href":"https:\/\/sdp-tesanj.org\/bs\/wp-json\/wp\/v2\/media?parent=3384"}],"wp:term":[{"taxonomy":"category","embeddable":true,"href":"https:\/\/sdp-tesanj.org\/bs\/wp-json\/wp\/v2\/categories?post=3384"},{"taxonomy":"post_tag","embeddable":true,"href":"https:\/\/sdp-tesanj.org\/bs\/wp-json\/wp\/v2\/tags?post=3384"}],"curies":[{"name":"wp","href":"https:\/\/api.w.org\/{rel}","templated":true}]}}