{"id":3374,"date":"2015-01-16T13:15:30","date_gmt":"2015-01-16T12:15:30","guid":{"rendered":"https:\/\/sdp-tesanj.org\/bs\/?p=3374"},"modified":"2015-01-16T13:18:18","modified_gmt":"2015-01-16T12:18:18","slug":"jasmin-smailbegovic-sisi-17-januar-2014-17-januar-2015-godine","status":"publish","type":"post","link":"https:\/\/sdp-tesanj.org\/bs\/jasmin-smailbegovic-sisi-17-januar-2014-17-januar-2015-godine\/","title":{"rendered":"JASMIN SMAILBEGOVI\u0106 SISI 17. januar 2014. &#8211; 17. januar. 2015. godine"},"content":{"rendered":"<div id=\"attachment_3379\" style=\"width: 263px\" class=\"wp-caption alignleft\"><a href=\"https:\/\/sdp-tesanj.org\/bs\/wp-content\/uploads\/Jasmin-Smailbegovic-Custom1.jpg\"><img loading=\"lazy\" decoding=\"async\" aria-describedby=\"caption-attachment-3379\" class=\"wp-image-3379\" src=\"https:\/\/sdp-tesanj.org\/bs\/wp-content\/uploads\/Jasmin-Smailbegovic-Custom1-614x640.jpg\" alt=\"Jasmin Smailbegovi\u0107 Sisi\" width=\"253\" height=\"263\" srcset=\"https:\/\/sdp-tesanj.org\/bs\/wp-content\/uploads\/Jasmin-Smailbegovic-Custom1-614x640.jpg 614w, https:\/\/sdp-tesanj.org\/bs\/wp-content\/uploads\/Jasmin-Smailbegovic-Custom1.jpg 800w\" sizes=\"auto, (max-width: 253px) 100vw, 253px\" \/><\/a><p id=\"caption-attachment-3379\" class=\"wp-caption-text\">Jasmin Smailbegovi\u0107 Sisi<\/p><\/div>\n<p>Navr\u0161ava se godina dana odkada nas je, preranom smr\u0107u, napustio na\u0161 drug i prijatelj, uzoran roditelj, vrijedan radnik, u pravom smislu, \u010dovjek, humanista, JASMIN SMAILBEGOVI\u0106 SISI koji se morao cijeniti i voljeti.<\/p>\n<p>Sve \u0161to je \u017eivio i radio, bilo je sr\u010dano, iskreno i po\u0161teno. Saosje\u0107ao je sa svakim i sva\u010dijom nevoljom i \u010dinio sve da pomogne.<\/p>\n<p>Zato, na godi\u0161njicu gubitka na\u0161eg Jasmina Smailbegovi\u0107a osje\u0107amo prazninu i tugu, saosje\u0107anje sa Jasminovom porodicom i rodbinom, mnogim prijateljima i radnim kolegama, ali i ponos \u0161to je bio me\u0111u nama.<\/p>\n<p>Najbolje \u0161to mo\u017eemo u\u010diniti za Jasmina, je sada, da nam njegove ljudske vrline slu\u017ee za uzor, da budemo dobri ljudi.<\/p>\n<p>Neka mu je Rahmet i velika hvala!<!--more--><\/p>\n<p>&nbsp;<\/p>\n<p style=\"text-align: right;\"><strong>Op\u0107inska organizacija SDPBiH Te\u0161anj<\/strong><\/p>\n","protected":false},"excerpt":{"rendered":"<p>Navr\u0161ava se godina dana odkada nas je, preranom smr\u0107u, napustio na\u0161 drug i prijatelj, uzoran roditelj, vrijedan radnik, u pravom smislu, \u010dovjek, humanista, JASMIN SMAILBEGOVI\u0106 SISI koji se morao cijeniti i voljeti. Sve \u0161to je \u017eivio i radio, bilo je sr\u010dano, iskreno i po\u0161teno. Saosje\u0107ao je sa svakim i sva\u010dijom nevoljom i \u010dinio sve da [&hellip;]<\/p>\n","protected":false},"author":2,"featured_media":3379,"comment_status":"closed","ping_status":"closed","sticky":false,"template":"","format":"standard","meta":{"ngg_post_thumbnail":0,"footnotes":""},"categories":[3],"tags":[],"class_list":["post-3374","post","type-post","status-publish","format-standard","hentry","category-vijesti"],"_links":{"self":[{"href":"https:\/\/sdp-tesanj.org\/bs\/wp-json\/wp\/v2\/posts\/3374","targetHints":{"allow":["GET"]}}],"collection":[{"href":"https:\/\/sdp-tesanj.org\/bs\/wp-json\/wp\/v2\/posts"}],"about":[{"href":"https:\/\/sdp-tesanj.org\/bs\/wp-json\/wp\/v2\/types\/post"}],"author":[{"embeddable":true,"href":"https:\/\/sdp-tesanj.org\/bs\/wp-json\/wp\/v2\/users\/2"}],"replies":[{"embeddable":true,"href":"https:\/\/sdp-tesanj.org\/bs\/wp-json\/wp\/v2\/comments?post=3374"}],"version-history":[{"count":5,"href":"https:\/\/sdp-tesanj.org\/bs\/wp-json\/wp\/v2\/posts\/3374\/revisions"}],"predecessor-version":[{"id":3381,"href":"https:\/\/sdp-tesanj.org\/bs\/wp-json\/wp\/v2\/posts\/3374\/revisions\/3381"}],"wp:featuredmedia":[{"embeddable":true,"href":"https:\/\/sdp-tesanj.org\/bs\/wp-json\/wp\/v2\/media\/3379"}],"wp:attachment":[{"href":"https:\/\/sdp-tesanj.org\/bs\/wp-json\/wp\/v2\/media?parent=3374"}],"wp:term":[{"taxonomy":"category","embeddable":true,"href":"https:\/\/sdp-tesanj.org\/bs\/wp-json\/wp\/v2\/categories?post=3374"},{"taxonomy":"post_tag","embeddable":true,"href":"https:\/\/sdp-tesanj.org\/bs\/wp-json\/wp\/v2\/tags?post=3374"}],"curies":[{"name":"wp","href":"https:\/\/api.w.org\/{rel}","templated":true}]}}