{"id":3363,"date":"2014-12-31T16:47:19","date_gmt":"2014-12-31T15:47:19","guid":{"rendered":"https:\/\/sdp-tesanj.org\/bs\/?p=3363"},"modified":"2014-12-31T16:48:31","modified_gmt":"2014-12-31T15:48:31","slug":"novogodisnja-cestitka-oosdpbih-tesanj-3","status":"publish","type":"post","link":"https:\/\/sdp-tesanj.org\/bs\/novogodisnja-cestitka-oosdpbih-tesanj-3\/","title":{"rendered":"Novogodi\u0161nja \u010destitka OOSDPBiH Te\u0161anj"},"content":{"rendered":"<div id=\"attachment_3364\" style=\"width: 263px\" class=\"wp-caption alignleft\"><a href=\"https:\/\/sdp-tesanj.org\/bs\/wp-content\/uploads\/Novogodisnja-cestitka.jpg\"><img loading=\"lazy\" decoding=\"async\" aria-describedby=\"caption-attachment-3364\" class=\"wp-image-3364\" src=\"https:\/\/sdp-tesanj.org\/bs\/wp-content\/uploads\/Novogodisnja-cestitka-640x319.jpg\" alt=\"Sretna Nova 2015. godina!\" width=\"253\" height=\"126\" srcset=\"https:\/\/sdp-tesanj.org\/bs\/wp-content\/uploads\/Novogodisnja-cestitka-640x319.jpg 640w, https:\/\/sdp-tesanj.org\/bs\/wp-content\/uploads\/Novogodisnja-cestitka-960x479.jpg 960w, https:\/\/sdp-tesanj.org\/bs\/wp-content\/uploads\/Novogodisnja-cestitka.jpg 1264w\" sizes=\"auto, (max-width: 253px) 100vw, 253px\" \/><\/a><p id=\"caption-attachment-3364\" class=\"wp-caption-text\">Sretna Nova 2015. godina!<\/p><\/div>\n<p>U ime Op\u0107inske organizacija SDPBiH Te\u0161anj i svoje osobno, gra\u0111ankama i gra\u0111anima, posebno op\u0107ine Te\u0161anj,<\/p>\n<p>\u017eelim sretnu i uspje\u0161nu nastupaju\u0107u Novu 2015. godinu u svim oblastima \u017eivota i rada, u slozi i ljubavi prema \u010dovjeku i \u017eivotu!<!--more--><\/p>\n<p>&nbsp;<\/p>\n<p>&nbsp;<\/p>\n<p>&nbsp;<\/p>\n<p style=\"text-align: right;\">\u00a0\u00a0\u00a0\u00a0\u00a0\u00a0\u00a0\u00a0\u00a0\u00a0\u00a0\u00a0\u00a0\u00a0\u00a0\u00a0\u00a0\u00a0\u00a0\u00a0\u00a0\u00a0\u00a0\u00a0\u00a0\u00a0\u00a0\u00a0\u00a0\u00a0 <strong>\u00a0\u00a0\u00a0\u00a0\u00a0\u00a0\u00a0\u00a0\u00a0\u00a0\u00a0\u00a0\u00a0\u00a0\u00a0\u00a0\u00a0\u00a0\u00a0\u00a0\u00a0\u00a0\u00a0\u00a0\u00a0\u00a0 Predsjednik SDPBiH Te\u0161anj<br \/>\nSenad S. Suba\u0161i\u0107<\/strong><\/p>\n","protected":false},"excerpt":{"rendered":"<p>U ime Op\u0107inske organizacija SDPBiH Te\u0161anj i svoje osobno, gra\u0111ankama i gra\u0111anima, posebno op\u0107ine Te\u0161anj, \u017eelim sretnu i uspje\u0161nu nastupaju\u0107u Novu 2015. godinu u svim oblastima \u017eivota i rada, u slozi i ljubavi prema \u010dovjeku i \u017eivotu!<\/p>\n","protected":false},"author":2,"featured_media":3364,"comment_status":"closed","ping_status":"closed","sticky":false,"template":"","format":"standard","meta":{"ngg_post_thumbnail":0,"footnotes":""},"categories":[3],"tags":[],"class_list":["post-3363","post","type-post","status-publish","format-standard","hentry","category-vijesti"],"_links":{"self":[{"href":"https:\/\/sdp-tesanj.org\/bs\/wp-json\/wp\/v2\/posts\/3363","targetHints":{"allow":["GET"]}}],"collection":[{"href":"https:\/\/sdp-tesanj.org\/bs\/wp-json\/wp\/v2\/posts"}],"about":[{"href":"https:\/\/sdp-tesanj.org\/bs\/wp-json\/wp\/v2\/types\/post"}],"author":[{"embeddable":true,"href":"https:\/\/sdp-tesanj.org\/bs\/wp-json\/wp\/v2\/users\/2"}],"replies":[{"embeddable":true,"href":"https:\/\/sdp-tesanj.org\/bs\/wp-json\/wp\/v2\/comments?post=3363"}],"version-history":[{"count":2,"href":"https:\/\/sdp-tesanj.org\/bs\/wp-json\/wp\/v2\/posts\/3363\/revisions"}],"predecessor-version":[{"id":3366,"href":"https:\/\/sdp-tesanj.org\/bs\/wp-json\/wp\/v2\/posts\/3363\/revisions\/3366"}],"wp:featuredmedia":[{"embeddable":true,"href":"https:\/\/sdp-tesanj.org\/bs\/wp-json\/wp\/v2\/media\/3364"}],"wp:attachment":[{"href":"https:\/\/sdp-tesanj.org\/bs\/wp-json\/wp\/v2\/media?parent=3363"}],"wp:term":[{"taxonomy":"category","embeddable":true,"href":"https:\/\/sdp-tesanj.org\/bs\/wp-json\/wp\/v2\/categories?post=3363"},{"taxonomy":"post_tag","embeddable":true,"href":"https:\/\/sdp-tesanj.org\/bs\/wp-json\/wp\/v2\/tags?post=3363"}],"curies":[{"name":"wp","href":"https:\/\/api.w.org\/{rel}","templated":true}]}}