{"id":3360,"date":"2014-12-30T20:40:34","date_gmt":"2014-12-30T19:40:34","guid":{"rendered":"https:\/\/sdp-tesanj.org\/bs\/?p=3360"},"modified":"2014-12-30T20:40:34","modified_gmt":"2014-12-30T19:40:34","slug":"vladajuca-vecina-u-ov-tesanj-jos-jedanput-demonstrirala-bahatost-i-silu-vecine","status":"publish","type":"post","link":"https:\/\/sdp-tesanj.org\/bs\/vladajuca-vecina-u-ov-tesanj-jos-jedanput-demonstrirala-bahatost-i-silu-vecine\/","title":{"rendered":"Vladaju\u0107a ve\u0107ina u OV Te\u0161anj jo\u0161 jedanput demonstrirala bahatost i silu \u201eve\u0107ine\u201c"},"content":{"rendered":"<div id=\"attachment_3361\" style=\"width: 263px\" class=\"wp-caption alignleft\"><a href=\"https:\/\/sdp-tesanj.org\/bs\/wp-content\/uploads\/tesanj1.jpg\"><img loading=\"lazy\" decoding=\"async\" aria-describedby=\"caption-attachment-3361\" class=\"wp-image-3361\" src=\"https:\/\/sdp-tesanj.org\/bs\/wp-content\/uploads\/tesanj1-640x435.jpg\" alt=\"Te\u0161anj\" width=\"253\" height=\"172\" srcset=\"https:\/\/sdp-tesanj.org\/bs\/wp-content\/uploads\/tesanj1-640x435.jpg 640w, https:\/\/sdp-tesanj.org\/bs\/wp-content\/uploads\/tesanj1.jpg 784w\" sizes=\"auto, (max-width: 253px) 100vw, 253px\" \/><\/a><p id=\"caption-attachment-3361\" class=\"wp-caption-text\">Te\u0161anj<\/p><\/div>\n<p>Na Dnevnom redu 25. sjednice OV Te\u0161anj na dan, ponedjeljak 29. decembra ove godine, izme\u0111u ostalog, uvr\u0161ten je i prijedlog Komisije Vije\u0107a za dodjelu priznanja Op\u0107ine Te\u0161anj za 2014. godinu.<\/p>\n<p>U postupku usvajanja Dnevnog reda Klub vije\u0107nika SDA je zatra\u017eio da se predlo\u017eena ta\u010dka skine sa dnevnog reda, uz neuvjerljivo i neosnovano obrazlo\u017eenje, da su obrazlo\u017eenja za predlo\u017eene kandidate nedovoljna, kratka.<!--more--><\/p>\n<p>Bez obzira \u0161to stoji da su obrazlo\u017eenja kratka, nije bilo razloga da se o prijedlozima ne raspravlja, jer je Komisija slijedila na\u010din rada kako je to bio obi\u010daj i u ranijoj praksi. Pored toga, u Slu\u017ebi OV postoji kompletna dokumentacija i svaki vije\u0107nik je, ako ga je interesiralo, mogao imati uvid u op\u0161irna obrazlo\u017eenja predlaga\u010da kandidata, jer za svoj rad prima pau\u0161al i dnevnice.<\/p>\n<p>Posebno je \u010dudno da je vije\u0107nicima SDA, kao dru\u0161tveno-politi\u010dkim djelatnicima, nepoznat anga\u017eman predlo\u017eene osobe i ustanove, pa, kako ka\u017eu, \u010dak i nepoznati. Valjda bi op\u0107inski vije\u0107nik trebao biti uklju\u010den u dru\u0161tveni i svaki drugi anga\u017eman u svojoj zajednici?!<\/p>\n<p>Dakle, sramota bi bilo da je to pravi razlog, a jo\u0161 ve\u0107a sramota, \u0161to se da naslutiti, da je u pitanju sasvim ne\u0161to drugo.<\/p>\n<p>Jo\u0161 jednom se pokazala bahatost i sila \u201eve\u0107ine\u201c i da se mo\u017ee sve i da im niko drugi ne treba!<\/p>\n<p><strong>\u00a0\u00a0\u00a0\u00a0\u00a0 <\/strong><\/p>\n<p>&nbsp;<\/p>\n<p style=\"text-align: right;\"><strong>Komisija za informisanje<br \/>\nOOSDPBiH Te\u0161anj<\/strong><\/p>\n","protected":false},"excerpt":{"rendered":"<p>Na Dnevnom redu 25. sjednice OV Te\u0161anj na dan, ponedjeljak 29. decembra ove godine, izme\u0111u ostalog, uvr\u0161ten je i prijedlog Komisije Vije\u0107a za dodjelu priznanja Op\u0107ine Te\u0161anj za 2014. godinu. U postupku usvajanja Dnevnog reda Klub vije\u0107nika SDA je zatra\u017eio da se predlo\u017eena ta\u010dka skine sa dnevnog reda, uz neuvjerljivo i neosnovano obrazlo\u017eenje, da su [&hellip;]<\/p>\n","protected":false},"author":2,"featured_media":3361,"comment_status":"closed","ping_status":"closed","sticky":false,"template":"","format":"standard","meta":{"ngg_post_thumbnail":0,"footnotes":""},"categories":[3],"tags":[],"class_list":["post-3360","post","type-post","status-publish","format-standard","hentry","category-vijesti"],"_links":{"self":[{"href":"https:\/\/sdp-tesanj.org\/bs\/wp-json\/wp\/v2\/posts\/3360","targetHints":{"allow":["GET"]}}],"collection":[{"href":"https:\/\/sdp-tesanj.org\/bs\/wp-json\/wp\/v2\/posts"}],"about":[{"href":"https:\/\/sdp-tesanj.org\/bs\/wp-json\/wp\/v2\/types\/post"}],"author":[{"embeddable":true,"href":"https:\/\/sdp-tesanj.org\/bs\/wp-json\/wp\/v2\/users\/2"}],"replies":[{"embeddable":true,"href":"https:\/\/sdp-tesanj.org\/bs\/wp-json\/wp\/v2\/comments?post=3360"}],"version-history":[{"count":1,"href":"https:\/\/sdp-tesanj.org\/bs\/wp-json\/wp\/v2\/posts\/3360\/revisions"}],"predecessor-version":[{"id":3362,"href":"https:\/\/sdp-tesanj.org\/bs\/wp-json\/wp\/v2\/posts\/3360\/revisions\/3362"}],"wp:featuredmedia":[{"embeddable":true,"href":"https:\/\/sdp-tesanj.org\/bs\/wp-json\/wp\/v2\/media\/3361"}],"wp:attachment":[{"href":"https:\/\/sdp-tesanj.org\/bs\/wp-json\/wp\/v2\/media?parent=3360"}],"wp:term":[{"taxonomy":"category","embeddable":true,"href":"https:\/\/sdp-tesanj.org\/bs\/wp-json\/wp\/v2\/categories?post=3360"},{"taxonomy":"post_tag","embeddable":true,"href":"https:\/\/sdp-tesanj.org\/bs\/wp-json\/wp\/v2\/tags?post=3360"}],"curies":[{"name":"wp","href":"https:\/\/api.w.org\/{rel}","templated":true}]}}