{"id":3317,"date":"2014-10-11T01:49:05","date_gmt":"2014-10-10T23:49:05","guid":{"rendered":"https:\/\/sdp-tesanj.org\/bs\/?p=3317"},"modified":"2014-10-11T01:49:05","modified_gmt":"2014-10-10T23:49:05","slug":"oosdpbih-tesanj-zadovoljan-podrskom-gradana-u-kampanji-za-opce-izbore-2014-godine","status":"publish","type":"post","link":"https:\/\/sdp-tesanj.org\/bs\/oosdpbih-tesanj-zadovoljan-podrskom-gradana-u-kampanji-za-opce-izbore-2014-godine\/","title":{"rendered":"OOSDPBiH Te\u0161anj zadovoljan podr\u0161kom gra\u0111ana u kampanji za Op\u0107e izbore 2014. godine"},"content":{"rendered":"<div id=\"attachment_3318\" style=\"width: 263px\" class=\"wp-caption alignleft\"><a href=\"https:\/\/sdp-tesanj.org\/bs\/wp-content\/uploads\/Jelah.jpg\"><img loading=\"lazy\" decoding=\"async\" aria-describedby=\"caption-attachment-3318\" class=\"wp-image-3318\" src=\"https:\/\/sdp-tesanj.org\/bs\/wp-content\/uploads\/Jelah-640x426.jpg\" alt=\"Centralni predizborni skup\" width=\"253\" height=\"169\" srcset=\"https:\/\/sdp-tesanj.org\/bs\/wp-content\/uploads\/Jelah-640x426.jpg 640w, https:\/\/sdp-tesanj.org\/bs\/wp-content\/uploads\/Jelah.jpg 800w\" sizes=\"auto, (max-width: 253px) 100vw, 253px\" \/><\/a><p id=\"caption-attachment-3318\" class=\"wp-caption-text\">Centralni predizborni skup<\/p><\/div>\n<p>Op\u0107inska organizacija SDPBiH Te\u0161anj izra\u017eava zadovoljstvo tokom predizborne kampanje vo\u0111ene za Op\u0107e izbore u Bosni i Hercegovini zakazane za 12. oktobar.<\/p>\n<p>SDPBiH je jedina politi\u010dka opcija na podru\u010dju op\u0107ine Te\u0161anj koja je u predizbornoj kampanji posjetila svaku MZ, \u010dista obraza stala pred gra\u0111ane, predstavila rezultate ostvarene u\u010de\u0161\u0107em u vlasti u proteklom mandatnom periodu, te odgovorila na sva pitanja gra\u0111ana.<\/p>\n<p>Posjeta tribinama i predizbornim skupovima je bila iznad o\u010dekivanja, a u velikom broju MZ zabilje\u017eene su posjete kakave SDPBiH nikada nije do\u017eivjela, a to nam je dalo dodatni motiv da se borimo jo\u0161 ve\u0107om snagom za bolju i pravedniju Bosnu i Hercegovinu.<!--more--><\/p>\n<p>\u201eHvala svima koji su bili sa nama u ovih mjesec dana, ljudima na terenu, na\u0161im aktivistima i simpatizerima. Naro\u010dito se zahvaljujemo gra\u0111anima koji su do\u0161li da \u010duju \u0161ta im to SDPBiH ima ponuditi.\u201c<\/p>\n<p>SDPBiH Te\u0161anj poziva gra\u0111ane da u nedjelju 12. oktobra iza\u0111u na izbore, iskoriste svoje gra\u0111ansko pravo i odlu\u010de u kojem smijeru \u017eele da BiH ide u narednom periodu.<\/p>\n<p>UJEDINJENI ZA BOSNU I HERCEGOVINU!<\/p>\n<p>&nbsp;<\/p>\n\n\t\t<style type=\"text\/css\">\n\t\t\t#gallery-1 {\n\t\t\t\tmargin: auto;\n\t\t\t}\n\t\t\t#gallery-1 .gallery-item {\n\t\t\t\tfloat: left;\n\t\t\t\tmargin-top: 10px;\n\t\t\t\ttext-align: center;\n\t\t\t\twidth: 33%;\n\t\t\t}\n\t\t\t#gallery-1 img {\n\t\t\t\tborder: 2px solid #cfcfcf;\n\t\t\t}\n\t\t\t#gallery-1 .gallery-caption {\n\t\t\t\tmargin-left: 0;\n\t\t\t}\n\t\t\t\/* see gallery_shortcode() in wp-includes\/media.php *\/\n\t\t<\/style>\n\t\t<div id='gallery-1' class='gallery galleryid-3317 gallery-columns-3 gallery-size-thumbnail'><dl class='gallery-item'>\n\t\t\t<dt class='gallery-icon landscape'>\n\t\t\t\t<a href='https:\/\/sdp-tesanj.org\/bs\/oosdpbih-tesanj-zadovoljan-podrskom-gradana-u-kampanji-za-opce-izbore-2014-godine\/tesanj-4\/'><img loading=\"lazy\" decoding=\"async\" width=\"150\" height=\"150\" src=\"https:\/\/sdp-tesanj.org\/bs\/wp-content\/uploads\/Tesanj2-150x150.jpg\" class=\"attachment-thumbnail size-thumbnail\" alt=\"\" \/><\/a>\n\t\t\t<\/dt><\/dl><dl class='gallery-item'>\n\t\t\t<dt class='gallery-icon landscape'>\n\t\t\t\t<a href='https:\/\/sdp-tesanj.org\/bs\/oosdpbih-tesanj-zadovoljan-podrskom-gradana-u-kampanji-za-opce-izbore-2014-godine\/sije-2\/'><img loading=\"lazy\" decoding=\"async\" width=\"150\" height=\"150\" src=\"https:\/\/sdp-tesanj.org\/bs\/wp-content\/uploads\/Sije1-150x150.jpg\" class=\"attachment-thumbnail size-thumbnail\" alt=\"\" \/><\/a>\n\t\t\t<\/dt><\/dl><dl class='gallery-item'>\n\t\t\t<dt class='gallery-icon landscape'>\n\t\t\t\t<a href='https:\/\/sdp-tesanj.org\/bs\/oosdpbih-tesanj-zadovoljan-podrskom-gradana-u-kampanji-za-opce-izbore-2014-godine\/kandidati\/'><img loading=\"lazy\" decoding=\"async\" width=\"150\" height=\"150\" src=\"https:\/\/sdp-tesanj.org\/bs\/wp-content\/uploads\/Kandidati-150x150.jpg\" class=\"attachment-thumbnail size-thumbnail\" alt=\"\" \/><\/a>\n\t\t\t<\/dt><\/dl><br style=\"clear: both\" \/>\n\t\t<\/div>\n\n<p style=\"text-align: right;\">Komisija za informisanje<br \/>\nOOSDPBiH Te\u0161anj<\/p>\n","protected":false},"excerpt":{"rendered":"<p>Op\u0107inska organizacija SDPBiH Te\u0161anj izra\u017eava zadovoljstvo tokom predizborne kampanje vo\u0111ene za Op\u0107e izbore u Bosni i Hercegovini zakazane za 12. oktobar. SDPBiH je jedina politi\u010dka opcija na podru\u010dju op\u0107ine Te\u0161anj koja je u predizbornoj kampanji posjetila svaku MZ, \u010dista obraza stala pred gra\u0111ane, predstavila rezultate ostvarene u\u010de\u0161\u0107em u vlasti u proteklom mandatnom periodu, te odgovorila [&hellip;]<\/p>\n","protected":false},"author":2,"featured_media":3321,"comment_status":"closed","ping_status":"closed","sticky":false,"template":"","format":"standard","meta":{"ngg_post_thumbnail":0,"footnotes":""},"categories":[3],"tags":[],"class_list":["post-3317","post","type-post","status-publish","format-standard","hentry","category-vijesti"],"_links":{"self":[{"href":"https:\/\/sdp-tesanj.org\/bs\/wp-json\/wp\/v2\/posts\/3317","targetHints":{"allow":["GET"]}}],"collection":[{"href":"https:\/\/sdp-tesanj.org\/bs\/wp-json\/wp\/v2\/posts"}],"about":[{"href":"https:\/\/sdp-tesanj.org\/bs\/wp-json\/wp\/v2\/types\/post"}],"author":[{"embeddable":true,"href":"https:\/\/sdp-tesanj.org\/bs\/wp-json\/wp\/v2\/users\/2"}],"replies":[{"embeddable":true,"href":"https:\/\/sdp-tesanj.org\/bs\/wp-json\/wp\/v2\/comments?post=3317"}],"version-history":[{"count":1,"href":"https:\/\/sdp-tesanj.org\/bs\/wp-json\/wp\/v2\/posts\/3317\/revisions"}],"predecessor-version":[{"id":3322,"href":"https:\/\/sdp-tesanj.org\/bs\/wp-json\/wp\/v2\/posts\/3317\/revisions\/3322"}],"wp:featuredmedia":[{"embeddable":true,"href":"https:\/\/sdp-tesanj.org\/bs\/wp-json\/wp\/v2\/media\/3321"}],"wp:attachment":[{"href":"https:\/\/sdp-tesanj.org\/bs\/wp-json\/wp\/v2\/media?parent=3317"}],"wp:term":[{"taxonomy":"category","embeddable":true,"href":"https:\/\/sdp-tesanj.org\/bs\/wp-json\/wp\/v2\/categories?post=3317"},{"taxonomy":"post_tag","embeddable":true,"href":"https:\/\/sdp-tesanj.org\/bs\/wp-json\/wp\/v2\/tags?post=3317"}],"curies":[{"name":"wp","href":"https:\/\/api.w.org\/{rel}","templated":true}]}}