{"id":3311,"date":"2014-10-03T15:24:44","date_gmt":"2014-10-03T13:24:44","guid":{"rendered":"https:\/\/sdp-tesanj.org\/bs\/?p=3311"},"modified":"2014-10-03T15:27:15","modified_gmt":"2014-10-03T13:27:15","slug":"cestitka-povodom-kurban-bajrama-2","status":"publish","type":"post","link":"https:\/\/sdp-tesanj.org\/bs\/cestitka-povodom-kurban-bajrama-2\/","title":{"rendered":"\u010cestitka povodom Kurban Bajrama"},"content":{"rendered":"<div id=\"attachment_170\" style=\"width: 263px\" class=\"wp-caption alignleft\"><a href=\"https:\/\/sdp-tesanj.org\/bs\/wp-content\/uploads\/sdp-tesanj-Medium.png\"><img loading=\"lazy\" decoding=\"async\" aria-describedby=\"caption-attachment-170\" class=\"wp-image-170\" src=\"https:\/\/sdp-tesanj.org\/bs\/wp-content\/uploads\/sdp-tesanj-Medium-300x123.png\" alt=\"sdp tesanj\" width=\"253\" height=\"104\" srcset=\"https:\/\/sdp-tesanj.org\/bs\/wp-content\/uploads\/sdp-tesanj-Medium-300x123.png 300w, https:\/\/sdp-tesanj.org\/bs\/wp-content\/uploads\/sdp-tesanj-Medium-585x241.png 585w, https:\/\/sdp-tesanj.org\/bs\/wp-content\/uploads\/sdp-tesanj-Medium.png 800w\" sizes=\"auto, (max-width: 253px) 100vw, 253px\" \/><\/a><p id=\"caption-attachment-170\" class=\"wp-caption-text\">SDP Te\u0161anj<\/p><\/div>\n<p>U o\u010dekivanju Kurban-bajrama, \u017eelimo da se vrati radost u na\u0161a srca, osmjeh u na\u0161im o\u010dima, da duh i poruke Bajrama o\u017eive nadu svim dobrim Bosancima i Hercegovcima u sretniji \u017eivot, sa vi\u0161e razumjevanja i me\u0111usobnog uva\u017eavanja , po\u0161tivanja i suosje\u0107anja sa slabijima.<\/p>\n<p>Posebno \u017eelimo ljep\u0161u i sigurniju budu\u0107nost na\u0161oj djeci i omladini, da ne \u017eive u strahu od lo\u0161ih i bezobzirnih ljudi koji \u017eele upravljati njihovim \u017eivotima na bazi straha i ucjena, umjesto da mladi \u017eive od svog znanja i rada.<!--more--><\/p>\n<p>Sa ovim \u017eeljama i nadanju, da se one uskoro i ostvare, u ime Op\u0107inske organizacije SDPBiH Te\u0161anj i svoje osobno ime, svim muslimankama i muslimanima, posebno na\u0161e Op\u0107ine, \u010destitamo nastupaju\u0107i Kurban-bajram sa rije\u010dima<\/p>\n<p>&nbsp;<\/p>\n<p>BAJRAM \u0160ERIF MUBAREK OLSUN<\/p>\n<p>&nbsp;<\/p>\n<p style=\"text-align: right;\"><strong>Predsjednik OOSDPBiH Te\u0161anj<br \/>\nSenad S. Suba\u0161i\u0107<\/strong><\/p>\n","protected":false},"excerpt":{"rendered":"<p>U o\u010dekivanju Kurban-bajrama, \u017eelimo da se vrati radost u na\u0161a srca, osmjeh u na\u0161im o\u010dima, da duh i poruke Bajrama o\u017eive nadu svim dobrim Bosancima i Hercegovcima u sretniji \u017eivot, sa vi\u0161e razumjevanja i me\u0111usobnog uva\u017eavanja , po\u0161tivanja i suosje\u0107anja sa slabijima. Posebno \u017eelimo ljep\u0161u i sigurniju budu\u0107nost na\u0161oj djeci i omladini, da ne \u017eive [&hellip;]<\/p>\n","protected":false},"author":2,"featured_media":0,"comment_status":"closed","ping_status":"closed","sticky":false,"template":"","format":"standard","meta":{"ngg_post_thumbnail":0,"footnotes":""},"categories":[3],"tags":[],"class_list":["post-3311","post","type-post","status-publish","format-standard","hentry","category-vijesti"],"_links":{"self":[{"href":"https:\/\/sdp-tesanj.org\/bs\/wp-json\/wp\/v2\/posts\/3311","targetHints":{"allow":["GET"]}}],"collection":[{"href":"https:\/\/sdp-tesanj.org\/bs\/wp-json\/wp\/v2\/posts"}],"about":[{"href":"https:\/\/sdp-tesanj.org\/bs\/wp-json\/wp\/v2\/types\/post"}],"author":[{"embeddable":true,"href":"https:\/\/sdp-tesanj.org\/bs\/wp-json\/wp\/v2\/users\/2"}],"replies":[{"embeddable":true,"href":"https:\/\/sdp-tesanj.org\/bs\/wp-json\/wp\/v2\/comments?post=3311"}],"version-history":[{"count":4,"href":"https:\/\/sdp-tesanj.org\/bs\/wp-json\/wp\/v2\/posts\/3311\/revisions"}],"predecessor-version":[{"id":3315,"href":"https:\/\/sdp-tesanj.org\/bs\/wp-json\/wp\/v2\/posts\/3311\/revisions\/3315"}],"wp:attachment":[{"href":"https:\/\/sdp-tesanj.org\/bs\/wp-json\/wp\/v2\/media?parent=3311"}],"wp:term":[{"taxonomy":"category","embeddable":true,"href":"https:\/\/sdp-tesanj.org\/bs\/wp-json\/wp\/v2\/categories?post=3311"},{"taxonomy":"post_tag","embeddable":true,"href":"https:\/\/sdp-tesanj.org\/bs\/wp-json\/wp\/v2\/tags?post=3311"}],"curies":[{"name":"wp","href":"https:\/\/api.w.org\/{rel}","templated":true}]}}