{"id":3292,"date":"2014-09-18T12:13:27","date_gmt":"2014-09-18T10:13:27","guid":{"rendered":"https:\/\/sdp-tesanj.org\/bs\/?p=3292"},"modified":"2014-09-18T12:13:50","modified_gmt":"2014-09-18T10:13:50","slug":"kampanja-sdpbih-tesanj-pocela-iz-dzemilic-planja","status":"publish","type":"post","link":"https:\/\/sdp-tesanj.org\/bs\/kampanja-sdpbih-tesanj-pocela-iz-dzemilic-planja\/","title":{"rendered":"Kampanja SDPBiH Te\u0161anj po\u010dela iz D\u017eemili\u0107 Planja"},"content":{"rendered":"<div id=\"attachment_3293\" style=\"width: 263px\" class=\"wp-caption alignleft\"><a href=\"https:\/\/sdp-tesanj.org\/bs\/wp-content\/uploads\/DSCN6460.jpg\"><img loading=\"lazy\" decoding=\"async\" aria-describedby=\"caption-attachment-3293\" class=\"wp-image-3293\" src=\"https:\/\/sdp-tesanj.org\/bs\/wp-content\/uploads\/DSCN6460.jpg\" alt=\"Tribiina u D\u017eemili\u0107 Planjama\" width=\"253\" height=\"190\" \/><\/a><p id=\"caption-attachment-3293\" class=\"wp-caption-text\">Tribiina u D\u017eemili\u0107 Planjama<\/p><\/div>\n<p>Op\u0107inska organizacija SDPBiH Te\u0161anj je otpo\u010dela realizaciju svog plana predizborne kampanje za Op\u0107e izbore u Bosni i Hercegovini 2014. godine.<\/p>\n<p>Planom su zacrtane tribine sa \u010dlanovima i gra\u0111anima u svim mjesnim zajednicama, zajedni\u010dki skupovi za vi\u0161e naselja, susreti kandidata sa odre\u0111enim socijalnim grupama i kategorijama gra\u0111ana, i drugi oblici neposrednog susreta kandidata sa gra\u0111anima.<\/p>\n<p>U utorak 16. septembra 2014. godine tribinom sa \u010dlanstvom i gra\u0111anima u D\u017eemili\u0107 Planjama otpo\u010dela je na\u0161a zvani\u010dna kampanja.<\/p>\n<p>Nije slu\u010dajno \u0161to je na\u0161a kampanja krenula iz D\u017eemli\u0107 Planja, razlog je pove\u0107an interes mje\u0161tana ove MZ za politike SDPBiH, \u0161to je potvrdio i solidan broj prisutnih, posebno mladih.<!--more--><\/p>\n<p>Uz predstavljanje svih na\u0161ih osam kandidata za sve nivoe vlasti u Bosni i Hercegovini i predstavljanje kandidata SDPBiH za \u010dlana Predsjedni\u0161tva Bosne i Hercegovine Bakira Had\u017eiomerovi\u0107a, \u010dula su se i pitanja gra\u0111ana koja su se odnosila na socijalno \u2013 ekonomske probleme, pitanja lokalne komunalne infrastrukture, ali i strate\u0161kih dru\u0161tveno \u2013 politi\u010dkih pitanja bitnih za izgradnju i funkcioniranje Bosne i Hercegovine kao dr\u017eave.<\/p>\n<p>Ako je suditi po po\u010detku, o\u010dekuje nas dosta posla kako bi odgovorili na pove\u0107an interes glasa\u010da i o\u010dekivanja da SDP nastavi sa svojom politikom i realizacijom strate\u0161kih projekata.<\/p>\n<p>Ova \u010dinjenica nam name\u0107e i posebnu ozbiljnost i odgovornost.<\/p>\n<p>SDP i ovom prilikom poziva sve aktere na fer i korektno pona\u0161anje u ovoj predizbornoj kampanji.<\/p>\n<p><strong>\u00a0<\/strong><\/p>\n<p><strong>\u00a0<\/strong><\/p>\n<p style=\"text-align: right;\"><strong>\u00a0\u00a0\u00a0\u00a0\u00a0\u00a0\u00a0\u00a0\u00a0\u00a0\u00a0\u00a0\u00a0\u00a0\u00a0\u00a0\u00a0\u00a0\u00a0\u00a0\u00a0\u00a0\u00a0\u00a0\u00a0\u00a0\u00a0\u00a0 \u00a0\u00a0\u00a0\u00a0\u00a0\u00a0\u00a0\u00a0\u00a0\u00a0\u00a0\u00a0\u00a0\u00a0\u00a0\u00a0\u00a0\u00a0\u00a0\u00a0\u00a0\u00a0\u00a0\u00a0\u00a0\u00a0\u00a0\u00a0\u00a0\u00a0\u00a0\u00a0\u00a0\u00a0\u00a0\u00a0\u00a0\u00a0\u00a0\u00a0\u00a0 \u00a0\u00a0\u00a0\u00a0\u00a0\u00a0\u00a0\u00a0\u00a0\u00a0\u00a0\u00a0\u00a0\u00a0\u00a0\u00a0\u00a0Komisija za informisanje<\/strong><\/p>\n<p style=\"text-align: right;\"><strong>\u00a0\u00a0\u00a0\u00a0\u00a0\u00a0\u00a0\u00a0\u00a0\u00a0\u00a0\u00a0\u00a0\u00a0\u00a0\u00a0\u00a0\u00a0\u00a0\u00a0\u00a0\u00a0\u00a0\u00a0\u00a0\u00a0\u00a0\u00a0\u00a0\u00a0\u00a0\u00a0\u00a0\u00a0\u00a0\u00a0\u00a0\u00a0\u00a0\u00a0\u00a0\u00a0\u00a0\u00a0\u00a0\u00a0\u00a0\u00a0\u00a0\u00a0\u00a0\u00a0\u00a0\u00a0\u00a0\u00a0\u00a0\u00a0\u00a0\u00a0\u00a0\u00a0\u00a0\u00a0\u00a0\u00a0\u00a0\u00a0\u00a0\u00a0\u00a0\u00a0\u00a0\u00a0\u00a0\u00a0\u00a0\u00a0\u00a0\u00a0\u00a0\u00a0\u00a0\u00a0\u00a0\u00a0\u00a0\u00a0\u00a0\u00a0\u00a0\u00a0\u00a0\u00a0\u00a0\u00a0\u00a0\u00a0\u00a0\u00a0\u00a0\u00a0 OOSDPBiH Te\u0161anj<\/strong><\/p>\n","protected":false},"excerpt":{"rendered":"<p>Op\u0107inska organizacija SDPBiH Te\u0161anj je otpo\u010dela realizaciju svog plana predizborne kampanje za Op\u0107e izbore u Bosni i Hercegovini 2014. godine. Planom su zacrtane tribine sa \u010dlanovima i gra\u0111anima u svim mjesnim zajednicama, zajedni\u010dki skupovi za vi\u0161e naselja, susreti kandidata sa odre\u0111enim socijalnim grupama i kategorijama gra\u0111ana, i drugi oblici neposrednog susreta kandidata sa gra\u0111anima. U [&hellip;]<\/p>\n","protected":false},"author":2,"featured_media":3293,"comment_status":"closed","ping_status":"closed","sticky":false,"template":"","format":"standard","meta":{"ngg_post_thumbnail":0,"footnotes":""},"categories":[3],"tags":[],"class_list":["post-3292","post","type-post","status-publish","format-standard","hentry","category-vijesti"],"_links":{"self":[{"href":"https:\/\/sdp-tesanj.org\/bs\/wp-json\/wp\/v2\/posts\/3292","targetHints":{"allow":["GET"]}}],"collection":[{"href":"https:\/\/sdp-tesanj.org\/bs\/wp-json\/wp\/v2\/posts"}],"about":[{"href":"https:\/\/sdp-tesanj.org\/bs\/wp-json\/wp\/v2\/types\/post"}],"author":[{"embeddable":true,"href":"https:\/\/sdp-tesanj.org\/bs\/wp-json\/wp\/v2\/users\/2"}],"replies":[{"embeddable":true,"href":"https:\/\/sdp-tesanj.org\/bs\/wp-json\/wp\/v2\/comments?post=3292"}],"version-history":[{"count":2,"href":"https:\/\/sdp-tesanj.org\/bs\/wp-json\/wp\/v2\/posts\/3292\/revisions"}],"predecessor-version":[{"id":3295,"href":"https:\/\/sdp-tesanj.org\/bs\/wp-json\/wp\/v2\/posts\/3292\/revisions\/3295"}],"wp:featuredmedia":[{"embeddable":true,"href":"https:\/\/sdp-tesanj.org\/bs\/wp-json\/wp\/v2\/media\/3293"}],"wp:attachment":[{"href":"https:\/\/sdp-tesanj.org\/bs\/wp-json\/wp\/v2\/media?parent=3292"}],"wp:term":[{"taxonomy":"category","embeddable":true,"href":"https:\/\/sdp-tesanj.org\/bs\/wp-json\/wp\/v2\/categories?post=3292"},{"taxonomy":"post_tag","embeddable":true,"href":"https:\/\/sdp-tesanj.org\/bs\/wp-json\/wp\/v2\/tags?post=3292"}],"curies":[{"name":"wp","href":"https:\/\/api.w.org\/{rel}","templated":true}]}}