{"id":3288,"date":"2014-09-08T18:36:59","date_gmt":"2014-09-08T16:36:59","guid":{"rendered":"https:\/\/sdp-tesanj.org\/bs\/?p=3288"},"modified":"2014-09-08T18:36:59","modified_gmt":"2014-09-08T16:36:59","slug":"cestitka-za-deveti-septembar-dan-oslobodenja-tesnja-od-fasizma","status":"publish","type":"post","link":"https:\/\/sdp-tesanj.org\/bs\/cestitka-za-deveti-septembar-dan-oslobodenja-tesnja-od-fasizma\/","title":{"rendered":"\u010cestitka za Deveti septembar &#8211; Dan oslobo\u0111enja Te\u0161nja od fa\u0161izma"},"content":{"rendered":"<div id=\"attachment_3289\" style=\"width: 263px\" class=\"wp-caption alignleft\"><a href=\"https:\/\/sdp-tesanj.org\/bs\/wp-content\/uploads\/smrt_fasizmu.jpg\"><img loading=\"lazy\" decoding=\"async\" aria-describedby=\"caption-attachment-3289\" class=\"wp-image-3289\" src=\"https:\/\/sdp-tesanj.org\/bs\/wp-content\/uploads\/smrt_fasizmu.jpg\" alt=\"9. semptembar\" width=\"253\" height=\"88\" \/><\/a><p id=\"caption-attachment-3289\" class=\"wp-caption-text\">9. semptembar<\/p><\/div>\n<p>Ove godine obilje\u017eavamo 70. godi\u0161njicu oslobo\u0111enja Te\u0161nja od fa\u0161izma.<\/p>\n<p>Ovaj veliki i veoma zna\u010dajni datum u historiji ovih prostora prilika je da se prisjetimo i odamo du\u017eno po\u0161tovanje svima onima koji su u\u010destvovali u toj velikoj pobjedi, posebno onima koji su u toj borbi polo\u017eili ono najvrjednije \u2013 vlastite \u017eivote.<!--more--><\/p>\n<p>Ovo je idealna prilika da se prisjetimo va\u017enosti i zna\u010daja 09. septembra te 1944. godine za budu\u0107i razvoj ovog kraja, tako i uloge na\u0161ih sugra\u0111ana u pobjedi nad fa\u0161izmom u Drugom svjetskom ratu.<\/p>\n<p>Danas treba da se zapitamo imamo li pravo mi , 70 godina kasnije, pogaziti ono za \u0161to su se na\u0161i preci borili?<\/p>\n<p>Na\u017ealost, u proteklom periodu smo svjedo\u010dili poku\u0161ajima zatiranja tekovina antifa\u0161izma i na podru\u010dju na\u0161e op\u0107ine.<\/p>\n<p>Na kraju, moramo znati da narod koji ne po\u0161tuje svoju pro\u0161lost ne mo\u017ee imati ni budu\u0107nosti.<\/p>\n<p>U ime Op\u0107inske organizacije SDPBiH Te\u0161anj i svoje osobno, gra\u0111ankama i gra\u0111anima Te\u0161nja \u010destitam 9. septembar &#8211; Dan oslobo\u0111enja Te\u0161nja od fa\u0161izma.<\/p>\n<p><strong>\u00a0<\/strong><\/p>\n<p><strong>\u00a0<\/strong><\/p>\n<p><strong>\u00a0<\/strong><\/p>\n<p style=\"text-align: right;\"><strong>\u00a0\u00a0\u00a0\u00a0\u00a0\u00a0\u00a0\u00a0\u00a0\u00a0\u00a0\u00a0\u00a0\u00a0\u00a0\u00a0\u00a0\u00a0\u00a0\u00a0 \u00a0\u00a0\u00a0\u00a0\u00a0\u00a0\u00a0\u00a0\u00a0\u00a0\u00a0\u00a0\u00a0\u00a0\u00a0\u00a0\u00a0\u00a0\u00a0\u00a0\u00a0\u00a0\u00a0\u00a0\u00a0\u00a0\u00a0\u00a0\u00a0\u00a0\u00a0\u00a0\u00a0\u00a0\u00a0\u00a0\u00a0\u00a0\u00a0\u00a0\u00a0\u00a0\u00a0\u00a0\u00a0\u00a0\u00a0\u00a0\u00a0 \u00a0\u00a0\u00a0\u00a0\u00a0\u00a0\u00a0\u00a0\u00a0\u00a0\u00a0\u00a0\u00a0\u00a0\u00a0\u00a0Predsjednik OOSDPBiH Te\u0161anj<br \/>\nSenad S. Suba\u0161i\u0107<\/strong><\/p>\n","protected":false},"excerpt":{"rendered":"<p>Ove godine obilje\u017eavamo 70. godi\u0161njicu oslobo\u0111enja Te\u0161nja od fa\u0161izma. Ovaj veliki i veoma zna\u010dajni datum u historiji ovih prostora prilika je da se prisjetimo i odamo du\u017eno po\u0161tovanje svima onima koji su u\u010destvovali u toj velikoj pobjedi, posebno onima koji su u toj borbi polo\u017eili ono najvrjednije \u2013 vlastite \u017eivote.<\/p>\n","protected":false},"author":2,"featured_media":3289,"comment_status":"closed","ping_status":"closed","sticky":false,"template":"","format":"standard","meta":{"ngg_post_thumbnail":0,"footnotes":""},"categories":[3],"tags":[],"class_list":["post-3288","post","type-post","status-publish","format-standard","hentry","category-vijesti"],"_links":{"self":[{"href":"https:\/\/sdp-tesanj.org\/bs\/wp-json\/wp\/v2\/posts\/3288","targetHints":{"allow":["GET"]}}],"collection":[{"href":"https:\/\/sdp-tesanj.org\/bs\/wp-json\/wp\/v2\/posts"}],"about":[{"href":"https:\/\/sdp-tesanj.org\/bs\/wp-json\/wp\/v2\/types\/post"}],"author":[{"embeddable":true,"href":"https:\/\/sdp-tesanj.org\/bs\/wp-json\/wp\/v2\/users\/2"}],"replies":[{"embeddable":true,"href":"https:\/\/sdp-tesanj.org\/bs\/wp-json\/wp\/v2\/comments?post=3288"}],"version-history":[{"count":1,"href":"https:\/\/sdp-tesanj.org\/bs\/wp-json\/wp\/v2\/posts\/3288\/revisions"}],"predecessor-version":[{"id":3290,"href":"https:\/\/sdp-tesanj.org\/bs\/wp-json\/wp\/v2\/posts\/3288\/revisions\/3290"}],"wp:featuredmedia":[{"embeddable":true,"href":"https:\/\/sdp-tesanj.org\/bs\/wp-json\/wp\/v2\/media\/3289"}],"wp:attachment":[{"href":"https:\/\/sdp-tesanj.org\/bs\/wp-json\/wp\/v2\/media?parent=3288"}],"wp:term":[{"taxonomy":"category","embeddable":true,"href":"https:\/\/sdp-tesanj.org\/bs\/wp-json\/wp\/v2\/categories?post=3288"},{"taxonomy":"post_tag","embeddable":true,"href":"https:\/\/sdp-tesanj.org\/bs\/wp-json\/wp\/v2\/tags?post=3288"}],"curies":[{"name":"wp","href":"https:\/\/api.w.org\/{rel}","templated":true}]}}