{"id":3210,"date":"2014-06-26T14:12:04","date_gmt":"2014-06-26T12:12:04","guid":{"rendered":"https:\/\/sdp-tesanj.org\/bs\/?p=3210"},"modified":"2014-06-26T14:12:43","modified_gmt":"2014-06-26T12:12:43","slug":"ramazanska-cestitka-4","status":"publish","type":"post","link":"https:\/\/sdp-tesanj.org\/bs\/ramazanska-cestitka-4\/","title":{"rendered":"Ramazanska \u010destitka"},"content":{"rendered":"<div id=\"attachment_187\" style=\"width: 250px\" class=\"wp-caption alignleft\"><a href=\"https:\/\/sdp-tesanj.org\/bs\/wp-content\/uploads\/sdp-tesanj-WinCE.png\"><img loading=\"lazy\" decoding=\"async\" aria-describedby=\"caption-attachment-187\" class=\"size-full wp-image-187\" title=\"SDP Te\u0161anj\" src=\"https:\/\/sdp-tesanj.org\/bs\/wp-content\/uploads\/sdp-tesanj-WinCE.png\" alt=\"SDP Te\u0161anj\" width=\"240\" height=\"99\" \/><\/a><p id=\"caption-attachment-187\" class=\"wp-caption-text\">SDP Te\u0161anj<\/p><\/div>\n<p>U ime Op\u0107inske organizacije SDP BIH Te\u0161anj i u svoje osobno, muslimankama i muslimanima na\u0161e Op\u0107ine \u017eelim ugodne i sretne ramazanske dane, da ih provedu u duhu Ramazana, sa svojim porodicama, prijateljima i kom\u0161ijama uz \u010destitku:<\/p>\n<p><strong>Ramazan \u0160erif Mubarek Olsun!<!--more--><\/strong><\/p>\n<p>&nbsp;<\/p>\n<p style=\"text-align: right;\"><strong> <\/strong><strong>Predsjednik SDPBiH Te\u0161anj<br \/>\n<\/strong><strong>Senad S. Suba\u0161i\u0107<\/strong><\/p>\n<p>&nbsp;<\/p>\n","protected":false},"excerpt":{"rendered":"<p>U ime Op\u0107inske organizacije SDP BIH Te\u0161anj i u svoje osobno, muslimankama i muslimanima na\u0161e Op\u0107ine \u017eelim ugodne i sretne ramazanske dane, da ih provedu u duhu Ramazana, sa svojim porodicama, prijateljima i kom\u0161ijama uz \u010destitku: Ramazan \u0160erif Mubarek Olsun!<\/p>\n","protected":false},"author":2,"featured_media":0,"comment_status":"closed","ping_status":"closed","sticky":false,"template":"","format":"standard","meta":{"ngg_post_thumbnail":0,"footnotes":""},"categories":[3],"tags":[],"class_list":["post-3210","post","type-post","status-publish","format-standard","hentry","category-vijesti"],"_links":{"self":[{"href":"https:\/\/sdp-tesanj.org\/bs\/wp-json\/wp\/v2\/posts\/3210","targetHints":{"allow":["GET"]}}],"collection":[{"href":"https:\/\/sdp-tesanj.org\/bs\/wp-json\/wp\/v2\/posts"}],"about":[{"href":"https:\/\/sdp-tesanj.org\/bs\/wp-json\/wp\/v2\/types\/post"}],"author":[{"embeddable":true,"href":"https:\/\/sdp-tesanj.org\/bs\/wp-json\/wp\/v2\/users\/2"}],"replies":[{"embeddable":true,"href":"https:\/\/sdp-tesanj.org\/bs\/wp-json\/wp\/v2\/comments?post=3210"}],"version-history":[{"count":3,"href":"https:\/\/sdp-tesanj.org\/bs\/wp-json\/wp\/v2\/posts\/3210\/revisions"}],"predecessor-version":[{"id":3214,"href":"https:\/\/sdp-tesanj.org\/bs\/wp-json\/wp\/v2\/posts\/3210\/revisions\/3214"}],"wp:attachment":[{"href":"https:\/\/sdp-tesanj.org\/bs\/wp-json\/wp\/v2\/media?parent=3210"}],"wp:term":[{"taxonomy":"category","embeddable":true,"href":"https:\/\/sdp-tesanj.org\/bs\/wp-json\/wp\/v2\/categories?post=3210"},{"taxonomy":"post_tag","embeddable":true,"href":"https:\/\/sdp-tesanj.org\/bs\/wp-json\/wp\/v2\/tags?post=3210"}],"curies":[{"name":"wp","href":"https:\/\/api.w.org\/{rel}","templated":true}]}}