{"id":3183,"date":"2014-06-24T10:10:08","date_gmt":"2014-06-24T08:10:08","guid":{"rendered":"https:\/\/sdp-tesanj.org\/bs\/?p=3183"},"modified":"2014-06-24T10:10:24","modified_gmt":"2014-06-24T08:10:24","slug":"politicka-skola-foruma-mladih-sdpbih","status":"publish","type":"post","link":"https:\/\/sdp-tesanj.org\/bs\/politicka-skola-foruma-mladih-sdpbih\/","title":{"rendered":"Politi\u010dka \u0161kola Foruma mladih SDPBiH"},"content":{"rendered":"<div id=\"attachment_3184\" style=\"width: 263px\" class=\"wp-caption alignleft\"><a href=\"https:\/\/sdp-tesanj.org\/bs\/wp-content\/uploads\/10496255_684727404934247_4685319292374595480_o.jpg\"><img loading=\"lazy\" decoding=\"async\" aria-describedby=\"caption-attachment-3184\" class=\"size-medium wp-image-3184   \" title=\"Politi\u010dka \u0161kola Foruma mladih SDPBiH\" src=\"https:\/\/sdp-tesanj.org\/bs\/wp-content\/uploads\/10496255_684727404934247_4685319292374595480_o-640x426.jpg\" alt=\"Politi\u010dka \u0161kola Foruma mladih SDPBiH\" width=\"253\" height=\"169\" srcset=\"https:\/\/sdp-tesanj.org\/bs\/wp-content\/uploads\/10496255_684727404934247_4685319292374595480_o-640x426.jpg 640w, https:\/\/sdp-tesanj.org\/bs\/wp-content\/uploads\/10496255_684727404934247_4685319292374595480_o.jpg 800w\" sizes=\"auto, (max-width: 253px) 100vw, 253px\" \/><\/a><p id=\"caption-attachment-3184\" class=\"wp-caption-text\">Politi\u010dka \u0161kola Foruma mladih SDPBiH<\/p><\/div>\n<p>U periodu od 20-22. juna 2014. godine u Sarajevu je odr\u017ean prvi modul ovogodi\u0161nje, \u010detvrte Politi\u010dke \u0161kole Foruma mladih SDPBiH. \u0160kola se organizuje u suradnji sa Fondacijom Fridrih \u2013 Ebert \u2013 Stiftung\u00a0 i Forumom lijevih inicijativa.<\/p>\n<p>Cilj Politi\u010dke \u0161kole je da okupi mlade ljude sa podru\u010dja cijele Bosne i Hercegovine, te na njih prenese znanje, iskustva i vje\u0161tine potrebne za politi\u010dko i dru\u0161tveno djelovanje. Realizacijom projekta \u017eeli se doprinijeti razvoju i usavr\u0161avanju znanja i vje\u0161tina mladih ljudi, kao i njihovoj dodatnoj motivaciji za aktivno i odgovorno sudjelovanje u \u017eivotu dru\u0161tvene zajednice.<!--more--><\/p>\n<p>Na prvom modulu su obra\u0111ene teme: javni nastup, politi\u010dki sistem u BiH, politi\u010dki aktivizam, ljevi\u010darski pokreti i inicijative, suradnja sa civilnim dru\u0161tvom i ljudska prava.<\/p>\n<p>U\u010desnici politi\u010dke \u0161kole su tako\u0111er imali priliku i porazgovarati sa Predsjednikom SDPBiH i Ministrom vanjskih poslova dr. Zlatkom Lagumd\u017eijom, Premijerom FBiH Nerminom Nik\u0161i\u0107em, Predsjednikom Kluba zastupnika SDPBiH\u00a0 u PD Parlamenta Federacije Jasenkom Selimovi\u0107em.<\/p>\n<p>&nbsp;<\/p>\n<p>Iz Op\u0107inske organizacije Foruma mladih SDPBiH Te\u0161anj Politi\u010dkoj \u0161koli je prisustvovao Ernad Hrvi\u0107, sekretar Foruma mladih SDPBiH Te\u0161anj.<\/p>\n<p>Zavr\u0161ni, II modul se odr\u017eava u periodu od 27-29. juna na Jahorini.<\/p>\n<p><strong> <\/strong><\/p>\n<p><strong> <\/strong><\/p>\n<p>&nbsp;<\/p>\n\n\t\t<style type=\"text\/css\">\n\t\t\t#gallery-1 {\n\t\t\t\tmargin: auto;\n\t\t\t}\n\t\t\t#gallery-1 .gallery-item {\n\t\t\t\tfloat: left;\n\t\t\t\tmargin-top: 10px;\n\t\t\t\ttext-align: center;\n\t\t\t\twidth: 33%;\n\t\t\t}\n\t\t\t#gallery-1 img {\n\t\t\t\tborder: 2px solid #cfcfcf;\n\t\t\t}\n\t\t\t#gallery-1 .gallery-caption {\n\t\t\t\tmargin-left: 0;\n\t\t\t}\n\t\t\t\/* see gallery_shortcode() in wp-includes\/media.php *\/\n\t\t<\/style>\n\t\t<div id='gallery-1' class='gallery galleryid-3183 gallery-columns-3 gallery-size-thumbnail'><dl class='gallery-item'>\n\t\t\t<dt class='gallery-icon landscape'>\n\t\t\t\t<a href='https:\/\/sdp-tesanj.org\/bs\/politicka-skola-foruma-mladih-sdpbih\/10496255_684727404934247_4685319292374595480_o\/'><img loading=\"lazy\" decoding=\"async\" width=\"150\" height=\"150\" src=\"https:\/\/sdp-tesanj.org\/bs\/wp-content\/uploads\/10496255_684727404934247_4685319292374595480_o-150x150.jpg\" class=\"attachment-thumbnail size-thumbnail\" alt=\"Politi\u010dka \u0161kola Foruma mladih SDPBiH\" aria-describedby=\"gallery-1-3184\" \/><\/a>\n\t\t\t<\/dt>\n\t\t\t\t<dd class='wp-caption-text gallery-caption' id='gallery-1-3184'>\n\t\t\t\tPoliti\u010dka \u0161kola Foruma mladih SDPBiH\n\t\t\t\t<\/dd><\/dl><dl class='gallery-item'>\n\t\t\t<dt class='gallery-icon portrait'>\n\t\t\t\t<a href='https:\/\/sdp-tesanj.org\/bs\/politicka-skola-foruma-mladih-sdpbih\/983712_678400962234101_2938998230094118776_n\/'><img loading=\"lazy\" decoding=\"async\" width=\"150\" height=\"150\" src=\"https:\/\/sdp-tesanj.org\/bs\/wp-content\/uploads\/983712_678400962234101_2938998230094118776_n-150x150.jpg\" class=\"attachment-thumbnail size-thumbnail\" alt=\"\" \/><\/a>\n\t\t\t<\/dt><\/dl><dl class='gallery-item'>\n\t\t\t<dt class='gallery-icon landscape'>\n\t\t\t\t<a href='https:\/\/sdp-tesanj.org\/bs\/politicka-skola-foruma-mladih-sdpbih\/10334293_678401272234070_6295510989929735422_n\/'><img loading=\"lazy\" decoding=\"async\" width=\"150\" height=\"150\" src=\"https:\/\/sdp-tesanj.org\/bs\/wp-content\/uploads\/10334293_678401272234070_6295510989929735422_n-150x150.jpg\" class=\"attachment-thumbnail size-thumbnail\" alt=\"\" \/><\/a>\n\t\t\t<\/dt><\/dl><br style=\"clear: both\" \/><dl class='gallery-item'>\n\t\t\t<dt class='gallery-icon landscape'>\n\t\t\t\t<a href='https:\/\/sdp-tesanj.org\/bs\/politicka-skola-foruma-mladih-sdpbih\/10347409_894216783938106_446846787075094749_n\/'><img loading=\"lazy\" decoding=\"async\" width=\"150\" height=\"150\" src=\"https:\/\/sdp-tesanj.org\/bs\/wp-content\/uploads\/10347409_894216783938106_446846787075094749_n-150x150.jpg\" class=\"attachment-thumbnail size-thumbnail\" alt=\"\" \/><\/a>\n\t\t\t<\/dt><\/dl><dl class='gallery-item'>\n\t\t\t<dt class='gallery-icon landscape'>\n\t\t\t\t<a href='https:\/\/sdp-tesanj.org\/bs\/politicka-skola-foruma-mladih-sdpbih\/10348734_1500411313507209_7074594289410097435_o\/'><img loading=\"lazy\" decoding=\"async\" width=\"150\" height=\"150\" src=\"https:\/\/sdp-tesanj.org\/bs\/wp-content\/uploads\/10348734_1500411313507209_7074594289410097435_o-150x150.jpg\" class=\"attachment-thumbnail size-thumbnail\" alt=\"\" \/><\/a>\n\t\t\t<\/dt><\/dl><dl class='gallery-item'>\n\t\t\t<dt class='gallery-icon landscape'>\n\t\t\t\t<a href='https:\/\/sdp-tesanj.org\/bs\/politicka-skola-foruma-mladih-sdpbih\/10350408_678411648899699_5318742547796791419_n\/'><img loading=\"lazy\" decoding=\"async\" width=\"150\" height=\"150\" src=\"https:\/\/sdp-tesanj.org\/bs\/wp-content\/uploads\/10350408_678411648899699_5318742547796791419_n-150x150.jpg\" class=\"attachment-thumbnail size-thumbnail\" alt=\"\" \/><\/a>\n\t\t\t<\/dt><\/dl><br style=\"clear: both\" \/><dl class='gallery-item'>\n\t\t\t<dt class='gallery-icon landscape'>\n\t\t\t\t<a href='https:\/\/sdp-tesanj.org\/bs\/politicka-skola-foruma-mladih-sdpbih\/10376843_678372282236969_3767063772096794490_n\/'><img loading=\"lazy\" decoding=\"async\" width=\"150\" height=\"150\" src=\"https:\/\/sdp-tesanj.org\/bs\/wp-content\/uploads\/10376843_678372282236969_3767063772096794490_n-150x150.jpg\" class=\"attachment-thumbnail size-thumbnail\" alt=\"\" \/><\/a>\n\t\t\t<\/dt><\/dl><dl class='gallery-item'>\n\t\t\t<dt class='gallery-icon landscape'>\n\t\t\t\t<a href='https:\/\/sdp-tesanj.org\/bs\/politicka-skola-foruma-mladih-sdpbih\/10376857_678401775567353_5632171924971439211_n\/'><img loading=\"lazy\" decoding=\"async\" width=\"150\" height=\"150\" src=\"https:\/\/sdp-tesanj.org\/bs\/wp-content\/uploads\/10376857_678401775567353_5632171924971439211_n-150x150.jpg\" class=\"attachment-thumbnail size-thumbnail\" alt=\"\" \/><\/a>\n\t\t\t<\/dt><\/dl><dl class='gallery-item'>\n\t\t\t<dt class='gallery-icon landscape'>\n\t\t\t\t<a href='https:\/\/sdp-tesanj.org\/bs\/politicka-skola-foruma-mladih-sdpbih\/10401934_678401125567418_2908414283262136862_n\/'><img loading=\"lazy\" decoding=\"async\" width=\"150\" height=\"150\" src=\"https:\/\/sdp-tesanj.org\/bs\/wp-content\/uploads\/10401934_678401125567418_2908414283262136862_n-150x150.jpg\" class=\"attachment-thumbnail size-thumbnail\" alt=\"\" \/><\/a>\n\t\t\t<\/dt><\/dl><br style=\"clear: both\" \/><dl class='gallery-item'>\n\t\t\t<dt class='gallery-icon portrait'>\n\t\t\t\t<a href='https:\/\/sdp-tesanj.org\/bs\/politicka-skola-foruma-mladih-sdpbih\/10406461_678393362234861_5681238244668716743_n\/'><img loading=\"lazy\" decoding=\"async\" width=\"150\" height=\"150\" src=\"https:\/\/sdp-tesanj.org\/bs\/wp-content\/uploads\/10406461_678393362234861_5681238244668716743_n-150x150.jpg\" class=\"attachment-thumbnail size-thumbnail\" alt=\"\" \/><\/a>\n\t\t\t<\/dt><\/dl><dl class='gallery-item'>\n\t\t\t<dt class='gallery-icon landscape'>\n\t\t\t\t<a href='https:\/\/sdp-tesanj.org\/bs\/politicka-skola-foruma-mladih-sdpbih\/10440806_678409168899947_524953280854839144_n\/'><img loading=\"lazy\" decoding=\"async\" width=\"150\" height=\"150\" src=\"https:\/\/sdp-tesanj.org\/bs\/wp-content\/uploads\/10440806_678409168899947_524953280854839144_n-150x150.jpg\" class=\"attachment-thumbnail size-thumbnail\" alt=\"\" \/><\/a>\n\t\t\t<\/dt><\/dl><dl class='gallery-item'>\n\t\t\t<dt class='gallery-icon landscape'>\n\t\t\t\t<a href='https:\/\/sdp-tesanj.org\/bs\/politicka-skola-foruma-mladih-sdpbih\/10455581_678400578900806_3742699710892935702_n\/'><img loading=\"lazy\" decoding=\"async\" width=\"150\" height=\"150\" src=\"https:\/\/sdp-tesanj.org\/bs\/wp-content\/uploads\/10455581_678400578900806_3742699710892935702_n-150x150.jpg\" class=\"attachment-thumbnail size-thumbnail\" alt=\"\" \/><\/a>\n\t\t\t<\/dt><\/dl><br style=\"clear: both\" \/><dl class='gallery-item'>\n\t\t\t<dt class='gallery-icon landscape'>\n\t\t\t\t<a href='https:\/\/sdp-tesanj.org\/bs\/politicka-skola-foruma-mladih-sdpbih\/10463880_678411132233084_6137151759431883279_n\/'><img loading=\"lazy\" decoding=\"async\" width=\"150\" height=\"150\" src=\"https:\/\/sdp-tesanj.org\/bs\/wp-content\/uploads\/10463880_678411132233084_6137151759431883279_n-150x150.jpg\" class=\"attachment-thumbnail size-thumbnail\" alt=\"\" \/><\/a>\n\t\t\t<\/dt><\/dl><dl class='gallery-item'>\n\t\t\t<dt class='gallery-icon landscape'>\n\t\t\t\t<a href='https:\/\/sdp-tesanj.org\/bs\/politicka-skola-foruma-mladih-sdpbih\/10468198_678341042240093_1410431467734804708_n\/'><img loading=\"lazy\" decoding=\"async\" width=\"150\" height=\"150\" src=\"https:\/\/sdp-tesanj.org\/bs\/wp-content\/uploads\/10468198_678341042240093_1410431467734804708_n-150x150.jpg\" class=\"attachment-thumbnail size-thumbnail\" alt=\"\" \/><\/a>\n\t\t\t<\/dt><\/dl><dl class='gallery-item'>\n\t\t\t<dt class='gallery-icon landscape'>\n\t\t\t\t<a href='https:\/\/sdp-tesanj.org\/bs\/politicka-skola-foruma-mladih-sdpbih\/10473190_678411825566348_8996920107413870967_n\/'><img loading=\"lazy\" decoding=\"async\" width=\"150\" height=\"150\" src=\"https:\/\/sdp-tesanj.org\/bs\/wp-content\/uploads\/10473190_678411825566348_8996920107413870967_n-150x150.jpg\" class=\"attachment-thumbnail size-thumbnail\" alt=\"\" \/><\/a>\n\t\t\t<\/dt><\/dl><br style=\"clear: both\" \/><dl class='gallery-item'>\n\t\t\t<dt class='gallery-icon landscape'>\n\t\t\t\t<a href='https:\/\/sdp-tesanj.org\/bs\/politicka-skola-foruma-mladih-sdpbih\/10478705_1500411323507208_7075092049355126109_o\/'><img loading=\"lazy\" decoding=\"async\" width=\"150\" height=\"150\" src=\"https:\/\/sdp-tesanj.org\/bs\/wp-content\/uploads\/10478705_1500411323507208_7075092049355126109_o-150x150.jpg\" class=\"attachment-thumbnail size-thumbnail\" alt=\"\" \/><\/a>\n\t\t\t<\/dt><\/dl><dl class='gallery-item'>\n\t\t\t<dt class='gallery-icon landscape'>\n\t\t\t\t<a href='https:\/\/sdp-tesanj.org\/bs\/politicka-skola-foruma-mladih-sdpbih\/10480189_678341062240091_8116293041780505934_n\/'><img loading=\"lazy\" decoding=\"async\" width=\"150\" height=\"150\" src=\"https:\/\/sdp-tesanj.org\/bs\/wp-content\/uploads\/10480189_678341062240091_8116293041780505934_n-150x150.jpg\" class=\"attachment-thumbnail size-thumbnail\" alt=\"\" \/><\/a>\n\t\t\t<\/dt><\/dl><dl class='gallery-item'>\n\t\t\t<dt class='gallery-icon landscape'>\n\t\t\t\t<a href='https:\/\/sdp-tesanj.org\/bs\/politicka-skola-foruma-mladih-sdpbih\/10482235_684727231600931_2642107833207668209_o\/'><img loading=\"lazy\" decoding=\"async\" width=\"150\" height=\"150\" src=\"https:\/\/sdp-tesanj.org\/bs\/wp-content\/uploads\/10482235_684727231600931_2642107833207668209_o-150x150.jpg\" class=\"attachment-thumbnail size-thumbnail\" alt=\"\" \/><\/a>\n\t\t\t<\/dt><\/dl><br style=\"clear: both\" \/><dl class='gallery-item'>\n\t\t\t<dt class='gallery-icon landscape'>\n\t\t\t\t<a href='https:\/\/sdp-tesanj.org\/bs\/politicka-skola-foruma-mladih-sdpbih\/10483252_678410745566456_3648875682101433675_n\/'><img loading=\"lazy\" decoding=\"async\" width=\"150\" height=\"150\" src=\"https:\/\/sdp-tesanj.org\/bs\/wp-content\/uploads\/10483252_678410745566456_3648875682101433675_n-150x150.jpg\" class=\"attachment-thumbnail size-thumbnail\" alt=\"\" \/><\/a>\n\t\t\t<\/dt><\/dl><dl class='gallery-item'>\n\t\t\t<dt class='gallery-icon landscape'>\n\t\t\t\t<a href='https:\/\/sdp-tesanj.org\/bs\/politicka-skola-foruma-mladih-sdpbih\/10489633_678401028900761_2542066065380515069_n\/'><img loading=\"lazy\" decoding=\"async\" width=\"150\" height=\"150\" src=\"https:\/\/sdp-tesanj.org\/bs\/wp-content\/uploads\/10489633_678401028900761_2542066065380515069_n-150x150.jpg\" class=\"attachment-thumbnail size-thumbnail\" alt=\"\" \/><\/a>\n\t\t\t<\/dt><\/dl><dl class='gallery-item'>\n\t\t\t<dt class='gallery-icon landscape'>\n\t\t\t\t<a href='https:\/\/sdp-tesanj.org\/bs\/politicka-skola-foruma-mladih-sdpbih\/10492066_678410772233120_1076447115717547466_n\/'><img loading=\"lazy\" decoding=\"async\" width=\"150\" height=\"150\" src=\"https:\/\/sdp-tesanj.org\/bs\/wp-content\/uploads\/10492066_678410772233120_1076447115717547466_n-150x150.jpg\" class=\"attachment-thumbnail size-thumbnail\" alt=\"\" \/><\/a>\n\t\t\t<\/dt><\/dl><br style=\"clear: both\" \/><dl class='gallery-item'>\n\t\t\t<dt class='gallery-icon landscape'>\n\t\t\t\t<a href='https:\/\/sdp-tesanj.org\/bs\/politicka-skola-foruma-mladih-sdpbih\/10509552_678410848899779_7332282986597148306_n\/'><img loading=\"lazy\" decoding=\"async\" width=\"150\" height=\"150\" src=\"https:\/\/sdp-tesanj.org\/bs\/wp-content\/uploads\/10509552_678410848899779_7332282986597148306_n-150x150.jpg\" class=\"attachment-thumbnail size-thumbnail\" alt=\"\" \/><\/a>\n\t\t\t<\/dt><\/dl><dl class='gallery-item'>\n\t\t\t<dt class='gallery-icon portrait'>\n\t\t\t\t<a href='https:\/\/sdp-tesanj.org\/bs\/politicka-skola-foruma-mladih-sdpbih\/10511340_678373062236891_3745527790255558164_n\/'><img loading=\"lazy\" decoding=\"async\" width=\"150\" height=\"150\" src=\"https:\/\/sdp-tesanj.org\/bs\/wp-content\/uploads\/10511340_678373062236891_3745527790255558164_n-150x150.jpg\" class=\"attachment-thumbnail size-thumbnail\" alt=\"\" \/><\/a>\n\t\t\t<\/dt><\/dl>\n\t\t\t<br style='clear: both' \/>\n\t\t<\/div>\n\n<p>&nbsp;<\/p>\n<p style=\"text-align: right;\"><strong> Komisija za informisanje<br \/>\n<\/strong><strong>Foruma mladih SDPBiH Te\u0161anj<\/strong><\/p>\n<p>&nbsp;<\/p>\n","protected":false},"excerpt":{"rendered":"<p>U periodu od 20-22. juna 2014. godine u Sarajevu je odr\u017ean prvi modul ovogodi\u0161nje, \u010detvrte Politi\u010dke \u0161kole Foruma mladih SDPBiH. \u0160kola se organizuje u suradnji sa Fondacijom Fridrih \u2013 Ebert \u2013 Stiftung\u00a0 i Forumom lijevih inicijativa. Cilj Politi\u010dke \u0161kole je da okupi mlade ljude sa podru\u010dja cijele Bosne i Hercegovine, te na njih prenese znanje, [&hellip;]<\/p>\n","protected":false},"author":2,"featured_media":3206,"comment_status":"closed","ping_status":"closed","sticky":false,"template":"","format":"standard","meta":{"ngg_post_thumbnail":0,"footnotes":""},"categories":[21],"tags":[],"class_list":["post-3183","post","type-post","status-publish","format-standard","hentry","category-forum-mladih"],"_links":{"self":[{"href":"https:\/\/sdp-tesanj.org\/bs\/wp-json\/wp\/v2\/posts\/3183","targetHints":{"allow":["GET"]}}],"collection":[{"href":"https:\/\/sdp-tesanj.org\/bs\/wp-json\/wp\/v2\/posts"}],"about":[{"href":"https:\/\/sdp-tesanj.org\/bs\/wp-json\/wp\/v2\/types\/post"}],"author":[{"embeddable":true,"href":"https:\/\/sdp-tesanj.org\/bs\/wp-json\/wp\/v2\/users\/2"}],"replies":[{"embeddable":true,"href":"https:\/\/sdp-tesanj.org\/bs\/wp-json\/wp\/v2\/comments?post=3183"}],"version-history":[{"count":3,"href":"https:\/\/sdp-tesanj.org\/bs\/wp-json\/wp\/v2\/posts\/3183\/revisions"}],"predecessor-version":[{"id":3209,"href":"https:\/\/sdp-tesanj.org\/bs\/wp-json\/wp\/v2\/posts\/3183\/revisions\/3209"}],"wp:featuredmedia":[{"embeddable":true,"href":"https:\/\/sdp-tesanj.org\/bs\/wp-json\/wp\/v2\/media\/3206"}],"wp:attachment":[{"href":"https:\/\/sdp-tesanj.org\/bs\/wp-json\/wp\/v2\/media?parent=3183"}],"wp:term":[{"taxonomy":"category","embeddable":true,"href":"https:\/\/sdp-tesanj.org\/bs\/wp-json\/wp\/v2\/categories?post=3183"},{"taxonomy":"post_tag","embeddable":true,"href":"https:\/\/sdp-tesanj.org\/bs\/wp-json\/wp\/v2\/tags?post=3183"}],"curies":[{"name":"wp","href":"https:\/\/api.w.org\/{rel}","templated":true}]}}