{"id":3179,"date":"2014-06-23T13:31:40","date_gmt":"2014-06-23T11:31:40","guid":{"rendered":"https:\/\/sdp-tesanj.org\/bs\/?p=3179"},"modified":"2014-06-23T13:36:05","modified_gmt":"2014-06-23T11:36:05","slug":"dragan-covic-sa-vrhom-hdz-a-bih-na-doceku-ratnog-zlocinca-darija-kordica","status":"publish","type":"post","link":"https:\/\/sdp-tesanj.org\/bs\/dragan-covic-sa-vrhom-hdz-a-bih-na-doceku-ratnog-zlocinca-darija-kordica\/","title":{"rendered":"Dragan \u010covi\u0107 sa vrhom HDZ-a BiH na do\u010deku ratnog zlo\u010dinca Darija Kordi\u0107a"},"content":{"rendered":"<div id=\"attachment_187\" style=\"width: 250px\" class=\"wp-caption alignleft\"><a href=\"https:\/\/sdp-tesanj.org\/bs\/wp-content\/uploads\/sdp-tesanj-WinCE.png\"><img loading=\"lazy\" decoding=\"async\" aria-describedby=\"caption-attachment-187\" class=\"size-full wp-image-187\" title=\"SDP Te\u0161anj\" src=\"https:\/\/sdp-tesanj.org\/bs\/wp-content\/uploads\/sdp-tesanj-WinCE.png\" alt=\"SDP Te\u0161anj\" width=\"240\" height=\"99\" \/><\/a><p id=\"caption-attachment-187\" class=\"wp-caption-text\">SDP Te\u0161anj<\/p><\/div>\n<p>Sa \u017ealo\u0161\u0107u, ogor\u010denjem i osudom primili smo informaciju da je partijski vrh HDZ BiH, 22.6.2014. u Busova\u010di do\u010dekao dokazanog i osudjenog ratnog zlo\u010dinca Darija Kordi\u0107a.<\/p>\n<p>Niko u la\u0161vanskoj dolini nikada ne\u0107e zaboraviti ni oprostiti nedjela Darija Kordi\u0107a,\u010delnika\u00a0 HDZ BIH i podpredsjednika fantomske tvorevine Herceg Bosna. \u00a0Progla\u0161en je krivim i osudjen za smrt 116 civila u selu Ahmi\u0107i,koji su ubijani i zapaljeni u njihovim ku\u0107ama. Nisu to bila boji\u0161ta, nego domovi ljudi koji su odvajkada \u017eivjeli na tim prostorima.<!--more--><\/p>\n<p>Niko nije zaboravio a ni oprostio smrt nevinih civila . I zar Darija Kordi\u0107a\u00a0 kreatora\u00a0 politika ubijanja i paljenja ljudi treba nakon 17 godina do\u010dekati\u00a0 sve\u010dano kao heroja. \u010cega se pamentan stidi tim se kreatori zlo\u010dina ponose.<\/p>\n<p>&nbsp;<\/p>\n<p>Sada pred izbore ponovo se ratni zlo\u010dinci , sada Dario Kordi\u0107 , koriste za dizanje nacionalnih tenzija. Ovaj puta to \u010dini HDZ BIH , prije toga SDS za svog zlo\u010dinca Kraji\u0161nika, a prvi su bili SNSD sa do\u010dekom Biljane Plav\u0161i\u0107.<\/p>\n<p>Poru\u010dujemo Kordi\u0107u da se iz onoga \u0161to je govorio u Busova\u010di ne vidi da je postao bolji \u010dovjek. Tvrdnja da je bolji \u010dovjek,a ne kaje se za zlo\u010din za koji je osudjen. Iz izre\u010denog se vidi da 17 godina kazne nije popravilo i promijenilo ratnog zlo\u010dinca Kordi\u0107a. Naprotiv njegova pojava probudila je stare strahove i uvjerenje da zlo\u010dinac ostaje zlo\u010dinac.<\/p>\n<p>Politika HDZ BIH nije presatala da podr\u017eava ratne zlo\u010dince i promovira i kli\u010de razlozima koji su dokazani, osudjeni i presudjeni na medjunarodnim sudovima. Pozivamo sve koji misle da je politika konflikta i nacinalnih tenzija\u00a0 dobra za dobivanje izbora\u00a0 i osvajanje vlasti da dugoro\u010dno svaki narod i svaki \u010dovjek gubi.<\/p>\n<p>&nbsp;<\/p>\n<p style=\"text-align: right;\">KANTONALNI ODBOR SDP BIH ZDK<\/p>\n","protected":false},"excerpt":{"rendered":"<p>Sa \u017ealo\u0161\u0107u, ogor\u010denjem i osudom primili smo informaciju da je partijski vrh HDZ BiH, 22.6.2014. u Busova\u010di do\u010dekao dokazanog i osudjenog ratnog zlo\u010dinca Darija Kordi\u0107a. Niko u la\u0161vanskoj dolini nikada ne\u0107e zaboraviti ni oprostiti nedjela Darija Kordi\u0107a,\u010delnika\u00a0 HDZ BIH i podpredsjednika fantomske tvorevine Herceg Bosna. \u00a0Progla\u0161en je krivim i osudjen za smrt 116 civila u [&hellip;]<\/p>\n","protected":false},"author":2,"featured_media":0,"comment_status":"closed","ping_status":"closed","sticky":false,"template":"","format":"standard","meta":{"ngg_post_thumbnail":0,"footnotes":""},"categories":[3],"tags":[],"class_list":["post-3179","post","type-post","status-publish","format-standard","hentry","category-vijesti"],"_links":{"self":[{"href":"https:\/\/sdp-tesanj.org\/bs\/wp-json\/wp\/v2\/posts\/3179","targetHints":{"allow":["GET"]}}],"collection":[{"href":"https:\/\/sdp-tesanj.org\/bs\/wp-json\/wp\/v2\/posts"}],"about":[{"href":"https:\/\/sdp-tesanj.org\/bs\/wp-json\/wp\/v2\/types\/post"}],"author":[{"embeddable":true,"href":"https:\/\/sdp-tesanj.org\/bs\/wp-json\/wp\/v2\/users\/2"}],"replies":[{"embeddable":true,"href":"https:\/\/sdp-tesanj.org\/bs\/wp-json\/wp\/v2\/comments?post=3179"}],"version-history":[{"count":3,"href":"https:\/\/sdp-tesanj.org\/bs\/wp-json\/wp\/v2\/posts\/3179\/revisions"}],"predecessor-version":[{"id":3181,"href":"https:\/\/sdp-tesanj.org\/bs\/wp-json\/wp\/v2\/posts\/3179\/revisions\/3181"}],"wp:attachment":[{"href":"https:\/\/sdp-tesanj.org\/bs\/wp-json\/wp\/v2\/media?parent=3179"}],"wp:term":[{"taxonomy":"category","embeddable":true,"href":"https:\/\/sdp-tesanj.org\/bs\/wp-json\/wp\/v2\/categories?post=3179"},{"taxonomy":"post_tag","embeddable":true,"href":"https:\/\/sdp-tesanj.org\/bs\/wp-json\/wp\/v2\/tags?post=3179"}],"curies":[{"name":"wp","href":"https:\/\/api.w.org\/{rel}","templated":true}]}}