{"id":2956,"date":"2014-04-15T09:00:06","date_gmt":"2014-04-15T07:00:06","guid":{"rendered":"https:\/\/sdp-tesanj.org\/bs\/?p=2956"},"modified":"2014-04-15T09:00:06","modified_gmt":"2014-04-15T07:00:06","slug":"cestitka-povodom-dana-arbih-2","status":"publish","type":"post","link":"https:\/\/sdp-tesanj.org\/bs\/cestitka-povodom-dana-arbih-2\/","title":{"rendered":"\u010cestitka povodom Dana ARBiH"},"content":{"rendered":"<div id=\"attachment_187\" style=\"width: 250px\" class=\"wp-caption alignleft\"><a href=\"https:\/\/sdp-tesanj.org\/bs\/wp-content\/uploads\/sdp-tesanj-WinCE.png\"><img loading=\"lazy\" decoding=\"async\" aria-describedby=\"caption-attachment-187\" class=\"size-full wp-image-187\" title=\"SDP Te\u0161anj\" src=\"https:\/\/sdp-tesanj.org\/bs\/wp-content\/uploads\/sdp-tesanj-WinCE.png\" alt=\"SDP Te\u0161anj\" width=\"240\" height=\"99\" \/><\/a><p id=\"caption-attachment-187\" class=\"wp-caption-text\">SDP Te\u0161anj<\/p><\/div>\n<p>U ime Op\u0107inske organizacije\u00a0Socijaldemokratske partije Bosne i Hercegovine Te\u0161anj,\u00a0i svoje osobno ime,\u00a0svim gra\u0111ankama i gra\u0111anima op\u0107ine Te\u0161anj\u00a0\u010destitam 15. april\u00a0Dan Armije BiH.<!--more--><\/p>\n<p>&nbsp;<\/p>\n<p>&nbsp;<\/p>\n<p>&nbsp;<\/p>\n<p style=\"text-align: right;\"><strong>Predjednik OOSDPBiH Te\u0161anj<\/strong><br \/>\n<strong>Senad S. Suba\u0161i\u0107 <\/strong><\/p>\n<p>&nbsp;<\/p>\n","protected":false},"excerpt":{"rendered":"<p>U ime Op\u0107inske organizacije\u00a0Socijaldemokratske partije Bosne i Hercegovine Te\u0161anj,\u00a0i svoje osobno ime,\u00a0svim gra\u0111ankama i gra\u0111anima op\u0107ine Te\u0161anj\u00a0\u010destitam 15. april\u00a0Dan Armije BiH.<\/p>\n","protected":false},"author":2,"featured_media":0,"comment_status":"closed","ping_status":"closed","sticky":false,"template":"","format":"standard","meta":{"ngg_post_thumbnail":0,"footnotes":""},"categories":[3],"tags":[],"class_list":["post-2956","post","type-post","status-publish","format-standard","hentry","category-vijesti"],"_links":{"self":[{"href":"https:\/\/sdp-tesanj.org\/bs\/wp-json\/wp\/v2\/posts\/2956","targetHints":{"allow":["GET"]}}],"collection":[{"href":"https:\/\/sdp-tesanj.org\/bs\/wp-json\/wp\/v2\/posts"}],"about":[{"href":"https:\/\/sdp-tesanj.org\/bs\/wp-json\/wp\/v2\/types\/post"}],"author":[{"embeddable":true,"href":"https:\/\/sdp-tesanj.org\/bs\/wp-json\/wp\/v2\/users\/2"}],"replies":[{"embeddable":true,"href":"https:\/\/sdp-tesanj.org\/bs\/wp-json\/wp\/v2\/comments?post=2956"}],"version-history":[{"count":1,"href":"https:\/\/sdp-tesanj.org\/bs\/wp-json\/wp\/v2\/posts\/2956\/revisions"}],"predecessor-version":[{"id":2957,"href":"https:\/\/sdp-tesanj.org\/bs\/wp-json\/wp\/v2\/posts\/2956\/revisions\/2957"}],"wp:attachment":[{"href":"https:\/\/sdp-tesanj.org\/bs\/wp-json\/wp\/v2\/media?parent=2956"}],"wp:term":[{"taxonomy":"category","embeddable":true,"href":"https:\/\/sdp-tesanj.org\/bs\/wp-json\/wp\/v2\/categories?post=2956"},{"taxonomy":"post_tag","embeddable":true,"href":"https:\/\/sdp-tesanj.org\/bs\/wp-json\/wp\/v2\/tags?post=2956"}],"curies":[{"name":"wp","href":"https:\/\/api.w.org\/{rel}","templated":true}]}}