{"id":2925,"date":"2014-04-07T09:10:50","date_gmt":"2014-04-07T07:10:50","guid":{"rendered":"https:\/\/sdp-tesanj.org\/bs\/?p=2925"},"modified":"2014-04-07T09:12:16","modified_gmt":"2014-04-07T07:12:16","slug":"svjetski-dan-zdravlja","status":"publish","type":"post","link":"https:\/\/sdp-tesanj.org\/bs\/svjetski-dan-zdravlja\/","title":{"rendered":"Svjetski dan zdravlja"},"content":{"rendered":"<div id=\"attachment_2933\" style=\"width: 276px\" class=\"wp-caption alignleft\"><a href=\"https:\/\/sdp-tesanj.org\/bs\/wp-content\/uploads\/DSC_00401.jpg\"><img loading=\"lazy\" decoding=\"async\" aria-describedby=\"caption-attachment-2933\" class=\"size-medium wp-image-2933    \" title=\"Svjetski dan zdravlja\" src=\"https:\/\/sdp-tesanj.org\/bs\/wp-content\/uploads\/DSC_00401-640x480.jpg\" alt=\"Svjetski dan zdravlja\" width=\"266\" height=\"200\" srcset=\"https:\/\/sdp-tesanj.org\/bs\/wp-content\/uploads\/DSC_00401-640x480.jpg 640w, https:\/\/sdp-tesanj.org\/bs\/wp-content\/uploads\/DSC_00401.jpg 800w\" sizes=\"auto, (max-width: 266px) 100vw, 266px\" \/><\/a><p id=\"caption-attachment-2933\" class=\"wp-caption-text\">Svjetski dan zdravlja<\/p><\/div>\n<p>Svjetski dan zdravlja obilje\u017eava se 7. aprila svake godine pod pokroviteljstvom <a title=\"Svjetska zdravstvena organizacija\" href=\"http:\/\/hr.wikipedia.org\/wiki\/Svjetska_zdravstvena_organizacija\">Svjetske zdravstvene organizacije<\/a> (WHO).<\/p>\n<p>Prva Svjetska zdravstvena skup\u0161tina koju je organizirala Svjetska zdravstvena organizacija odr\u017eana je 1948. godine. Odlukom skup\u0161tine 7. april odre\u0111en je za Svjetski dan zdravlja i po\u010deo se slaviti od 1950. godine.<\/p>\n<p>Tim povodom Forum mladih Osnovne organizacije SDPBiH Jelah danas je na simboli\u010dan na\u010din obilje\u017eio \u201eSvjetski dan zdravlja\u201c. Odr\u017eano je sportsko dru\u017eenje u dvorani Osnovne \u0161kole \u201c1. mart\u201c u Jelahu. Sportsko dru\u017eenje pod nazivom \u201eU zdravom tijelu \u2013 zdrav duh\u201c podr\u017ealo je oko 20 \u010dlanova i simpatizera Foruma mladih.<!--more--><\/p>\n<p>Forum mladih Osnovne organizacije SDPBiH Jelah ovim dru\u017eenjem je \u017eelio poslati jasnu poruku\u00a0 \u201e\u017delimo li izdr\u017eati u borbi protiv stresa, kardiovaskularnih bolesti i depresije, koja je druga po redu bolest 21. stolje\u0107a, svakako je od krucijalne va\u017enosti i odr\u017eavanje tijela zdravim. Kako? Kroz pravilnu prehranu i tjelovje\u017ebu. Kako bismo bili \u0161to vi\u0161e fit i kako bismo se mogli nositi sa svim dnevnim, sedmi\u010dnim ili mjese\u010dnim obavezama, va\u017eno je misliti na svoje fizi\u010dko, a time i na psihi\u010dko zdravlje\u201d.<\/p>\n<p>&nbsp;<\/p>\n\n\t\t<style type=\"text\/css\">\n\t\t\t#gallery-1 {\n\t\t\t\tmargin: auto;\n\t\t\t}\n\t\t\t#gallery-1 .gallery-item {\n\t\t\t\tfloat: left;\n\t\t\t\tmargin-top: 10px;\n\t\t\t\ttext-align: center;\n\t\t\t\twidth: 50%;\n\t\t\t}\n\t\t\t#gallery-1 img {\n\t\t\t\tborder: 2px solid #cfcfcf;\n\t\t\t}\n\t\t\t#gallery-1 .gallery-caption {\n\t\t\t\tmargin-left: 0;\n\t\t\t}\n\t\t\t\/* see gallery_shortcode() in wp-includes\/media.php *\/\n\t\t<\/style>\n\t\t<div id='gallery-1' class='gallery galleryid-2925 gallery-columns-2 gallery-size-thumbnail'><dl class='gallery-item'>\n\t\t\t<dt class='gallery-icon landscape'>\n\t\t\t\t<a href='https:\/\/sdp-tesanj.org\/bs\/svjetski-dan-zdravlja\/dsc_0040\/'><img loading=\"lazy\" decoding=\"async\" width=\"150\" height=\"150\" src=\"https:\/\/sdp-tesanj.org\/bs\/wp-content\/uploads\/DSC_0040-150x150.jpg\" class=\"attachment-thumbnail size-thumbnail\" alt=\"\" \/><\/a>\n\t\t\t<\/dt><\/dl><dl class='gallery-item'>\n\t\t\t<dt class='gallery-icon landscape'>\n\t\t\t\t<a href='https:\/\/sdp-tesanj.org\/bs\/svjetski-dan-zdravlja\/dsc_0041\/'><img loading=\"lazy\" decoding=\"async\" width=\"150\" height=\"150\" src=\"https:\/\/sdp-tesanj.org\/bs\/wp-content\/uploads\/DSC_0041-150x150.jpg\" class=\"attachment-thumbnail size-thumbnail\" alt=\"\" \/><\/a>\n\t\t\t<\/dt><\/dl><br style=\"clear: both\" \/><dl class='gallery-item'>\n\t\t\t<dt class='gallery-icon landscape'>\n\t\t\t\t<a href='https:\/\/sdp-tesanj.org\/bs\/svjetski-dan-zdravlja\/dsc_0042\/'><img loading=\"lazy\" decoding=\"async\" width=\"150\" height=\"150\" src=\"https:\/\/sdp-tesanj.org\/bs\/wp-content\/uploads\/DSC_0042-150x150.jpg\" class=\"attachment-thumbnail size-thumbnail\" alt=\"\" \/><\/a>\n\t\t\t<\/dt><\/dl><dl class='gallery-item'>\n\t\t\t<dt class='gallery-icon portrait'>\n\t\t\t\t<a href='https:\/\/sdp-tesanj.org\/bs\/svjetski-dan-zdravlja\/dsc_0047-2\/'><img loading=\"lazy\" decoding=\"async\" width=\"150\" height=\"150\" src=\"https:\/\/sdp-tesanj.org\/bs\/wp-content\/uploads\/DSC_00471-150x150.jpg\" class=\"attachment-thumbnail size-thumbnail\" alt=\"\" \/><\/a>\n\t\t\t<\/dt><\/dl><br style=\"clear: both\" \/><dl class='gallery-item'>\n\t\t\t<dt class='gallery-icon portrait'>\n\t\t\t\t<a href='https:\/\/sdp-tesanj.org\/bs\/svjetski-dan-zdravlja\/dsc_0048\/'><img loading=\"lazy\" decoding=\"async\" width=\"150\" height=\"150\" src=\"https:\/\/sdp-tesanj.org\/bs\/wp-content\/uploads\/DSC_0048-150x150.jpg\" class=\"attachment-thumbnail size-thumbnail\" alt=\"\" \/><\/a>\n\t\t\t<\/dt><\/dl><dl class='gallery-item'>\n\t\t\t<dt class='gallery-icon landscape'>\n\t\t\t\t<a href='https:\/\/sdp-tesanj.org\/bs\/svjetski-dan-zdravlja\/dsc_0059\/'><img loading=\"lazy\" decoding=\"async\" width=\"150\" height=\"150\" src=\"https:\/\/sdp-tesanj.org\/bs\/wp-content\/uploads\/DSC_0059-150x150.jpg\" class=\"attachment-thumbnail size-thumbnail\" alt=\"\" \/><\/a>\n\t\t\t<\/dt><\/dl><br style=\"clear: both\" \/><dl class='gallery-item'>\n\t\t\t<dt class='gallery-icon landscape'>\n\t\t\t\t<a href='https:\/\/sdp-tesanj.org\/bs\/svjetski-dan-zdravlja\/dsc_0061-2\/'><img loading=\"lazy\" decoding=\"async\" width=\"150\" height=\"150\" src=\"https:\/\/sdp-tesanj.org\/bs\/wp-content\/uploads\/DSC_00611-150x150.jpg\" class=\"attachment-thumbnail size-thumbnail\" alt=\"\" \/><\/a>\n\t\t\t<\/dt><\/dl><dl class='gallery-item'>\n\t\t\t<dt class='gallery-icon landscape'>\n\t\t\t\t<a href='https:\/\/sdp-tesanj.org\/bs\/svjetski-dan-zdravlja\/dsc_0040-2\/'><img loading=\"lazy\" decoding=\"async\" width=\"150\" height=\"150\" src=\"https:\/\/sdp-tesanj.org\/bs\/wp-content\/uploads\/DSC_00401-150x150.jpg\" class=\"attachment-thumbnail size-thumbnail\" alt=\"Svjetski dan zdravlja\" aria-describedby=\"gallery-1-2933\" \/><\/a>\n\t\t\t<\/dt>\n\t\t\t\t<dd class='wp-caption-text gallery-caption' id='gallery-1-2933'>\n\t\t\t\tSvjetski dan zdravlja\n\t\t\t\t<\/dd><\/dl><br style=\"clear: both\" \/>\n\t\t<\/div>\n\n<p>&nbsp;<\/p>\n<p style=\"text-align: right;\"><strong>Komisija za informisanje<br \/>\n<\/strong><strong>Foruma mladih SDPBiH Te\u0161anj<\/strong><\/p>\n","protected":false},"excerpt":{"rendered":"<p>Svjetski dan zdravlja obilje\u017eava se 7. aprila svake godine pod pokroviteljstvom Svjetske zdravstvene organizacije (WHO). Prva Svjetska zdravstvena skup\u0161tina koju je organizirala Svjetska zdravstvena organizacija odr\u017eana je 1948. godine. Odlukom skup\u0161tine 7. april odre\u0111en je za Svjetski dan zdravlja i po\u010deo se slaviti od 1950. godine. Tim povodom Forum mladih Osnovne organizacije SDPBiH Jelah danas [&hellip;]<\/p>\n","protected":false},"author":2,"featured_media":2933,"comment_status":"closed","ping_status":"closed","sticky":false,"template":"","format":"standard","meta":{"ngg_post_thumbnail":0,"footnotes":""},"categories":[21],"tags":[],"class_list":["post-2925","post","type-post","status-publish","format-standard","hentry","category-forum-mladih"],"_links":{"self":[{"href":"https:\/\/sdp-tesanj.org\/bs\/wp-json\/wp\/v2\/posts\/2925","targetHints":{"allow":["GET"]}}],"collection":[{"href":"https:\/\/sdp-tesanj.org\/bs\/wp-json\/wp\/v2\/posts"}],"about":[{"href":"https:\/\/sdp-tesanj.org\/bs\/wp-json\/wp\/v2\/types\/post"}],"author":[{"embeddable":true,"href":"https:\/\/sdp-tesanj.org\/bs\/wp-json\/wp\/v2\/users\/2"}],"replies":[{"embeddable":true,"href":"https:\/\/sdp-tesanj.org\/bs\/wp-json\/wp\/v2\/comments?post=2925"}],"version-history":[{"count":5,"href":"https:\/\/sdp-tesanj.org\/bs\/wp-json\/wp\/v2\/posts\/2925\/revisions"}],"predecessor-version":[{"id":2938,"href":"https:\/\/sdp-tesanj.org\/bs\/wp-json\/wp\/v2\/posts\/2925\/revisions\/2938"}],"wp:featuredmedia":[{"embeddable":true,"href":"https:\/\/sdp-tesanj.org\/bs\/wp-json\/wp\/v2\/media\/2933"}],"wp:attachment":[{"href":"https:\/\/sdp-tesanj.org\/bs\/wp-json\/wp\/v2\/media?parent=2925"}],"wp:term":[{"taxonomy":"category","embeddable":true,"href":"https:\/\/sdp-tesanj.org\/bs\/wp-json\/wp\/v2\/categories?post=2925"},{"taxonomy":"post_tag","embeddable":true,"href":"https:\/\/sdp-tesanj.org\/bs\/wp-json\/wp\/v2\/tags?post=2925"}],"curies":[{"name":"wp","href":"https:\/\/api.w.org\/{rel}","templated":true}]}}