{"id":2922,"date":"2014-04-04T08:54:12","date_gmt":"2014-04-04T06:54:12","guid":{"rendered":"https:\/\/sdp-tesanj.org\/bs\/?p=2922"},"modified":"2014-04-04T08:54:12","modified_gmt":"2014-04-04T06:54:12","slug":"cestitka-povodom-4-aprila-dana-otpora-opcine-tesanj-fasizmu","status":"publish","type":"post","link":"https:\/\/sdp-tesanj.org\/bs\/cestitka-povodom-4-aprila-dana-otpora-opcine-tesanj-fasizmu\/","title":{"rendered":"\u010cestitka povodom 4. aprila &#8211; Dana otpora op\u0107ine Te\u0161anj fa\u0161izmu"},"content":{"rendered":"<div id=\"attachment_187\" style=\"width: 250px\" class=\"wp-caption alignleft\"><a href=\"https:\/\/sdp-tesanj.org\/bs\/wp-content\/uploads\/sdp-tesanj-WinCE.png\"><img loading=\"lazy\" decoding=\"async\" aria-describedby=\"caption-attachment-187\" class=\"size-full wp-image-187\" title=\"SDP Te\u0161anj\" src=\"https:\/\/sdp-tesanj.org\/bs\/wp-content\/uploads\/sdp-tesanj-WinCE.png\" alt=\"SDP Te\u0161anj\" width=\"240\" height=\"99\" \/><\/a><p id=\"caption-attachment-187\" class=\"wp-caption-text\">SDP Te\u0161anj<\/p><\/div>\n<p>U ime Op\u0107inske organizacije Socijaldemokratske partije Bosne i Hercegovine Te\u0161anj, i svoje osobno ime, svim gra\u0111ankama i gra\u0111anima op\u0107ine Te\u0161anj \u010destitam 4. apri l- Dan otpora fa\u0161izmu.<!--more--><\/p>\n<p>&nbsp;<\/p>\n<p>&nbsp;<\/p>\n<p style=\"text-align: right;\"><strong>Predsjednik OOSDPBiH Te\u0161anj<br \/>\nS<\/strong><strong>enad S. Suba\u0161i\u0107<\/strong><\/p>\n<p>&nbsp;<\/p>\n","protected":false},"excerpt":{"rendered":"<p>U ime Op\u0107inske organizacije Socijaldemokratske partije Bosne i Hercegovine Te\u0161anj, i svoje osobno ime, svim gra\u0111ankama i gra\u0111anima op\u0107ine Te\u0161anj \u010destitam 4. apri l- Dan otpora fa\u0161izmu.<\/p>\n","protected":false},"author":2,"featured_media":0,"comment_status":"closed","ping_status":"closed","sticky":false,"template":"","format":"standard","meta":{"ngg_post_thumbnail":0,"footnotes":""},"categories":[3],"tags":[],"class_list":["post-2922","post","type-post","status-publish","format-standard","hentry","category-vijesti"],"_links":{"self":[{"href":"https:\/\/sdp-tesanj.org\/bs\/wp-json\/wp\/v2\/posts\/2922","targetHints":{"allow":["GET"]}}],"collection":[{"href":"https:\/\/sdp-tesanj.org\/bs\/wp-json\/wp\/v2\/posts"}],"about":[{"href":"https:\/\/sdp-tesanj.org\/bs\/wp-json\/wp\/v2\/types\/post"}],"author":[{"embeddable":true,"href":"https:\/\/sdp-tesanj.org\/bs\/wp-json\/wp\/v2\/users\/2"}],"replies":[{"embeddable":true,"href":"https:\/\/sdp-tesanj.org\/bs\/wp-json\/wp\/v2\/comments?post=2922"}],"version-history":[{"count":2,"href":"https:\/\/sdp-tesanj.org\/bs\/wp-json\/wp\/v2\/posts\/2922\/revisions"}],"predecessor-version":[{"id":2924,"href":"https:\/\/sdp-tesanj.org\/bs\/wp-json\/wp\/v2\/posts\/2922\/revisions\/2924"}],"wp:attachment":[{"href":"https:\/\/sdp-tesanj.org\/bs\/wp-json\/wp\/v2\/media?parent=2922"}],"wp:term":[{"taxonomy":"category","embeddable":true,"href":"https:\/\/sdp-tesanj.org\/bs\/wp-json\/wp\/v2\/categories?post=2922"},{"taxonomy":"post_tag","embeddable":true,"href":"https:\/\/sdp-tesanj.org\/bs\/wp-json\/wp\/v2\/tags?post=2922"}],"curies":[{"name":"wp","href":"https:\/\/api.w.org\/{rel}","templated":true}]}}