{"id":2899,"date":"2014-03-06T22:08:15","date_gmt":"2014-03-06T21:08:15","guid":{"rendered":"https:\/\/sdp-tesanj.org\/bs\/?p=2899"},"modified":"2014-03-06T22:09:52","modified_gmt":"2014-03-06T21:09:52","slug":"cestitka-povodom-8-marta-dana-zena","status":"publish","type":"post","link":"https:\/\/sdp-tesanj.org\/bs\/cestitka-povodom-8-marta-dana-zena\/","title":{"rendered":"\u010cestitka povodom 8. marta &#8211; Dana \u017eena"},"content":{"rendered":"<div id=\"attachment_187\" style=\"width: 250px\" class=\"wp-caption alignleft\"><a href=\"https:\/\/sdp-tesanj.org\/bs\/wp-content\/uploads\/sdp-tesanj-WinCE.png\"><img loading=\"lazy\" decoding=\"async\" aria-describedby=\"caption-attachment-187\" class=\"size-full wp-image-187\" title=\"SDP Te\u0161anj\" src=\"https:\/\/sdp-tesanj.org\/bs\/wp-content\/uploads\/sdp-tesanj-WinCE.png\" alt=\"SDP Te\u0161anj\" width=\"240\" height=\"99\" \/><\/a><p id=\"caption-attachment-187\" class=\"wp-caption-text\">SDP Te\u0161anj<\/p><\/div>\n<p>Po\u010detak obilje\u017eavanje 8. marta kao Dana \u017eena\u00a0 ve\u017ee se za proteste \u017eena zaposlenih u industriji odje\u0107e i tekstila odr\u017eane u New Jorku 1857. godine. \u017dene su ovom prilikom tra\u017eile bolje uslove za rad i ve\u0107a prava.<\/p>\n<p>1910. godine u Kopenhagenu u organizaciji Socijalisti\u010dke internacionale odr\u017eana je Prva me\u0111unarodna \u017eenska konferencija, na kojoj je na prijedlog slavne njema\u010dke socijalistice Clare Zetling ustanovljen\u00a0 \u201eMe\u0111unarodni dan \u017eena\u201c.<!--more--><\/p>\n<p>1975. godine, koja je i bila progla\u0161ena Me\u0111unarodnom godinom \u017eene, UN su i zvani\u010dno\u00a0 po\u010deli obilje\u017eavati Me\u0111unarodni dan \u017eena.<\/p>\n<p>Ovaj datum je prilika da se prisjetimo va\u017enosti i uloge \u017eene u svim sferama \u017eivota, ali i dana kada trebamo sagledati polo\u017eaj \u017eene u dana\u0161njem dru\u0161tvu, te pogledati \u0161ta se mo\u017ee poduzeti da \u017eena dobije zaslu\u017eeni status u dru\u0161tvu, koji\u00a0 joj i pripada.<\/p>\n<p>Svim pripadnicama nje\u017enijeg spola, svim sugra\u0111ankama na\u0161e op\u0107ine, ali i \u0161irom Bosne i Hercegovine i svijeta s dubokim i iskrenim po\u0161tovanjem i uva\u017eavanjem u svoje li\u010dno ime i u ime OOSDPBiH Te\u0161anj upu\u0107ujem najiskrenije \u010destitke u povodu 8. Marta \u2013 Me\u0111unarodnog dana \u017eena.<\/p>\n<p><strong> <\/strong><\/p>\n<p><strong> <\/strong><\/p>\n<p>&nbsp;<\/p>\n<p style=\"text-align: right;\"><strong>Predsjednik \u00a0OOSDPBiH Te\u0161anj<\/strong><strong><br \/>\nSenad S. Suba\u0161i\u0107<\/strong><\/p>\n","protected":false},"excerpt":{"rendered":"<p>Po\u010detak obilje\u017eavanje 8. marta kao Dana \u017eena\u00a0 ve\u017ee se za proteste \u017eena zaposlenih u industriji odje\u0107e i tekstila odr\u017eane u New Jorku 1857. godine. \u017dene su ovom prilikom tra\u017eile bolje uslove za rad i ve\u0107a prava. 1910. godine u Kopenhagenu u organizaciji Socijalisti\u010dke internacionale odr\u017eana je Prva me\u0111unarodna \u017eenska konferencija, na kojoj je na prijedlog [&hellip;]<\/p>\n","protected":false},"author":2,"featured_media":0,"comment_status":"closed","ping_status":"closed","sticky":false,"template":"","format":"standard","meta":{"ngg_post_thumbnail":0,"footnotes":""},"categories":[3],"tags":[],"class_list":["post-2899","post","type-post","status-publish","format-standard","hentry","category-vijesti"],"_links":{"self":[{"href":"https:\/\/sdp-tesanj.org\/bs\/wp-json\/wp\/v2\/posts\/2899","targetHints":{"allow":["GET"]}}],"collection":[{"href":"https:\/\/sdp-tesanj.org\/bs\/wp-json\/wp\/v2\/posts"}],"about":[{"href":"https:\/\/sdp-tesanj.org\/bs\/wp-json\/wp\/v2\/types\/post"}],"author":[{"embeddable":true,"href":"https:\/\/sdp-tesanj.org\/bs\/wp-json\/wp\/v2\/users\/2"}],"replies":[{"embeddable":true,"href":"https:\/\/sdp-tesanj.org\/bs\/wp-json\/wp\/v2\/comments?post=2899"}],"version-history":[{"count":3,"href":"https:\/\/sdp-tesanj.org\/bs\/wp-json\/wp\/v2\/posts\/2899\/revisions"}],"predecessor-version":[{"id":2901,"href":"https:\/\/sdp-tesanj.org\/bs\/wp-json\/wp\/v2\/posts\/2899\/revisions\/2901"}],"wp:attachment":[{"href":"https:\/\/sdp-tesanj.org\/bs\/wp-json\/wp\/v2\/media?parent=2899"}],"wp:term":[{"taxonomy":"category","embeddable":true,"href":"https:\/\/sdp-tesanj.org\/bs\/wp-json\/wp\/v2\/categories?post=2899"},{"taxonomy":"post_tag","embeddable":true,"href":"https:\/\/sdp-tesanj.org\/bs\/wp-json\/wp\/v2\/tags?post=2899"}],"curies":[{"name":"wp","href":"https:\/\/api.w.org\/{rel}","templated":true}]}}