{"id":2886,"date":"2014-03-03T08:41:46","date_gmt":"2014-03-03T07:41:46","guid":{"rendered":"https:\/\/sdp-tesanj.org\/bs\/?p=2886"},"modified":"2014-03-03T08:55:46","modified_gmt":"2014-03-03T07:55:46","slug":"obiljezen-dan-nezavisnosti-bosne-i-hercegovine","status":"publish","type":"post","link":"https:\/\/sdp-tesanj.org\/bs\/obiljezen-dan-nezavisnosti-bosne-i-hercegovine\/","title":{"rendered":"Obilje\u017een Dan nezavisnosti Bosne i Hercegovine"},"content":{"rendered":"<div id=\"attachment_2887\" style=\"width: 276px\" class=\"wp-caption alignleft\"><a href=\"https:\/\/sdp-tesanj.org\/bs\/wp-content\/uploads\/1797365_436993263099717_259924841_n.jpg\"><img loading=\"lazy\" decoding=\"async\" aria-describedby=\"caption-attachment-2887\" class=\"size-medium wp-image-2887    \" title=\"Polaganje cvije\u0107a\" src=\"https:\/\/sdp-tesanj.org\/bs\/wp-content\/uploads\/1797365_436993263099717_259924841_n-640x480.jpg\" alt=\"Polaganje cvije\u0107a\" width=\"266\" height=\"200\" srcset=\"https:\/\/sdp-tesanj.org\/bs\/wp-content\/uploads\/1797365_436993263099717_259924841_n-640x480.jpg 640w, https:\/\/sdp-tesanj.org\/bs\/wp-content\/uploads\/1797365_436993263099717_259924841_n.jpg 800w\" sizes=\"auto, (max-width: 266px) 100vw, 266px\" \/><\/a><p id=\"caption-attachment-2887\" class=\"wp-caption-text\">Polaganje cvije\u0107a<\/p><\/div>\n<p>Op\u0107inska organizacija SDPBiH Te\u0161anj dala je doprinos u obilje\u017eavanju 1. marta \u2013 Dana nezavisnosti Bosne i Hercegovine. Nosilac aktivnosti obilje\u017eavanja Dana nezavisnosti Bosne i Hercegovine bila\u00a0 je Op\u0107inska organizacija\u00a0 Foruma seniora SDPBiH Te\u0161anj.<\/p>\n<p>1. mart, kao jedan od najva\u017enijih datuma, novije bosanskohercegova\u010dke historije, u Te\u0161nju je obilje\u017een polaganjem cvije\u0107a na Spomen obilje\u017eja, poginulim u ratu 92.-95., u Te\u0161nju, Te\u0161anjci i Jelahu.<!--more--><\/p>\n<p>Nakon polaganja cvije\u0107a uprili\u010dena je radno-sve\u010dana sjednica Foruma seniora na kojoj je pro\u010ditan prigodan referat o Danu nezavisnosti.<\/p>\n<p>Svoj doprinos obilje\u017eavanju dana nezavisnosti Bosne i Hercegovine dali su i \u010dlanovi Foruma mladih SDPBiH Te\u0161anj koji su prisustvovali Sve\u010danoj akademiji u povodu Dana nezavisnosti Bosne i Hercegovine, koju su organizovali KOFOMSDPBiH ZDK i OOFOMSDPBiH Maglaj.<\/p>\n<p>Na Akademiji je jo\u0161 jednom istaknuta va\u017enost ovog datuma za Bosnu i Hercegovinu i sve njene gra\u0111ane. Ova sve\u010denost je iskori\u0161tena i kao prilika da se dodijele Zahvalnice za doprinos u radu i razvoju Foruma mladih SDP-a, a iz na\u0161e Organizacije dobitnici su Amil Buljuba\u0161i\u0107 i Ernad Hrvi\u0107<\/p>\n<p>&nbsp;<\/p>\n\n\t\t<style type=\"text\/css\">\n\t\t\t#gallery-1 {\n\t\t\t\tmargin: auto;\n\t\t\t}\n\t\t\t#gallery-1 .gallery-item {\n\t\t\t\tfloat: left;\n\t\t\t\tmargin-top: 10px;\n\t\t\t\ttext-align: center;\n\t\t\t\twidth: 50%;\n\t\t\t}\n\t\t\t#gallery-1 img {\n\t\t\t\tborder: 2px solid #cfcfcf;\n\t\t\t}\n\t\t\t#gallery-1 .gallery-caption {\n\t\t\t\tmargin-left: 0;\n\t\t\t}\n\t\t\t\/* see gallery_shortcode() in wp-includes\/media.php *\/\n\t\t<\/style>\n\t\t<div id='gallery-1' class='gallery galleryid-2886 gallery-columns-2 gallery-size-thumbnail'><dl class='gallery-item'>\n\t\t\t<dt class='gallery-icon landscape'>\n\t\t\t\t<a href='https:\/\/sdp-tesanj.org\/bs\/obiljezen-dan-nezavisnosti-bosne-i-hercegovine\/1797365_436993263099717_259924841_n\/'><img loading=\"lazy\" decoding=\"async\" width=\"150\" height=\"150\" src=\"https:\/\/sdp-tesanj.org\/bs\/wp-content\/uploads\/1797365_436993263099717_259924841_n-150x150.jpg\" class=\"attachment-thumbnail size-thumbnail\" alt=\"Polaganje cvije\u0107a\" aria-describedby=\"gallery-1-2887\" \/><\/a>\n\t\t\t<\/dt>\n\t\t\t\t<dd class='wp-caption-text gallery-caption' id='gallery-1-2887'>\n\t\t\t\tPolaganje cvije\u0107a\n\t\t\t\t<\/dd><\/dl><dl class='gallery-item'>\n\t\t\t<dt class='gallery-icon landscape'>\n\t\t\t\t<a href='https:\/\/sdp-tesanj.org\/bs\/obiljezen-dan-nezavisnosti-bosne-i-hercegovine\/988402_436994486432928_2100565759_n\/'><img loading=\"lazy\" decoding=\"async\" width=\"150\" height=\"150\" src=\"https:\/\/sdp-tesanj.org\/bs\/wp-content\/uploads\/988402_436994486432928_2100565759_n-150x150.jpg\" class=\"attachment-thumbnail size-thumbnail\" alt=\"\" \/><\/a>\n\t\t\t<\/dt><\/dl><br style=\"clear: both\" \/><dl class='gallery-item'>\n\t\t\t<dt class='gallery-icon landscape'>\n\t\t\t\t<a href='https:\/\/sdp-tesanj.org\/bs\/obiljezen-dan-nezavisnosti-bosne-i-hercegovine\/1779929_436995459766164_1102287146_n\/'><img loading=\"lazy\" decoding=\"async\" width=\"150\" height=\"150\" src=\"https:\/\/sdp-tesanj.org\/bs\/wp-content\/uploads\/1779929_436995459766164_1102287146_n-150x150.jpg\" class=\"attachment-thumbnail size-thumbnail\" alt=\"\" \/><\/a>\n\t\t\t<\/dt><\/dl><dl class='gallery-item'>\n\t\t\t<dt class='gallery-icon landscape'>\n\t\t\t\t<a href='https:\/\/sdp-tesanj.org\/bs\/obiljezen-dan-nezavisnosti-bosne-i-hercegovine\/1902791_436994289766281_2046663219_n\/'><img loading=\"lazy\" decoding=\"async\" width=\"150\" height=\"150\" src=\"https:\/\/sdp-tesanj.org\/bs\/wp-content\/uploads\/1902791_436994289766281_2046663219_n-150x150.jpg\" class=\"attachment-thumbnail size-thumbnail\" alt=\"\" \/><\/a>\n\t\t\t<\/dt><\/dl><br style=\"clear: both\" \/><dl class='gallery-item'>\n\t\t\t<dt class='gallery-icon portrait'>\n\t\t\t\t<a href='https:\/\/sdp-tesanj.org\/bs\/obiljezen-dan-nezavisnosti-bosne-i-hercegovine\/1909313_437019936430383_507360467_o\/'><img loading=\"lazy\" decoding=\"async\" width=\"150\" height=\"150\" src=\"https:\/\/sdp-tesanj.org\/bs\/wp-content\/uploads\/1909313_437019936430383_507360467_o-150x150.jpg\" class=\"attachment-thumbnail size-thumbnail\" alt=\"\" \/><\/a>\n\t\t\t<\/dt><\/dl><dl class='gallery-item'>\n\t\t\t<dt class='gallery-icon landscape'>\n\t\t\t\t<a href='https:\/\/sdp-tesanj.org\/bs\/obiljezen-dan-nezavisnosti-bosne-i-hercegovine\/1920022_436993593099684_1173620795_n\/'><img loading=\"lazy\" decoding=\"async\" width=\"150\" height=\"150\" src=\"https:\/\/sdp-tesanj.org\/bs\/wp-content\/uploads\/1920022_436993593099684_1173620795_n-150x150.jpg\" class=\"attachment-thumbnail size-thumbnail\" alt=\"\" \/><\/a>\n\t\t\t<\/dt><\/dl><br style=\"clear: both\" \/><dl class='gallery-item'>\n\t\t\t<dt class='gallery-icon landscape'>\n\t\t\t\t<a href='https:\/\/sdp-tesanj.org\/bs\/obiljezen-dan-nezavisnosti-bosne-i-hercegovine\/1972376_436995316432845_1520857646_n\/'><img loading=\"lazy\" decoding=\"async\" width=\"150\" height=\"150\" src=\"https:\/\/sdp-tesanj.org\/bs\/wp-content\/uploads\/1972376_436995316432845_1520857646_n-150x150.jpg\" class=\"attachment-thumbnail size-thumbnail\" alt=\"\" \/><\/a>\n\t\t\t<\/dt><\/dl>\n\t\t\t<br style='clear: both' \/>\n\t\t<\/div>\n\n<p><strong> <\/strong><\/p>\n<p style=\"text-align: right;\"><strong> Komisija za informisanje<br \/>\n<\/strong><strong>OOSDPBiH Te\u0161anj<\/strong><\/p>\n<p style=\"text-align: right;\">&nbsp;<\/p>\n","protected":false},"excerpt":{"rendered":"<p>Op\u0107inska organizacija SDPBiH Te\u0161anj dala je doprinos u obilje\u017eavanju 1. marta \u2013 Dana nezavisnosti Bosne i Hercegovine. Nosilac aktivnosti obilje\u017eavanja Dana nezavisnosti Bosne i Hercegovine bila\u00a0 je Op\u0107inska organizacija\u00a0 Foruma seniora SDPBiH Te\u0161anj. 1. mart, kao jedan od najva\u017enijih datuma, novije bosanskohercegova\u010dke historije, u Te\u0161nju je obilje\u017een polaganjem cvije\u0107a na Spomen obilje\u017eja, poginulim u ratu [&hellip;]<\/p>\n","protected":false},"author":2,"featured_media":2893,"comment_status":"closed","ping_status":"closed","sticky":false,"template":"","format":"standard","meta":{"ngg_post_thumbnail":0,"footnotes":""},"categories":[3],"tags":[],"class_list":["post-2886","post","type-post","status-publish","format-standard","hentry","category-vijesti"],"_links":{"self":[{"href":"https:\/\/sdp-tesanj.org\/bs\/wp-json\/wp\/v2\/posts\/2886","targetHints":{"allow":["GET"]}}],"collection":[{"href":"https:\/\/sdp-tesanj.org\/bs\/wp-json\/wp\/v2\/posts"}],"about":[{"href":"https:\/\/sdp-tesanj.org\/bs\/wp-json\/wp\/v2\/types\/post"}],"author":[{"embeddable":true,"href":"https:\/\/sdp-tesanj.org\/bs\/wp-json\/wp\/v2\/users\/2"}],"replies":[{"embeddable":true,"href":"https:\/\/sdp-tesanj.org\/bs\/wp-json\/wp\/v2\/comments?post=2886"}],"version-history":[{"count":4,"href":"https:\/\/sdp-tesanj.org\/bs\/wp-json\/wp\/v2\/posts\/2886\/revisions"}],"predecessor-version":[{"id":2897,"href":"https:\/\/sdp-tesanj.org\/bs\/wp-json\/wp\/v2\/posts\/2886\/revisions\/2897"}],"wp:featuredmedia":[{"embeddable":true,"href":"https:\/\/sdp-tesanj.org\/bs\/wp-json\/wp\/v2\/media\/2893"}],"wp:attachment":[{"href":"https:\/\/sdp-tesanj.org\/bs\/wp-json\/wp\/v2\/media?parent=2886"}],"wp:term":[{"taxonomy":"category","embeddable":true,"href":"https:\/\/sdp-tesanj.org\/bs\/wp-json\/wp\/v2\/categories?post=2886"},{"taxonomy":"post_tag","embeddable":true,"href":"https:\/\/sdp-tesanj.org\/bs\/wp-json\/wp\/v2\/tags?post=2886"}],"curies":[{"name":"wp","href":"https:\/\/api.w.org\/{rel}","templated":true}]}}