{"id":2865,"date":"2014-02-18T12:02:19","date_gmt":"2014-02-18T11:02:19","guid":{"rendered":"https:\/\/sdp-tesanj.org\/bs\/?p=2865"},"modified":"2014-02-18T12:02:50","modified_gmt":"2014-02-18T11:02:50","slug":"ocekujemo-da-sve-politicke-stranke-podrze-antikorupcijske-mjere-i-reviziju-privatizacije","status":"publish","type":"post","link":"https:\/\/sdp-tesanj.org\/bs\/ocekujemo-da-sve-politicke-stranke-podrze-antikorupcijske-mjere-i-reviziju-privatizacije\/","title":{"rendered":"O\u010dekujemo da sve politi\u010dke stranke podr\u017ee antikorupcijske mjere i reviziju privatizacije"},"content":{"rendered":"<div id=\"attachment_1734\" style=\"width: 280px\" class=\"wp-caption alignleft\"><a href=\"https:\/\/sdp-tesanj.org\/bs\/wp-content\/uploads\/logotip_sdp.png\"><img loading=\"lazy\" decoding=\"async\" aria-describedby=\"caption-attachment-1734\" class=\"size-medium wp-image-1734 \" title=\"SDP BiH\" src=\"https:\/\/sdp-tesanj.org\/bs\/wp-content\/uploads\/logotip_sdp-300x113.png\" alt=\"SDP BiH\" width=\"270\" height=\"102\" srcset=\"https:\/\/sdp-tesanj.org\/bs\/wp-content\/uploads\/logotip_sdp-300x113.png 300w, https:\/\/sdp-tesanj.org\/bs\/wp-content\/uploads\/logotip_sdp-585x220.png 585w, https:\/\/sdp-tesanj.org\/bs\/wp-content\/uploads\/logotip_sdp.png 823w\" sizes=\"auto, (max-width: 270px) 100vw, 270px\" \/><\/a><p id=\"caption-attachment-1734\" class=\"wp-caption-text\">SDP BiH<\/p><\/div>\n<p>Predsjedni\u0161tvo SDP-a na dana\u0161njoj je sjednici pozvalo sve politi\u010dke stranke da opravdane zahtjeve gra\u0111ana \u0161to prije provedu u \u017eivot zajedni\u010dkim dono\u0161enjem potrebnih zakona u institucijama BiH.<\/p>\n<p>Potrebno je hitno usvojiti Prijedlog amandmana Vlade FBiH na Ustav FBiH o nezastarijevanju krivi\u010dnih dijela iz procesa privatizacije, organiziranog i privrednog kriminala, kao i prijedlog o oduzimanju nezakonito ste\u010dene imovinske koristi ostvarene tim djelima. Tako\u0111er, \u0161to prije treba usvojiti set antikorupcijskih zakona, zato \u0161to je to jedan od klju\u010dnih zahtjeva javnosti na \u010demu godinama SDP radi i insistira u institucijama BiH.<!--more--><\/p>\n<p>Predsjedni\u0161tvo SDP-a smatra da su posljednji doga\u0111aji pokazali da je ovo vrijeme kada politi\u010dari vi\u0161e nego ikad trebaju pa\u017eljivo slu\u0161ati \u0161ta im gra\u0111ani poru\u010duju te unutar institucija moraju djelovati u pravcu rje\u0161avanja opravdanih zahtjeva gra\u0111ana.<\/p>\n<p>&nbsp;<\/p>\n<p>Sigurnost gra\u0111ana i imovine treba biti i dalje glavni prioritet djelovanja svih, kao i osiguranje rada svih institucija u skladu sa Ustavom i zakonima. Predsjedni\u0161tvo je jo\u0161 jednom osudilo pale\u017e Predsjedni\u0161tva BiH i uni\u0161tavanje Arhiva BiH, kao simbola dr\u017eave, te dalo punu podr\u0161ku nadle\u017enim institucijama koje rade na otkrivanju i procesuiranju nalogodavaca, organizatora i izvr\u0161itelja paljevina i plja\u010dki.<\/p>\n<p>Predsjedni\u0161tvo SDP-a nagla\u0161ava da je nezadovoljstvo gra\u0111ana opravdano, jer su se nu\u017ene reforme nepotrebno blokirale u institucijama te su gra\u0111ani, a prije svega obespravljeni radnici, bili prisiljeni svoja prava tra\u017eiti na demonstracijama.<\/p>\n<p>Data je puna podr\u0161ka Vladi FBiH da u dogovoru sa sindikatima i predstavnicima obespravljenih radnika, \u0161to prije utvrdi listu prioriteta firmi za koje se tra\u017ei provjera procesa privatizacije, nakon \u010dega bi ti predmeti bili proslije\u0111eni nadle\u017enim tu\u017eiocima, od kojih se o\u010dekuje hitno procesuiranje ovih slu\u010dajeva.<\/p>\n<p>Predsjedni\u0161tvo SDP-a jo\u0161 jednom konstatuje da ne dolazi u obzir privatizacija javnih preduze\u0107a sa ve\u0107inskim dr\u017eavnim kapitalom.<\/p>\n<p>Predsjedni\u0161tvo SDP-a nagla\u0161ava da se mora osigurati funkcioniranje Vlade i drugih institucija kako bi gra\u0111ani dobili svoje penzije, invalidnine i druga socijalna davanja.<\/p>\n<p>Ponovo je konstatovano da \u0107e Vlada FBiH, iako je u tehni\u010dkom mandatu, predati mandat istog trenutka kada se pojavi neko ko \u0107e, u skladu s Ustavom i zakonima, preuzeti odgovornost i da se ne\u0107e dozvoliti da to bude uvod u bezna\u0111e i ru\u0161enje institucija dr\u017eave.<\/p>\n<p>Posebno je nagla\u0161eno da \u0161to hitnije moraju biti provedene mjere \u0161tednje, odnosno, smanjenje plata i naknada svim zvani\u010dnicima, kao i ukidanje dodatnih beneficija, pogotovo takozvanog \u201ebijelog hljeba\u201c, \u0161to je jedan od zahtjeva nezadovoljnih gra\u0111ana. Ostvarene u\u0161tede u administraciji trebaju biti usmjerene u socijalne programe i zapo\u0161ljavanje mladih.<\/p>\n<p>Predsjedni\u0161tvo SDP osu\u0111uje pona\u0161anje ministra sigurnosti BiH <strong>Fahrudina Radon\u010di\u0107a<\/strong> i poziva ga da sam podnese ostavku, jer nije poduzeo ni\u0161ta kako bi se za\u0161titila dr\u017eavna imovina, li\u010dna i imovinska sigurnost gra\u0111ana. SDP u svakom slu\u010daju podr\u017eava inicijativu za njegovu smjenu.<\/p>\n<p>Tako\u0111er je upu\u0107en poziv strankama u Parlamentu BiH da podr\u017ee izmjene Izbornog zakona BiH za raspisivanje vanrednih izbora sa mandatom na nove \u010detiri godine, u skladu sa zahtjevima gra\u0111ana.<\/p>\n<p>&nbsp;<\/p>\n<p><strong> <\/strong><\/p>\n<p style=\"text-align: right;\"><strong><br \/>\nCentar za informisanje SDP BiH<\/strong><\/p>\n<p>&nbsp;<\/p>\n","protected":false},"excerpt":{"rendered":"<p>Predsjedni\u0161tvo SDP-a na dana\u0161njoj je sjednici pozvalo sve politi\u010dke stranke da opravdane zahtjeve gra\u0111ana \u0161to prije provedu u \u017eivot zajedni\u010dkim dono\u0161enjem potrebnih zakona u institucijama BiH. Potrebno je hitno usvojiti Prijedlog amandmana Vlade FBiH na Ustav FBiH o nezastarijevanju krivi\u010dnih dijela iz procesa privatizacije, organiziranog i privrednog kriminala, kao i prijedlog o oduzimanju nezakonito ste\u010dene [&hellip;]<\/p>\n","protected":false},"author":2,"featured_media":0,"comment_status":"closed","ping_status":"closed","sticky":false,"template":"","format":"standard","meta":{"ngg_post_thumbnail":0,"footnotes":""},"categories":[3],"tags":[],"class_list":["post-2865","post","type-post","status-publish","format-standard","hentry","category-vijesti"],"_links":{"self":[{"href":"https:\/\/sdp-tesanj.org\/bs\/wp-json\/wp\/v2\/posts\/2865","targetHints":{"allow":["GET"]}}],"collection":[{"href":"https:\/\/sdp-tesanj.org\/bs\/wp-json\/wp\/v2\/posts"}],"about":[{"href":"https:\/\/sdp-tesanj.org\/bs\/wp-json\/wp\/v2\/types\/post"}],"author":[{"embeddable":true,"href":"https:\/\/sdp-tesanj.org\/bs\/wp-json\/wp\/v2\/users\/2"}],"replies":[{"embeddable":true,"href":"https:\/\/sdp-tesanj.org\/bs\/wp-json\/wp\/v2\/comments?post=2865"}],"version-history":[{"count":3,"href":"https:\/\/sdp-tesanj.org\/bs\/wp-json\/wp\/v2\/posts\/2865\/revisions"}],"predecessor-version":[{"id":2868,"href":"https:\/\/sdp-tesanj.org\/bs\/wp-json\/wp\/v2\/posts\/2865\/revisions\/2868"}],"wp:attachment":[{"href":"https:\/\/sdp-tesanj.org\/bs\/wp-json\/wp\/v2\/media?parent=2865"}],"wp:term":[{"taxonomy":"category","embeddable":true,"href":"https:\/\/sdp-tesanj.org\/bs\/wp-json\/wp\/v2\/categories?post=2865"},{"taxonomy":"post_tag","embeddable":true,"href":"https:\/\/sdp-tesanj.org\/bs\/wp-json\/wp\/v2\/tags?post=2865"}],"curies":[{"name":"wp","href":"https:\/\/api.w.org\/{rel}","templated":true}]}}