{"id":2781,"date":"2014-01-25T20:47:19","date_gmt":"2014-01-25T19:47:19","guid":{"rendered":"https:\/\/sdp-tesanj.org\/bs\/?p=2781"},"modified":"2014-01-25T20:48:10","modified_gmt":"2014-01-25T19:48:10","slug":"sastanak-sa-celnikom-izvidaca-tesnja","status":"publish","type":"post","link":"https:\/\/sdp-tesanj.org\/bs\/sastanak-sa-celnikom-izvidaca-tesnja\/","title":{"rendered":"Sastanak sa \u010delnikom izvi\u0111a\u010da Te\u0161nja"},"content":{"rendered":"<div id=\"attachment_2782\" style=\"width: 263px\" class=\"wp-caption alignleft\"><a href=\"https:\/\/sdp-tesanj.org\/bs\/wp-content\/uploads\/Picture-00115.jpg\"><img loading=\"lazy\" decoding=\"async\" aria-describedby=\"caption-attachment-2782\" class=\"size-medium wp-image-2782   \" title=\"Sastanak sa izvi\u0111a\u010dima\" src=\"https:\/\/sdp-tesanj.org\/bs\/wp-content\/uploads\/Picture-00115-640x480.jpg\" alt=\"Sastanak sa izvi\u0111a\u010dima\" width=\"253\" height=\"190\" srcset=\"https:\/\/sdp-tesanj.org\/bs\/wp-content\/uploads\/Picture-00115-640x480.jpg 640w, https:\/\/sdp-tesanj.org\/bs\/wp-content\/uploads\/Picture-00115-960x720.jpg 960w\" sizes=\"auto, (max-width: 253px) 100vw, 253px\" \/><\/a><p id=\"caption-attachment-2782\" class=\"wp-caption-text\">Sastanak sa izvi\u0111a\u010dima<\/p><\/div>\n<p>23. januara ove godine u prostorijama Op\u0107inske organizacije SDPBiH Te\u0161anj susreli su se Federalni poslanik Senad S. Suba\u0161i\u0107 i starje\u0161ina Odreda izvi\u0111a\u010da \u201eCrni vrh\u201c iz Te\u0161nja Mujo Pobri\u0107.<\/p>\n<p>Sastanci sa udru\u017eenjima gra\u0111ana su dio aktivnosti koji \u0107e praktikovati poslanik Suba\u0161i\u0107, koji je i novoizabrani predsjednik OOSDPBiH Te\u0161anj, a ovaj je jedan unizu planianih.<!--more--><\/p>\n<p>&nbsp;<\/p>\n<p>Starje\u0161ina Odreda je prezentovao dosada\u0161nje uspjehe i aktivnosti Odreda, te planirane aktivnosti u toku 2014. godine. Kao prioritet Starje\u0161ina je istakao sanaciju Doma izvi\u0111a\u010da na Kiseljaku i planove za gradnju novog Doma izvi\u0111a\u010da.<\/p>\n<p>Starje\u0161ina je posebno istakao da su se stvorili kvalitetniji uslovi za rad Odreda od kada su preselili u nove prostorije, u zgradi MZ Te\u0161anj, te spomenuo pozitivnu saradnju sa organima MZ Te\u0161anj, a posebno sa predsjednikom Savjeta MZ Mustafom Smailbegovi\u0107em.<\/p>\n<p>Federalni poslanik Senad S. Suba\u0161i\u0107\u00a0 i starje\u0161ina Odreda Mujo Pobri\u0107 su dogovorili nastavak saradnje, a posebno u realizaciji navedenih projekata.<\/p>\n<p><strong> <\/strong><\/p>\n<p><strong> <\/strong><\/p>\n<p><strong> <\/strong><\/p>\n<p>&nbsp;<\/p>\n<p>&nbsp;<\/p>\n<p style=\"text-align: right;\"><strong>Komisija za informisanje<br \/>\nOOSDPBiH Te\u0161anj<\/strong><\/p>\n","protected":false},"excerpt":{"rendered":"<p>23. januara ove godine u prostorijama Op\u0107inske organizacije SDPBiH Te\u0161anj susreli su se Federalni poslanik Senad S. Suba\u0161i\u0107 i starje\u0161ina Odreda izvi\u0111a\u010da \u201eCrni vrh\u201c iz Te\u0161nja Mujo Pobri\u0107. Sastanci sa udru\u017eenjima gra\u0111ana su dio aktivnosti koji \u0107e praktikovati poslanik Suba\u0161i\u0107, koji je i novoizabrani predsjednik OOSDPBiH Te\u0161anj, a ovaj je jedan unizu planianih.<\/p>\n","protected":false},"author":2,"featured_media":2782,"comment_status":"closed","ping_status":"closed","sticky":false,"template":"","format":"standard","meta":{"ngg_post_thumbnail":0,"footnotes":""},"categories":[3],"tags":[],"class_list":["post-2781","post","type-post","status-publish","format-standard","hentry","category-vijesti"],"_links":{"self":[{"href":"https:\/\/sdp-tesanj.org\/bs\/wp-json\/wp\/v2\/posts\/2781","targetHints":{"allow":["GET"]}}],"collection":[{"href":"https:\/\/sdp-tesanj.org\/bs\/wp-json\/wp\/v2\/posts"}],"about":[{"href":"https:\/\/sdp-tesanj.org\/bs\/wp-json\/wp\/v2\/types\/post"}],"author":[{"embeddable":true,"href":"https:\/\/sdp-tesanj.org\/bs\/wp-json\/wp\/v2\/users\/2"}],"replies":[{"embeddable":true,"href":"https:\/\/sdp-tesanj.org\/bs\/wp-json\/wp\/v2\/comments?post=2781"}],"version-history":[{"count":5,"href":"https:\/\/sdp-tesanj.org\/bs\/wp-json\/wp\/v2\/posts\/2781\/revisions"}],"predecessor-version":[{"id":2787,"href":"https:\/\/sdp-tesanj.org\/bs\/wp-json\/wp\/v2\/posts\/2781\/revisions\/2787"}],"wp:featuredmedia":[{"embeddable":true,"href":"https:\/\/sdp-tesanj.org\/bs\/wp-json\/wp\/v2\/media\/2782"}],"wp:attachment":[{"href":"https:\/\/sdp-tesanj.org\/bs\/wp-json\/wp\/v2\/media?parent=2781"}],"wp:term":[{"taxonomy":"category","embeddable":true,"href":"https:\/\/sdp-tesanj.org\/bs\/wp-json\/wp\/v2\/categories?post=2781"},{"taxonomy":"post_tag","embeddable":true,"href":"https:\/\/sdp-tesanj.org\/bs\/wp-json\/wp\/v2\/tags?post=2781"}],"curies":[{"name":"wp","href":"https:\/\/api.w.org\/{rel}","templated":true}]}}