{"id":2768,"date":"2014-01-20T18:31:42","date_gmt":"2014-01-20T17:31:42","guid":{"rendered":"https:\/\/sdp-tesanj.org\/bs\/?p=2768"},"modified":"2014-01-20T19:08:52","modified_gmt":"2014-01-20T18:08:52","slug":"komemorativni-skup-povodom-smrti-jasmina-smailbegovica","status":"publish","type":"post","link":"https:\/\/sdp-tesanj.org\/bs\/komemorativni-skup-povodom-smrti-jasmina-smailbegovica\/","title":{"rendered":"Odr\u017ean komemorativni skup povodom smrti Jasmina Smailbegovi\u0107a"},"content":{"rendered":"<div id=\"attachment_2769\" style=\"width: 276px\" class=\"wp-caption alignleft\"><a href=\"https:\/\/sdp-tesanj.org\/bs\/wp-content\/uploads\/13.jpg\"><img loading=\"lazy\" decoding=\"async\" aria-describedby=\"caption-attachment-2769\" class=\"size-full wp-image-2769    \" title=\"Komemorativni skup\" src=\"https:\/\/sdp-tesanj.org\/bs\/wp-content\/uploads\/13.jpg\" alt=\"Komemorativni skup\" width=\"266\" height=\"200\" \/><\/a><p id=\"caption-attachment-2769\" class=\"wp-caption-text\">Komemorativni skup<\/p><\/div>\n<p>Ju\u010der, 19. januara 2014. godine, je u organizaciji Op\u0107inske organizacije SDPBiH Te\u0161anj u Velikoj sali Centra za kulturu i obrazovanje Te\u0161anj odr\u017ean komemorativni skup povodom smrti dragog nam, na\u0161eg Jasmina Smailbegovi\u0107a Sisija.<\/p>\n<p>Pored brojnih sugra\u0111ana, po\u0161tovalaca lika i djela Jasmina Smailbegov\u0107a Sisija, Komemoraciji su prisustvovali saradnici, drugovi i prijatelji iz rukovodstva svih nivoa SDPBiH, dr\u017eavne vlasti u FBiH i BiH.<!--more--><\/p>\n<p>U ime OOSDPBiH Te\u0161anj i gra\u0111ana Te\u0161nja govorio je dr. Sead Ro\u017eajac, ispred \u0160ahovskog kluba \u201eEdhem Ajanovi\u0107\u201c Te\u0161anj obratio se Husein Galija\u0161evi\u0107, u ime farmaceuta BiH govorila je Halida Smailagi\u0107, zatim Op\u0107inski na\u010delnik Suad Huski\u0107, Izmir Had\u017eiavdi\u0107 sekretar Doma naroda Parlamenta FBiH, Sretko Radi\u0161i\u0107 predsjedavaju\u0107i Skup\u0161tine ZDK, te drug Nermin Nik\u0161i\u0107 sekretar SDPBiH, nakon \u010dega je izvr\u0161ena sahrana na Mezarju \u201e\u0160ehagi\u010dka\u201c u Te\u0161nju.<\/p>\n<p>Ispra\u0107aj D\u017eenaze je pokazao koliko je Jasmin bio voljen i cijenjen u sredini u kojoj je \u017eivio i radio.<\/p>\n<p>Neka mu je vje\u010dni Rahmet!<\/p>\n<p>Op\u0107inska organizacija SDPBiH Te\u0161anj se zahvaljuje svima koji su svojim prisustvom odali po\u010dast\u00a0 na\u0161em drugu Sisiju.<\/p>\n<p>U prostorijama OOSDPBiH Te\u0161anj otvorena je knjiga sje\u0107anja gdje se mogu upisati oni koji \u017eele ostaviti svoje sje\u0107anje na na\u0161eg Sisija.<\/p>\n<p>&nbsp;<\/p>\n<p>&nbsp;<\/p>\n<p>&nbsp;<\/p>\n<p>&nbsp;<\/p>\n\n\t\t<style type=\"text\/css\">\n\t\t\t#gallery-1 {\n\t\t\t\tmargin: auto;\n\t\t\t}\n\t\t\t#gallery-1 .gallery-item {\n\t\t\t\tfloat: left;\n\t\t\t\tmargin-top: 10px;\n\t\t\t\ttext-align: center;\n\t\t\t\twidth: 50%;\n\t\t\t}\n\t\t\t#gallery-1 img {\n\t\t\t\tborder: 2px solid #cfcfcf;\n\t\t\t}\n\t\t\t#gallery-1 .gallery-caption {\n\t\t\t\tmargin-left: 0;\n\t\t\t}\n\t\t\t\/* see gallery_shortcode() in wp-includes\/media.php *\/\n\t\t<\/style>\n\t\t<div id='gallery-1' class='gallery galleryid-2768 gallery-columns-2 gallery-size-thumbnail'><dl class='gallery-item'>\n\t\t\t<dt class='gallery-icon landscape'>\n\t\t\t\t<a href='https:\/\/sdp-tesanj.org\/bs\/komemorativni-skup-povodom-smrti-jasmina-smailbegovica\/1-4\/'><img loading=\"lazy\" decoding=\"async\" width=\"150\" height=\"150\" src=\"https:\/\/sdp-tesanj.org\/bs\/wp-content\/uploads\/13-150x150.jpg\" class=\"attachment-thumbnail size-thumbnail\" alt=\"Komemorativni skup\" aria-describedby=\"gallery-1-2769\" \/><\/a>\n\t\t\t<\/dt>\n\t\t\t\t<dd class='wp-caption-text gallery-caption' id='gallery-1-2769'>\n\t\t\t\tKomemorativni skup\n\t\t\t\t<\/dd><\/dl><dl class='gallery-item'>\n\t\t\t<dt class='gallery-icon landscape'>\n\t\t\t\t<a href='https:\/\/sdp-tesanj.org\/bs\/komemorativni-skup-povodom-smrti-jasmina-smailbegovica\/2-3\/'><img loading=\"lazy\" decoding=\"async\" width=\"150\" height=\"150\" src=\"https:\/\/sdp-tesanj.org\/bs\/wp-content\/uploads\/22-150x150.jpg\" class=\"attachment-thumbnail size-thumbnail\" alt=\"\" \/><\/a>\n\t\t\t<\/dt><\/dl><br style=\"clear: both\" \/><dl class='gallery-item'>\n\t\t\t<dt class='gallery-icon landscape'>\n\t\t\t\t<a href='https:\/\/sdp-tesanj.org\/bs\/komemorativni-skup-povodom-smrti-jasmina-smailbegovica\/3-4\/'><img loading=\"lazy\" decoding=\"async\" width=\"150\" height=\"150\" src=\"https:\/\/sdp-tesanj.org\/bs\/wp-content\/uploads\/33-150x150.jpg\" class=\"attachment-thumbnail size-thumbnail\" alt=\"\" \/><\/a>\n\t\t\t<\/dt><\/dl><dl class='gallery-item'>\n\t\t\t<dt class='gallery-icon landscape'>\n\t\t\t\t<a href='https:\/\/sdp-tesanj.org\/bs\/komemorativni-skup-povodom-smrti-jasmina-smailbegovica\/gedsc-digital-camera\/'><img loading=\"lazy\" decoding=\"async\" width=\"150\" height=\"150\" src=\"https:\/\/sdp-tesanj.org\/bs\/wp-content\/uploads\/GEDC2394-150x150.jpg\" class=\"attachment-thumbnail size-thumbnail\" alt=\"\" \/><\/a>\n\t\t\t<\/dt><\/dl><br style=\"clear: both\" \/>\n\t\t<\/div>\n\n<p>&nbsp;<\/p>\n<p style=\"text-align: right;\"><strong>Komisija za informisanje<br \/>\nOOSDPBiH Te\u0161anj<\/strong><\/p>\n","protected":false},"excerpt":{"rendered":"<p>Ju\u010der, 19. januara 2014. godine, je u organizaciji Op\u0107inske organizacije SDPBiH Te\u0161anj u Velikoj sali Centra za kulturu i obrazovanje Te\u0161anj odr\u017ean komemorativni skup povodom smrti dragog nam, na\u0161eg Jasmina Smailbegovi\u0107a Sisija. Pored brojnih sugra\u0111ana, po\u0161tovalaca lika i djela Jasmina Smailbegov\u0107a Sisija, Komemoraciji su prisustvovali saradnici, drugovi i prijatelji iz rukovodstva svih nivoa SDPBiH, dr\u017eavne [&hellip;]<\/p>\n","protected":false},"author":2,"featured_media":2772,"comment_status":"closed","ping_status":"closed","sticky":false,"template":"","format":"standard","meta":{"ngg_post_thumbnail":0,"footnotes":""},"categories":[3],"tags":[],"class_list":["post-2768","post","type-post","status-publish","format-standard","hentry","category-vijesti"],"_links":{"self":[{"href":"https:\/\/sdp-tesanj.org\/bs\/wp-json\/wp\/v2\/posts\/2768","targetHints":{"allow":["GET"]}}],"collection":[{"href":"https:\/\/sdp-tesanj.org\/bs\/wp-json\/wp\/v2\/posts"}],"about":[{"href":"https:\/\/sdp-tesanj.org\/bs\/wp-json\/wp\/v2\/types\/post"}],"author":[{"embeddable":true,"href":"https:\/\/sdp-tesanj.org\/bs\/wp-json\/wp\/v2\/users\/2"}],"replies":[{"embeddable":true,"href":"https:\/\/sdp-tesanj.org\/bs\/wp-json\/wp\/v2\/comments?post=2768"}],"version-history":[{"count":7,"href":"https:\/\/sdp-tesanj.org\/bs\/wp-json\/wp\/v2\/posts\/2768\/revisions"}],"predecessor-version":[{"id":2778,"href":"https:\/\/sdp-tesanj.org\/bs\/wp-json\/wp\/v2\/posts\/2768\/revisions\/2778"}],"wp:featuredmedia":[{"embeddable":true,"href":"https:\/\/sdp-tesanj.org\/bs\/wp-json\/wp\/v2\/media\/2772"}],"wp:attachment":[{"href":"https:\/\/sdp-tesanj.org\/bs\/wp-json\/wp\/v2\/media?parent=2768"}],"wp:term":[{"taxonomy":"category","embeddable":true,"href":"https:\/\/sdp-tesanj.org\/bs\/wp-json\/wp\/v2\/categories?post=2768"},{"taxonomy":"post_tag","embeddable":true,"href":"https:\/\/sdp-tesanj.org\/bs\/wp-json\/wp\/v2\/tags?post=2768"}],"curies":[{"name":"wp","href":"https:\/\/api.w.org\/{rel}","templated":true}]}}