{"id":2745,"date":"2014-01-16T09:24:12","date_gmt":"2014-01-16T08:24:12","guid":{"rendered":"https:\/\/sdp-tesanj.org\/bs\/?p=2745"},"modified":"2014-01-16T09:24:30","modified_gmt":"2014-01-16T08:24:30","slug":"vlada-zdk-obezbjedila-300-00000-km-za-razvoj-poslovnih-zona-opcine-tesanj","status":"publish","type":"post","link":"https:\/\/sdp-tesanj.org\/bs\/vlada-zdk-obezbjedila-300-00000-km-za-razvoj-poslovnih-zona-opcine-tesanj\/","title":{"rendered":"Vlada ZDK obezbjedila 300.000,00 KM za razvoj  poslovnih zona op\u0107ine Te\u0161anj"},"content":{"rendered":"<div id=\"attachment_2746\" style=\"width: 258px\" class=\"wp-caption alignleft\"><a href=\"https:\/\/sdp-tesanj.org\/bs\/wp-content\/uploads\/Picture-01110.jpg\"><img loading=\"lazy\" decoding=\"async\" aria-describedby=\"caption-attachment-2746\" class=\"size-full wp-image-2746    \" title=\"Posjeta ministara u Vladi ZDK\" src=\"https:\/\/sdp-tesanj.org\/bs\/wp-content\/uploads\/Picture-01110.jpg\" alt=\"Posjeta ministara u Vladi ZDK\" width=\"248\" height=\"186\" \/><\/a><p id=\"caption-attachment-2746\" class=\"wp-caption-text\">Posjeta ministara u Vladi ZDK<\/p><\/div>\n<p>Ju\u010der, 14. januara 2014. godine na podru\u010dju op\u0107ine Te\u0161anj boravili su Muhamed Hasi\u0107, ministar privrede i Romana Brki\u0107, ministrica za pravosu\u0111e i upravu ZDK, ina\u010de ministri iz reda SDPBiH. Tokom posjete op\u0107ini Te\u0161anj uprili\u010den je susret i sa aktivistima Op\u0107inske organizacije SDPBiH Te\u0161anj.<\/p>\n<p>Konkretan cilj ju\u010dera\u0161nje posjete je bio susret sa na\u010delnikom Op\u0107ine Te\u0161anj, Suadom Huski\u0107em i uru\u010divanje Odluke o finansiranju tro\u0161kova ure\u0111enja Poslovne zone Glini\u0161te u iznosu od 300.000,00 KM koje je Vlada ZDK odobrila za ovu aktivnost.<!--more--><\/p>\n<p>Pored navedenog ministrica Romana Brki\u0107 je prezentovala i dosada\u0161nji stepen implementacije\u00a0 Zakon o pru\u017eanju besplatne pravne pomo\u0107i na podru\u010dju ZDK. Naime, ovim Zakonom je predvi\u0111eno da uposlenici Kantonalnog zavoda\u00a0 za pravnu pomo\u0107 jednom sedmi\u010dno dolaze u sve op\u0107ine Kantona \u010dime \u0107e svi gradjani, koji ispunjavaju zakonske uslove, imati obezbje\u0111ene adekvatne pravne usluge.<\/p>\n<p>Ono \u0161to bi Op\u0107ina Te\u0161anj trebala poduzeti jeste da za potrebe Zavoda ustupi jednu kancelariju, dok bi sve ostale tro\u0161kove snosio Zavod.<\/p>\n<p>Ovim bi se donekle popravila gre\u0161ka koju je Op\u0107ina Te\u0161anj u\u010dinila prema gra\u0111anima, ukidaju\u0107i besplatnu pravnu pomo\u0107 koja je funkcionisala, unazad dvije godine, u sklopu administracije Op\u0107ine.<\/p>\n<p>Tokom boravka u Te\u0161nju delegacija je posjetila i nekoliko privrednih pogona, a Te\u0161anj je istaknut kao pozitivan primjer privrednog razvoja ZDK, za \u010diji \u0107e dalji razvoj, u narednom periodu, Vlada ZDK nastojati obezbjediti zna\u010dajnija finansijska sredstva.<\/p>\n<p>&nbsp;<\/p>\n\n\t\t<style type=\"text\/css\">\n\t\t\t#gallery-1 {\n\t\t\t\tmargin: auto;\n\t\t\t}\n\t\t\t#gallery-1 .gallery-item {\n\t\t\t\tfloat: left;\n\t\t\t\tmargin-top: 10px;\n\t\t\t\ttext-align: center;\n\t\t\t\twidth: 50%;\n\t\t\t}\n\t\t\t#gallery-1 img {\n\t\t\t\tborder: 2px solid #cfcfcf;\n\t\t\t}\n\t\t\t#gallery-1 .gallery-caption {\n\t\t\t\tmargin-left: 0;\n\t\t\t}\n\t\t\t\/* see gallery_shortcode() in wp-includes\/media.php *\/\n\t\t<\/style>\n\t\t<div id='gallery-1' class='gallery galleryid-2745 gallery-columns-2 gallery-size-thumbnail'><dl class='gallery-item'>\n\t\t\t<dt class='gallery-icon landscape'>\n\t\t\t\t<a href='https:\/\/sdp-tesanj.org\/bs\/vlada-zdk-obezbjedila-300-00000-km-za-razvoj-poslovnih-zona-opcine-tesanj\/picture-011-11\/'><img loading=\"lazy\" decoding=\"async\" width=\"150\" height=\"150\" src=\"https:\/\/sdp-tesanj.org\/bs\/wp-content\/uploads\/Picture-01110-150x150.jpg\" class=\"attachment-thumbnail size-thumbnail\" alt=\"Posjeta ministara u Vladi ZDK\" aria-describedby=\"gallery-1-2746\" \/><\/a>\n\t\t\t<\/dt>\n\t\t\t\t<dd class='wp-caption-text gallery-caption' id='gallery-1-2746'>\n\t\t\t\tPosjeta ministara u Vladi ZDK\n\t\t\t\t<\/dd><\/dl><dl class='gallery-item'>\n\t\t\t<dt class='gallery-icon landscape'>\n\t\t\t\t<a href='https:\/\/sdp-tesanj.org\/bs\/vlada-zdk-obezbjedila-300-00000-km-za-razvoj-poslovnih-zona-opcine-tesanj\/picture-010-11\/'><img loading=\"lazy\" decoding=\"async\" width=\"150\" height=\"150\" src=\"https:\/\/sdp-tesanj.org\/bs\/wp-content\/uploads\/Picture-01010-150x150.jpg\" class=\"attachment-thumbnail size-thumbnail\" alt=\"\" \/><\/a>\n\t\t\t<\/dt><\/dl><br style=\"clear: both\" \/><dl class='gallery-item'>\n\t\t\t<dt class='gallery-icon landscape'>\n\t\t\t\t<a href='https:\/\/sdp-tesanj.org\/bs\/vlada-zdk-obezbjedila-300-00000-km-za-razvoj-poslovnih-zona-opcine-tesanj\/picture-014-13\/'><img loading=\"lazy\" decoding=\"async\" width=\"150\" height=\"150\" src=\"https:\/\/sdp-tesanj.org\/bs\/wp-content\/uploads\/Picture-01412-150x150.jpg\" class=\"attachment-thumbnail size-thumbnail\" alt=\"\" \/><\/a>\n\t\t\t<\/dt><\/dl><dl class='gallery-item'>\n\t\t\t<dt class='gallery-icon landscape'>\n\t\t\t\t<a href='https:\/\/sdp-tesanj.org\/bs\/vlada-zdk-obezbjedila-300-00000-km-za-razvoj-poslovnih-zona-opcine-tesanj\/picture-015-10\/'><img loading=\"lazy\" decoding=\"async\" width=\"150\" height=\"150\" src=\"https:\/\/sdp-tesanj.org\/bs\/wp-content\/uploads\/Picture-0159-150x150.jpg\" class=\"attachment-thumbnail size-thumbnail\" alt=\"\" \/><\/a>\n\t\t\t<\/dt><\/dl><br style=\"clear: both\" \/>\n\t\t<\/div>\n\n<p><strong> <\/strong><\/p>\n<p><strong> <\/strong><\/p>\n<p>&nbsp;<\/p>\n<p style=\"text-align: right;\"><strong>Komisija za informisanje<br \/>\n<\/strong><strong>OOSDPBiH Te\u0161anj<\/strong><\/p>\n<p>&nbsp;<\/p>\n","protected":false},"excerpt":{"rendered":"<p>Ju\u010der, 14. januara 2014. godine na podru\u010dju op\u0107ine Te\u0161anj boravili su Muhamed Hasi\u0107, ministar privrede i Romana Brki\u0107, ministrica za pravosu\u0111e i upravu ZDK, ina\u010de ministri iz reda SDPBiH. Tokom posjete op\u0107ini Te\u0161anj uprili\u010den je susret i sa aktivistima Op\u0107inske organizacije SDPBiH Te\u0161anj. Konkretan cilj ju\u010dera\u0161nje posjete je bio susret sa na\u010delnikom Op\u0107ine Te\u0161anj, Suadom [&hellip;]<\/p>\n","protected":false},"author":2,"featured_media":2749,"comment_status":"closed","ping_status":"closed","sticky":false,"template":"","format":"standard","meta":{"ngg_post_thumbnail":0,"footnotes":""},"categories":[3],"tags":[],"class_list":["post-2745","post","type-post","status-publish","format-standard","hentry","category-vijesti"],"_links":{"self":[{"href":"https:\/\/sdp-tesanj.org\/bs\/wp-json\/wp\/v2\/posts\/2745","targetHints":{"allow":["GET"]}}],"collection":[{"href":"https:\/\/sdp-tesanj.org\/bs\/wp-json\/wp\/v2\/posts"}],"about":[{"href":"https:\/\/sdp-tesanj.org\/bs\/wp-json\/wp\/v2\/types\/post"}],"author":[{"embeddable":true,"href":"https:\/\/sdp-tesanj.org\/bs\/wp-json\/wp\/v2\/users\/2"}],"replies":[{"embeddable":true,"href":"https:\/\/sdp-tesanj.org\/bs\/wp-json\/wp\/v2\/comments?post=2745"}],"version-history":[{"count":3,"href":"https:\/\/sdp-tesanj.org\/bs\/wp-json\/wp\/v2\/posts\/2745\/revisions"}],"predecessor-version":[{"id":2752,"href":"https:\/\/sdp-tesanj.org\/bs\/wp-json\/wp\/v2\/posts\/2745\/revisions\/2752"}],"wp:featuredmedia":[{"embeddable":true,"href":"https:\/\/sdp-tesanj.org\/bs\/wp-json\/wp\/v2\/media\/2749"}],"wp:attachment":[{"href":"https:\/\/sdp-tesanj.org\/bs\/wp-json\/wp\/v2\/media?parent=2745"}],"wp:term":[{"taxonomy":"category","embeddable":true,"href":"https:\/\/sdp-tesanj.org\/bs\/wp-json\/wp\/v2\/categories?post=2745"},{"taxonomy":"post_tag","embeddable":true,"href":"https:\/\/sdp-tesanj.org\/bs\/wp-json\/wp\/v2\/tags?post=2745"}],"curies":[{"name":"wp","href":"https:\/\/api.w.org\/{rel}","templated":true}]}}