{"id":2739,"date":"2014-01-15T13:12:08","date_gmt":"2014-01-15T12:12:08","guid":{"rendered":"https:\/\/sdp-tesanj.org\/bs\/?p=2739"},"modified":"2014-01-15T13:12:41","modified_gmt":"2014-01-15T12:12:41","slug":"cestitka-povodom-dana-vozaca","status":"publish","type":"post","link":"https:\/\/sdp-tesanj.org\/bs\/cestitka-povodom-dana-vozaca\/","title":{"rendered":"\u010cestitka povodom dana voza\u010da"},"content":{"rendered":"<div id=\"attachment_2740\" style=\"width: 272px\" class=\"wp-caption alignleft\"><a href=\"https:\/\/sdp-tesanj.org\/bs\/wp-content\/uploads\/1546389_10202868100324483_1463423235_n.jpg\"><img loading=\"lazy\" decoding=\"async\" aria-describedby=\"caption-attachment-2740\" class=\"size-medium wp-image-2740    \" title=\"Dan voza\u010da\" src=\"https:\/\/sdp-tesanj.org\/bs\/wp-content\/uploads\/1546389_10202868100324483_1463423235_n-640x480.jpg\" alt=\"Dan voza\u010da\" width=\"262\" height=\"197\" srcset=\"https:\/\/sdp-tesanj.org\/bs\/wp-content\/uploads\/1546389_10202868100324483_1463423235_n-640x480.jpg 640w, https:\/\/sdp-tesanj.org\/bs\/wp-content\/uploads\/1546389_10202868100324483_1463423235_n.jpg 960w\" sizes=\"auto, (max-width: 262px) 100vw, 262px\" \/><\/a><p id=\"caption-attachment-2740\" class=\"wp-caption-text\">Dan voza\u010da<\/p><\/div>\n<p>Dragi voza\u010di, automehani\u010dari, u povodu 15. januara-Dana voza\u010da i mehani\u010dara \u017eelimo vam jo\u0161 puno pre\u0111enih kilometara, sigurnu cestu, puno zdravlja i\u00a0 sre\u0107e, u poslovnom i porodi\u010dnom \u017eivotu.<\/p>\n<p>&nbsp;<\/p>\n<p>&nbsp;<\/p>\n<p>&nbsp;<\/p>\n<p>&nbsp;<\/p>\n<p>&nbsp;<\/p>\n<p>&nbsp;<\/p>\n<p><!--more--><\/p>\n<p>&nbsp;<\/p>\n<p>&nbsp;<\/p>\n<p style=\"text-align: right;\"><strong>Predsjednik OOSDPBiH Te\u0161anj<br \/>\n<\/strong><strong>Senad S. Suba\u0161i\u0107<\/strong><\/p>\n<p>&nbsp;<\/p>\n","protected":false},"excerpt":{"rendered":"<p>Dragi voza\u010di, automehani\u010dari, u povodu 15. januara-Dana voza\u010da i mehani\u010dara \u017eelimo vam jo\u0161 puno pre\u0111enih kilometara, sigurnu cestu, puno zdravlja i\u00a0 sre\u0107e, u poslovnom i porodi\u010dnom \u017eivotu. &nbsp; &nbsp; &nbsp; &nbsp; &nbsp; &nbsp;<\/p>\n","protected":false},"author":2,"featured_media":2740,"comment_status":"closed","ping_status":"closed","sticky":false,"template":"","format":"standard","meta":{"ngg_post_thumbnail":0,"footnotes":""},"categories":[3],"tags":[],"class_list":["post-2739","post","type-post","status-publish","format-standard","hentry","category-vijesti"],"_links":{"self":[{"href":"https:\/\/sdp-tesanj.org\/bs\/wp-json\/wp\/v2\/posts\/2739","targetHints":{"allow":["GET"]}}],"collection":[{"href":"https:\/\/sdp-tesanj.org\/bs\/wp-json\/wp\/v2\/posts"}],"about":[{"href":"https:\/\/sdp-tesanj.org\/bs\/wp-json\/wp\/v2\/types\/post"}],"author":[{"embeddable":true,"href":"https:\/\/sdp-tesanj.org\/bs\/wp-json\/wp\/v2\/users\/2"}],"replies":[{"embeddable":true,"href":"https:\/\/sdp-tesanj.org\/bs\/wp-json\/wp\/v2\/comments?post=2739"}],"version-history":[{"count":4,"href":"https:\/\/sdp-tesanj.org\/bs\/wp-json\/wp\/v2\/posts\/2739\/revisions"}],"predecessor-version":[{"id":2744,"href":"https:\/\/sdp-tesanj.org\/bs\/wp-json\/wp\/v2\/posts\/2739\/revisions\/2744"}],"wp:featuredmedia":[{"embeddable":true,"href":"https:\/\/sdp-tesanj.org\/bs\/wp-json\/wp\/v2\/media\/2740"}],"wp:attachment":[{"href":"https:\/\/sdp-tesanj.org\/bs\/wp-json\/wp\/v2\/media?parent=2739"}],"wp:term":[{"taxonomy":"category","embeddable":true,"href":"https:\/\/sdp-tesanj.org\/bs\/wp-json\/wp\/v2\/categories?post=2739"},{"taxonomy":"post_tag","embeddable":true,"href":"https:\/\/sdp-tesanj.org\/bs\/wp-json\/wp\/v2\/tags?post=2739"}],"curies":[{"name":"wp","href":"https:\/\/api.w.org\/{rel}","templated":true}]}}