{"id":2689,"date":"2014-01-11T10:53:27","date_gmt":"2014-01-11T09:53:27","guid":{"rendered":"https:\/\/sdp-tesanj.org\/bs\/?p=2689"},"modified":"2014-01-11T10:53:42","modified_gmt":"2014-01-11T09:53:42","slug":"sastanak-sa-clanovima-skolskih-odbora","status":"publish","type":"post","link":"https:\/\/sdp-tesanj.org\/bs\/sastanak-sa-clanovima-skolskih-odbora\/","title":{"rendered":"Sastanak sa \u010dlanovima \u0161kolskih odbora"},"content":{"rendered":"<div id=\"attachment_2690\" style=\"width: 256px\" class=\"wp-caption alignleft\"><a href=\"https:\/\/sdp-tesanj.org\/bs\/wp-content\/uploads\/Picture-00317.jpg\"><img loading=\"lazy\" decoding=\"async\" aria-describedby=\"caption-attachment-2690\" class=\"size-full wp-image-2690   \" title=\"Sastanaka sa \u0161kolskim odborima\" src=\"https:\/\/sdp-tesanj.org\/bs\/wp-content\/uploads\/Picture-00317.jpg\" alt=\"Sastanaka sa \u0161kolskim odborima\" width=\"246\" height=\"184\" \/><\/a><p id=\"caption-attachment-2690\" class=\"wp-caption-text\">Sastanaka sa \u0161kolskim odborima<\/p><\/div>\n<p>Dana, 08. januara 2014. godine predsjednik OOSDPBiH Te\u0161anj Senad S. Suba\u0161i\u0107 odr\u017eao je sastanak sa aktivistima SDP-a koji obna\u0161aju funkciju \u010dlanova \u0161kolskih odbora osnovnih i srednjih \u0161kola na op\u0107ini Te\u0161anj.<\/p>\n<p>Izme\u0111u ostalog, na sastanku se raspravljalo i o zavr\u0161etku prvog polugodi\u0161ta, kao i o stepenu realizacije ulaganja bud\u017eetskih sredstava u pobolj\u0161anje uslova za rad \u0161kola.<!--more--><\/p>\n<p>Prisutni su iskazali interes za ovakav vid sastanaka, te je usvojen prijedlog da se oni redovno odr\u017eavaju, a izabrano je i koordinaciono tijelo od tri \u010dlana kako bi se poja\u010dala me\u0111usobna komunikacija izme\u0111u \u010dlanova \u0161kolskih odbora i kroz razmjenu mi\u0161ljenja dolazilo do najkvalitetniji rje\u0161enja iz oblasti \u0161kolstva.<\/p>\n<p>Ovakvih sastanaka \u0107e biti i u narednom periodu, a sve s ciljem kako bi \u0161kolstvo zauzelo mjesto koje mu i pripada.<\/p>\n<p>&nbsp;<\/p>\n\n\t\t<style type=\"text\/css\">\n\t\t\t#gallery-1 {\n\t\t\t\tmargin: auto;\n\t\t\t}\n\t\t\t#gallery-1 .gallery-item {\n\t\t\t\tfloat: left;\n\t\t\t\tmargin-top: 10px;\n\t\t\t\ttext-align: center;\n\t\t\t\twidth: 50%;\n\t\t\t}\n\t\t\t#gallery-1 img {\n\t\t\t\tborder: 2px solid #cfcfcf;\n\t\t\t}\n\t\t\t#gallery-1 .gallery-caption {\n\t\t\t\tmargin-left: 0;\n\t\t\t}\n\t\t\t\/* see gallery_shortcode() in wp-includes\/media.php *\/\n\t\t<\/style>\n\t\t<div id='gallery-1' class='gallery galleryid-2689 gallery-columns-2 gallery-size-thumbnail'><dl class='gallery-item'>\n\t\t\t<dt class='gallery-icon landscape'>\n\t\t\t\t<a href='https:\/\/sdp-tesanj.org\/bs\/sastanak-sa-clanovima-skolskih-odbora\/picture-003-18\/'><img loading=\"lazy\" decoding=\"async\" width=\"150\" height=\"150\" src=\"https:\/\/sdp-tesanj.org\/bs\/wp-content\/uploads\/Picture-00317-150x150.jpg\" class=\"attachment-thumbnail size-thumbnail\" alt=\"Sastanaka sa \u0161kolskim odborima\" aria-describedby=\"gallery-1-2690\" \/><\/a>\n\t\t\t<\/dt>\n\t\t\t\t<dd class='wp-caption-text gallery-caption' id='gallery-1-2690'>\n\t\t\t\tSastanaka sa \u0161kolskim odborima\n\t\t\t\t<\/dd><\/dl><dl class='gallery-item'>\n\t\t\t<dt class='gallery-icon landscape'>\n\t\t\t\t<a href='https:\/\/sdp-tesanj.org\/bs\/sastanak-sa-clanovima-skolskih-odbora\/picture-002-15\/'><img loading=\"lazy\" decoding=\"async\" width=\"150\" height=\"150\" src=\"https:\/\/sdp-tesanj.org\/bs\/wp-content\/uploads\/Picture-00214-150x150.jpg\" class=\"attachment-thumbnail size-thumbnail\" alt=\"\" \/><\/a>\n\t\t\t<\/dt><\/dl><br style=\"clear: both\" \/><dl class='gallery-item'>\n\t\t\t<dt class='gallery-icon landscape'>\n\t\t\t\t<a href='https:\/\/sdp-tesanj.org\/bs\/sastanak-sa-clanovima-skolskih-odbora\/picture-004-20\/'><img loading=\"lazy\" decoding=\"async\" width=\"150\" height=\"150\" src=\"https:\/\/sdp-tesanj.org\/bs\/wp-content\/uploads\/Picture-00419-150x150.jpg\" class=\"attachment-thumbnail size-thumbnail\" alt=\"\" \/><\/a>\n\t\t\t<\/dt><\/dl><dl class='gallery-item'>\n\t\t\t<dt class='gallery-icon landscape'>\n\t\t\t\t<a href='https:\/\/sdp-tesanj.org\/bs\/sastanak-sa-clanovima-skolskih-odbora\/picture-005-18\/'><img loading=\"lazy\" decoding=\"async\" width=\"150\" height=\"150\" src=\"https:\/\/sdp-tesanj.org\/bs\/wp-content\/uploads\/Picture-00517-150x150.jpg\" class=\"attachment-thumbnail size-thumbnail\" alt=\"\" \/><\/a>\n\t\t\t<\/dt><\/dl><br style=\"clear: both\" \/><dl class='gallery-item'>\n\t\t\t<dt class='gallery-icon landscape'>\n\t\t\t\t<a href='https:\/\/sdp-tesanj.org\/bs\/sastanak-sa-clanovima-skolskih-odbora\/picture-006-10\/'><img loading=\"lazy\" decoding=\"async\" width=\"150\" height=\"150\" src=\"https:\/\/sdp-tesanj.org\/bs\/wp-content\/uploads\/Picture-0069-150x150.jpg\" class=\"attachment-thumbnail size-thumbnail\" alt=\"\" \/><\/a>\n\t\t\t<\/dt><\/dl><dl class='gallery-item'>\n\t\t\t<dt class='gallery-icon landscape'>\n\t\t\t\t<a href='https:\/\/sdp-tesanj.org\/bs\/sastanak-sa-clanovima-skolskih-odbora\/picture-007-16\/'><img loading=\"lazy\" decoding=\"async\" width=\"150\" height=\"150\" src=\"https:\/\/sdp-tesanj.org\/bs\/wp-content\/uploads\/Picture-00715-150x150.jpg\" class=\"attachment-thumbnail size-thumbnail\" alt=\"\" \/><\/a>\n\t\t\t<\/dt><\/dl><br style=\"clear: both\" \/><dl class='gallery-item'>\n\t\t\t<dt class='gallery-icon landscape'>\n\t\t\t\t<a href='https:\/\/sdp-tesanj.org\/bs\/sastanak-sa-clanovima-skolskih-odbora\/picture-008-13\/'><img loading=\"lazy\" decoding=\"async\" width=\"150\" height=\"150\" src=\"https:\/\/sdp-tesanj.org\/bs\/wp-content\/uploads\/Picture-00812-150x150.jpg\" class=\"attachment-thumbnail size-thumbnail\" alt=\"\" \/><\/a>\n\t\t\t<\/dt><\/dl><dl class='gallery-item'>\n\t\t\t<dt class='gallery-icon landscape'>\n\t\t\t\t<a href='https:\/\/sdp-tesanj.org\/bs\/sastanak-sa-clanovima-skolskih-odbora\/picture-009-15\/'><img loading=\"lazy\" decoding=\"async\" width=\"150\" height=\"150\" src=\"https:\/\/sdp-tesanj.org\/bs\/wp-content\/uploads\/Picture-00914-150x150.jpg\" class=\"attachment-thumbnail size-thumbnail\" alt=\"\" \/><\/a>\n\t\t\t<\/dt><\/dl><br style=\"clear: both\" \/>\n\t\t<\/div>\n\n<p style=\"text-align: left;\">&nbsp;<\/p>\n<p style=\"text-align: right;\"><strong> <\/strong><\/p>\n<p style=\"text-align: right;\"><strong> Komisija za informisanje<br \/>\nOOSDPBiH Te\u0161anj<\/strong><\/p>\n","protected":false},"excerpt":{"rendered":"<p>Dana, 08. januara 2014. godine predsjednik OOSDPBiH Te\u0161anj Senad S. Suba\u0161i\u0107 odr\u017eao je sastanak sa aktivistima SDP-a koji obna\u0161aju funkciju \u010dlanova \u0161kolskih odbora osnovnih i srednjih \u0161kola na op\u0107ini Te\u0161anj. Izme\u0111u ostalog, na sastanku se raspravljalo i o zavr\u0161etku prvog polugodi\u0161ta, kao i o stepenu realizacije ulaganja bud\u017eetskih sredstava u pobolj\u0161anje uslova za rad \u0161kola.<\/p>\n","protected":false},"author":2,"featured_media":2697,"comment_status":"closed","ping_status":"closed","sticky":false,"template":"","format":"standard","meta":{"ngg_post_thumbnail":0,"footnotes":""},"categories":[3],"tags":[],"class_list":["post-2689","post","type-post","status-publish","format-standard","hentry","category-vijesti"],"_links":{"self":[{"href":"https:\/\/sdp-tesanj.org\/bs\/wp-json\/wp\/v2\/posts\/2689","targetHints":{"allow":["GET"]}}],"collection":[{"href":"https:\/\/sdp-tesanj.org\/bs\/wp-json\/wp\/v2\/posts"}],"about":[{"href":"https:\/\/sdp-tesanj.org\/bs\/wp-json\/wp\/v2\/types\/post"}],"author":[{"embeddable":true,"href":"https:\/\/sdp-tesanj.org\/bs\/wp-json\/wp\/v2\/users\/2"}],"replies":[{"embeddable":true,"href":"https:\/\/sdp-tesanj.org\/bs\/wp-json\/wp\/v2\/comments?post=2689"}],"version-history":[{"count":2,"href":"https:\/\/sdp-tesanj.org\/bs\/wp-json\/wp\/v2\/posts\/2689\/revisions"}],"predecessor-version":[{"id":2699,"href":"https:\/\/sdp-tesanj.org\/bs\/wp-json\/wp\/v2\/posts\/2689\/revisions\/2699"}],"wp:featuredmedia":[{"embeddable":true,"href":"https:\/\/sdp-tesanj.org\/bs\/wp-json\/wp\/v2\/media\/2697"}],"wp:attachment":[{"href":"https:\/\/sdp-tesanj.org\/bs\/wp-json\/wp\/v2\/media?parent=2689"}],"wp:term":[{"taxonomy":"category","embeddable":true,"href":"https:\/\/sdp-tesanj.org\/bs\/wp-json\/wp\/v2\/categories?post=2689"},{"taxonomy":"post_tag","embeddable":true,"href":"https:\/\/sdp-tesanj.org\/bs\/wp-json\/wp\/v2\/tags?post=2689"}],"curies":[{"name":"wp","href":"https:\/\/api.w.org\/{rel}","templated":true}]}}