{"id":2563,"date":"2013-11-27T13:57:22","date_gmt":"2013-11-27T12:57:22","guid":{"rendered":"https:\/\/sdp-tesanj.org\/bs\/?p=2563"},"modified":"2013-11-27T13:59:26","modified_gmt":"2013-11-27T12:59:26","slug":"vaznost-cuvanja-i-njegovanja-ideja-antifasizma","status":"publish","type":"post","link":"https:\/\/sdp-tesanj.org\/bs\/vaznost-cuvanja-i-njegovanja-ideja-antifasizma\/","title":{"rendered":"Va\u017enost \u010duvanja i njegovanja ideja antifa\u0161izma"},"content":{"rendered":"<div id=\"attachment_2564\" style=\"width: 255px\" class=\"wp-caption alignleft\"><a href=\"https:\/\/sdp-tesanj.org\/bs\/wp-content\/uploads\/Picture-0107.jpg\"><img loading=\"lazy\" decoding=\"async\" aria-describedby=\"caption-attachment-2564\" class=\"size-full wp-image-2564      \" title=\"25. novembar\" src=\"https:\/\/sdp-tesanj.org\/bs\/wp-content\/uploads\/Picture-0107.jpg\" alt=\"25. novembar\" width=\"245\" height=\"184\" \/><\/a><p id=\"caption-attachment-2564\" class=\"wp-caption-text\">25. novembar<\/p><\/div>\n<p>U povodu obilje\u017eavanja dana Dr\u017eavnosti Bosne i Hercegovine i 70-te godi\u0161njice Prvog zasjedanja ZAVNOBiH-a Socijaldemokratska partija Bosne i Hercegovine Te\u0161anj uprili\u010dila je \u00a0niz aktivnosti.<\/p>\n<p>U subotu 23. novembra organizovan je jednodnevni izlet u Mrkonji\u0107 Grad, kako bi prisustovali Centralnoj manifestaciji obilje\u017eavanja ovog zna\u010dajnog historijskog datuma.<\/p>\n<p>U ponedjeljak 25. novembra u organizaciji Foruma mladih KOSDPBiHZDK i Foruma mladih OOSDPBiH Te\u0161anj u prepunoj maloj sali CKO Te\u0161anj uprili\u010dena je sve\u010dana sjednica u povodu dana Dr\u017eavnosti.<!--more--><\/p>\n<p>Sjednici su pored \u010dlanova Foruma mladih iz Te\u0161nja, Zavidovi\u0107a, Doboj Juga, Maglaja, Zenice, \u017dep\u010da, Tesli\u0107a, prisustovali i visoki zvani\u010dnici SDPBiH u izvr\u0161noj i zakonodavnoj vlasti.<\/p>\n<p>U svom uvodnom izlaganju predsjednica Foruma mladih SDPBiH Te\u0161anj, Irnela \u010coli\u0107, je jo\u0161 jednom nazna\u010dila va\u017enost i uloga ZAVNOBiH \u2013a, u stvaranju savremene Bosne i Hercegovine, a prigodim rije\u010dima se prisutnim obratio i predsjednik\u00a0 Foruma mladih KOSDPBiHZDK, Etjen Osmi\u0107.<\/p>\n<p>Pored historijskih \u010dinjenica, u izlaganjima je posebna pa\u017enja posve\u0107ena direktom u\u010desniku zasjedanja ZAVNOBiH-a i AVNOJ-a sa na\u0161ih prostora- Edhemu Pobri\u0107u.<\/p>\n<p>Istaknuta je va\u017enost \u010duvanja i njegovanja ideja antifa\u0161izma kao temelja dr\u017eavnosti Bosne i Hercegovine, posebno u ovim vremenima neprestanog i upornog negiranja dr\u017eavnosti i opstojnosti BiH.<\/p>\n<p>Ohrabruje \u010dinjenica da mladi u BiH nastavljaju ba\u0161tiniti ideje antifa\u0161izma, \u0161to je garant svjetlije budu\u0107nosti BiH.<\/p>\n<p>Sve\u010dana sjednica je iskori\u0161tena i da se dodijele nagrade za najuspje\u0161nije literarne radove po konkursu koji je raspisao Forum mladih SDP BiH Te\u0161anj u povodu Dana srednjo\u0161kolaca i studenata. Radovi su bili na temu \u201eSanjam bolji svijet\u201c.<\/p>\n<p>Za najuspje\u0161niji rad progla\u0161en je sastav srednjo\u0161kolke Azelme Halvad\u017ei\u0107.<\/p>\n<p>Nakon sve\u010dane sjednice uprili\u010deno je polaganje cvije\u0107a na Spomen obilje\u017eje poginulima u ratu 1992-95., na Partizansko spomen obilje\u017eje, te na grob u\u010desnika zasjedanja ZAVNOBiH-a i AVNOJ-a Edhema Pobri\u0107a.<\/p>\n<p>U povodu skore 60-te godi\u0161njice od progla\u0161enja Huse Hod\u017ei\u0107a za narodnog heroja polo\u017eeno je cvije\u0107e i na mjestu gdje je nakad stajala bista ovog Narodnog heroja, a koja je odlukom lokalne vlasti izmje\u0161tena.<\/p>\n<p>&nbsp;<\/p>\n\n\t\t<style type=\"text\/css\">\n\t\t\t#gallery-1 {\n\t\t\t\tmargin: auto;\n\t\t\t}\n\t\t\t#gallery-1 .gallery-item {\n\t\t\t\tfloat: left;\n\t\t\t\tmargin-top: 10px;\n\t\t\t\ttext-align: center;\n\t\t\t\twidth: 33%;\n\t\t\t}\n\t\t\t#gallery-1 img {\n\t\t\t\tborder: 2px solid #cfcfcf;\n\t\t\t}\n\t\t\t#gallery-1 .gallery-caption {\n\t\t\t\tmargin-left: 0;\n\t\t\t}\n\t\t\t\/* see gallery_shortcode() in wp-includes\/media.php *\/\n\t\t<\/style>\n\t\t<div id='gallery-1' class='gallery galleryid-2563 gallery-columns-3 gallery-size-thumbnail'><dl class='gallery-item'>\n\t\t\t<dt class='gallery-icon landscape'>\n\t\t\t\t<a href='https:\/\/sdp-tesanj.org\/bs\/vaznost-cuvanja-i-njegovanja-ideja-antifasizma\/picture-010-8\/'><img loading=\"lazy\" decoding=\"async\" width=\"150\" height=\"150\" src=\"https:\/\/sdp-tesanj.org\/bs\/wp-content\/uploads\/Picture-0107-150x150.jpg\" class=\"attachment-thumbnail size-thumbnail\" alt=\"25. novembar\" aria-describedby=\"gallery-1-2564\" \/><\/a>\n\t\t\t<\/dt>\n\t\t\t\t<dd class='wp-caption-text gallery-caption' id='gallery-1-2564'>\n\t\t\t\t25. novembar\n\t\t\t\t<\/dd><\/dl><dl class='gallery-item'>\n\t\t\t<dt class='gallery-icon landscape'>\n\t\t\t\t<a href='https:\/\/sdp-tesanj.org\/bs\/vaznost-cuvanja-i-njegovanja-ideja-antifasizma\/picture-010-9\/'><img loading=\"lazy\" decoding=\"async\" width=\"150\" height=\"150\" src=\"https:\/\/sdp-tesanj.org\/bs\/wp-content\/uploads\/Picture-0108-150x150.jpg\" class=\"attachment-thumbnail size-thumbnail\" alt=\"\" \/><\/a>\n\t\t\t<\/dt><\/dl><dl class='gallery-item'>\n\t\t\t<dt class='gallery-icon landscape'>\n\t\t\t\t<a href='https:\/\/sdp-tesanj.org\/bs\/vaznost-cuvanja-i-njegovanja-ideja-antifasizma\/picture-028-9\/'><img loading=\"lazy\" decoding=\"async\" width=\"150\" height=\"150\" src=\"https:\/\/sdp-tesanj.org\/bs\/wp-content\/uploads\/Picture-0288-150x150.jpg\" class=\"attachment-thumbnail size-thumbnail\" alt=\"\" \/><\/a>\n\t\t\t<\/dt><\/dl><br style=\"clear: both\" \/><dl class='gallery-item'>\n\t\t\t<dt class='gallery-icon landscape'>\n\t\t\t\t<a href='https:\/\/sdp-tesanj.org\/bs\/vaznost-cuvanja-i-njegovanja-ideja-antifasizma\/picture-039-5\/'><img loading=\"lazy\" decoding=\"async\" width=\"150\" height=\"150\" src=\"https:\/\/sdp-tesanj.org\/bs\/wp-content\/uploads\/Picture-0394-150x150.jpg\" class=\"attachment-thumbnail size-thumbnail\" alt=\"\" \/><\/a>\n\t\t\t<\/dt><\/dl><dl class='gallery-item'>\n\t\t\t<dt class='gallery-icon landscape'>\n\t\t\t\t<a href='https:\/\/sdp-tesanj.org\/bs\/vaznost-cuvanja-i-njegovanja-ideja-antifasizma\/picture-043-4\/'><img loading=\"lazy\" decoding=\"async\" width=\"150\" height=\"150\" src=\"https:\/\/sdp-tesanj.org\/bs\/wp-content\/uploads\/Picture-0433-150x150.jpg\" class=\"attachment-thumbnail size-thumbnail\" alt=\"\" \/><\/a>\n\t\t\t<\/dt><\/dl><dl class='gallery-item'>\n\t\t\t<dt class='gallery-icon landscape'>\n\t\t\t\t<a href='https:\/\/sdp-tesanj.org\/bs\/vaznost-cuvanja-i-njegovanja-ideja-antifasizma\/picture-052-4\/'><img loading=\"lazy\" decoding=\"async\" width=\"150\" height=\"150\" src=\"https:\/\/sdp-tesanj.org\/bs\/wp-content\/uploads\/Picture-0523-150x150.jpg\" class=\"attachment-thumbnail size-thumbnail\" alt=\"\" \/><\/a>\n\t\t\t<\/dt><\/dl><br style=\"clear: both\" \/><dl class='gallery-item'>\n\t\t\t<dt class='gallery-icon landscape'>\n\t\t\t\t<a href='https:\/\/sdp-tesanj.org\/bs\/vaznost-cuvanja-i-njegovanja-ideja-antifasizma\/picture-056-2\/'><img loading=\"lazy\" decoding=\"async\" width=\"150\" height=\"150\" src=\"https:\/\/sdp-tesanj.org\/bs\/wp-content\/uploads\/Picture-0561-150x150.jpg\" class=\"attachment-thumbnail size-thumbnail\" alt=\"\" \/><\/a>\n\t\t\t<\/dt><\/dl><dl class='gallery-item'>\n\t\t\t<dt class='gallery-icon landscape'>\n\t\t\t\t<a href='https:\/\/sdp-tesanj.org\/bs\/vaznost-cuvanja-i-njegovanja-ideja-antifasizma\/picture-080-3\/'><img loading=\"lazy\" decoding=\"async\" width=\"150\" height=\"150\" src=\"https:\/\/sdp-tesanj.org\/bs\/wp-content\/uploads\/Picture-0802-150x150.jpg\" class=\"attachment-thumbnail size-thumbnail\" alt=\"\" \/><\/a>\n\t\t\t<\/dt><\/dl><dl class='gallery-item'>\n\t\t\t<dt class='gallery-icon landscape'>\n\t\t\t\t<a href='https:\/\/sdp-tesanj.org\/bs\/vaznost-cuvanja-i-njegovanja-ideja-antifasizma\/picture-089-2\/'><img loading=\"lazy\" decoding=\"async\" width=\"150\" height=\"150\" src=\"https:\/\/sdp-tesanj.org\/bs\/wp-content\/uploads\/Picture-0891-150x150.jpg\" class=\"attachment-thumbnail size-thumbnail\" alt=\"\" \/><\/a>\n\t\t\t<\/dt><\/dl><br style=\"clear: both\" \/><dl class='gallery-item'>\n\t\t\t<dt class='gallery-icon landscape'>\n\t\t\t\t<a href='https:\/\/sdp-tesanj.org\/bs\/vaznost-cuvanja-i-njegovanja-ideja-antifasizma\/picture-091-4\/'><img loading=\"lazy\" decoding=\"async\" width=\"150\" height=\"150\" src=\"https:\/\/sdp-tesanj.org\/bs\/wp-content\/uploads\/Picture-0913-150x150.jpg\" class=\"attachment-thumbnail size-thumbnail\" alt=\"\" \/><\/a>\n\t\t\t<\/dt><\/dl><dl class='gallery-item'>\n\t\t\t<dt class='gallery-icon landscape'>\n\t\t\t\t<a href='https:\/\/sdp-tesanj.org\/bs\/vaznost-cuvanja-i-njegovanja-ideja-antifasizma\/picture-100\/'><img loading=\"lazy\" decoding=\"async\" width=\"150\" height=\"150\" src=\"https:\/\/sdp-tesanj.org\/bs\/wp-content\/uploads\/Picture-100-150x150.jpg\" class=\"attachment-thumbnail size-thumbnail\" alt=\"\" \/><\/a>\n\t\t\t<\/dt><\/dl><dl class='gallery-item'>\n\t\t\t<dt class='gallery-icon landscape'>\n\t\t\t\t<a href='https:\/\/sdp-tesanj.org\/bs\/vaznost-cuvanja-i-njegovanja-ideja-antifasizma\/picture-112\/'><img loading=\"lazy\" decoding=\"async\" width=\"150\" height=\"150\" src=\"https:\/\/sdp-tesanj.org\/bs\/wp-content\/uploads\/Picture-112-150x150.jpg\" class=\"attachment-thumbnail size-thumbnail\" alt=\"\" \/><\/a>\n\t\t\t<\/dt><\/dl><br style=\"clear: both\" \/><dl class='gallery-item'>\n\t\t\t<dt class='gallery-icon landscape'>\n\t\t\t\t<a href='https:\/\/sdp-tesanj.org\/bs\/vaznost-cuvanja-i-njegovanja-ideja-antifasizma\/picture-117-2\/'><img loading=\"lazy\" decoding=\"async\" width=\"150\" height=\"150\" src=\"https:\/\/sdp-tesanj.org\/bs\/wp-content\/uploads\/Picture-1171-150x150.jpg\" class=\"attachment-thumbnail size-thumbnail\" alt=\"\" \/><\/a>\n\t\t\t<\/dt><\/dl><dl class='gallery-item'>\n\t\t\t<dt class='gallery-icon landscape'>\n\t\t\t\t<a href='https:\/\/sdp-tesanj.org\/bs\/vaznost-cuvanja-i-njegovanja-ideja-antifasizma\/picture-122\/'><img loading=\"lazy\" decoding=\"async\" width=\"150\" height=\"150\" src=\"https:\/\/sdp-tesanj.org\/bs\/wp-content\/uploads\/Picture-122-150x150.jpg\" class=\"attachment-thumbnail size-thumbnail\" alt=\"\" \/><\/a>\n\t\t\t<\/dt><\/dl><dl class='gallery-item'>\n\t\t\t<dt class='gallery-icon landscape'>\n\t\t\t\t<a href='https:\/\/sdp-tesanj.org\/bs\/vaznost-cuvanja-i-njegovanja-ideja-antifasizma\/picture-125-2\/'><img loading=\"lazy\" decoding=\"async\" width=\"150\" height=\"150\" src=\"https:\/\/sdp-tesanj.org\/bs\/wp-content\/uploads\/Picture-1251-150x150.jpg\" class=\"attachment-thumbnail size-thumbnail\" alt=\"\" \/><\/a>\n\t\t\t<\/dt><\/dl><br style=\"clear: both\" \/><dl class='gallery-item'>\n\t\t\t<dt class='gallery-icon landscape'>\n\t\t\t\t<a href='https:\/\/sdp-tesanj.org\/bs\/vaznost-cuvanja-i-njegovanja-ideja-antifasizma\/picture-132\/'><img loading=\"lazy\" decoding=\"async\" width=\"150\" height=\"150\" src=\"https:\/\/sdp-tesanj.org\/bs\/wp-content\/uploads\/Picture-132-150x150.jpg\" class=\"attachment-thumbnail size-thumbnail\" alt=\"\" \/><\/a>\n\t\t\t<\/dt><\/dl><dl class='gallery-item'>\n\t\t\t<dt class='gallery-icon landscape'>\n\t\t\t\t<a href='https:\/\/sdp-tesanj.org\/bs\/vaznost-cuvanja-i-njegovanja-ideja-antifasizma\/picture-139-2\/'><img loading=\"lazy\" decoding=\"async\" width=\"150\" height=\"150\" src=\"https:\/\/sdp-tesanj.org\/bs\/wp-content\/uploads\/Picture-1391-150x150.jpg\" class=\"attachment-thumbnail size-thumbnail\" alt=\"\" \/><\/a>\n\t\t\t<\/dt><\/dl><dl class='gallery-item'>\n\t\t\t<dt class='gallery-icon landscape'>\n\t\t\t\t<a href='https:\/\/sdp-tesanj.org\/bs\/vaznost-cuvanja-i-njegovanja-ideja-antifasizma\/picture-141-2\/'><img loading=\"lazy\" decoding=\"async\" width=\"150\" height=\"150\" src=\"https:\/\/sdp-tesanj.org\/bs\/wp-content\/uploads\/Picture-1411-150x150.jpg\" class=\"attachment-thumbnail size-thumbnail\" alt=\"\" \/><\/a>\n\t\t\t<\/dt><\/dl><br style=\"clear: both\" \/><dl class='gallery-item'>\n\t\t\t<dt class='gallery-icon landscape'>\n\t\t\t\t<a href='https:\/\/sdp-tesanj.org\/bs\/vaznost-cuvanja-i-njegovanja-ideja-antifasizma\/picture-146-2\/'><img loading=\"lazy\" decoding=\"async\" width=\"150\" height=\"150\" src=\"https:\/\/sdp-tesanj.org\/bs\/wp-content\/uploads\/Picture-1461-150x150.jpg\" class=\"attachment-thumbnail size-thumbnail\" alt=\"\" \/><\/a>\n\t\t\t<\/dt><\/dl><dl class='gallery-item'>\n\t\t\t<dt class='gallery-icon landscape'>\n\t\t\t\t<a href='https:\/\/sdp-tesanj.org\/bs\/vaznost-cuvanja-i-njegovanja-ideja-antifasizma\/picture-151\/'><img loading=\"lazy\" decoding=\"async\" width=\"150\" height=\"150\" src=\"https:\/\/sdp-tesanj.org\/bs\/wp-content\/uploads\/Picture-151-150x150.jpg\" class=\"attachment-thumbnail size-thumbnail\" alt=\"\" \/><\/a>\n\t\t\t<\/dt><\/dl><dl class='gallery-item'>\n\t\t\t<dt class='gallery-icon landscape'>\n\t\t\t\t<a href='https:\/\/sdp-tesanj.org\/bs\/vaznost-cuvanja-i-njegovanja-ideja-antifasizma\/picture-164-3\/'><img loading=\"lazy\" decoding=\"async\" width=\"150\" height=\"150\" src=\"https:\/\/sdp-tesanj.org\/bs\/wp-content\/uploads\/Picture-1642-150x150.jpg\" class=\"attachment-thumbnail size-thumbnail\" alt=\"\" \/><\/a>\n\t\t\t<\/dt><\/dl><br style=\"clear: both\" \/>\n\t\t<\/div>\n\n<p>&nbsp;<\/p>\n<p style=\"text-align: right;\"><strong> Komisija za informisanje<br \/>\n<\/strong><strong>Foruma mladih SDPBiH Te\u0161anj<\/strong><\/p>\n<p>&nbsp;<\/p>\n","protected":false},"excerpt":{"rendered":"<p>U povodu obilje\u017eavanja dana Dr\u017eavnosti Bosne i Hercegovine i 70-te godi\u0161njice Prvog zasjedanja ZAVNOBiH-a Socijaldemokratska partija Bosne i Hercegovine Te\u0161anj uprili\u010dila je \u00a0niz aktivnosti. U subotu 23. novembra organizovan je jednodnevni izlet u Mrkonji\u0107 Grad, kako bi prisustovali Centralnoj manifestaciji obilje\u017eavanja ovog zna\u010dajnog historijskog datuma. U ponedjeljak 25. novembra u organizaciji Foruma mladih KOSDPBiHZDK i [&hellip;]<\/p>\n","protected":false},"author":2,"featured_media":2584,"comment_status":"closed","ping_status":"closed","sticky":false,"template":"","format":"standard","meta":{"ngg_post_thumbnail":0,"footnotes":""},"categories":[21],"tags":[],"class_list":["post-2563","post","type-post","status-publish","format-standard","hentry","category-forum-mladih"],"_links":{"self":[{"href":"https:\/\/sdp-tesanj.org\/bs\/wp-json\/wp\/v2\/posts\/2563","targetHints":{"allow":["GET"]}}],"collection":[{"href":"https:\/\/sdp-tesanj.org\/bs\/wp-json\/wp\/v2\/posts"}],"about":[{"href":"https:\/\/sdp-tesanj.org\/bs\/wp-json\/wp\/v2\/types\/post"}],"author":[{"embeddable":true,"href":"https:\/\/sdp-tesanj.org\/bs\/wp-json\/wp\/v2\/users\/2"}],"replies":[{"embeddable":true,"href":"https:\/\/sdp-tesanj.org\/bs\/wp-json\/wp\/v2\/comments?post=2563"}],"version-history":[{"count":6,"href":"https:\/\/sdp-tesanj.org\/bs\/wp-json\/wp\/v2\/posts\/2563\/revisions"}],"predecessor-version":[{"id":2590,"href":"https:\/\/sdp-tesanj.org\/bs\/wp-json\/wp\/v2\/posts\/2563\/revisions\/2590"}],"wp:featuredmedia":[{"embeddable":true,"href":"https:\/\/sdp-tesanj.org\/bs\/wp-json\/wp\/v2\/media\/2584"}],"wp:attachment":[{"href":"https:\/\/sdp-tesanj.org\/bs\/wp-json\/wp\/v2\/media?parent=2563"}],"wp:term":[{"taxonomy":"category","embeddable":true,"href":"https:\/\/sdp-tesanj.org\/bs\/wp-json\/wp\/v2\/categories?post=2563"},{"taxonomy":"post_tag","embeddable":true,"href":"https:\/\/sdp-tesanj.org\/bs\/wp-json\/wp\/v2\/tags?post=2563"}],"curies":[{"name":"wp","href":"https:\/\/api.w.org\/{rel}","templated":true}]}}