{"id":2559,"date":"2013-11-23T12:21:39","date_gmt":"2013-11-23T11:21:39","guid":{"rendered":"https:\/\/sdp-tesanj.org\/bs\/?p=2559"},"modified":"2013-11-23T12:21:39","modified_gmt":"2013-11-23T11:21:39","slug":"sretan-rodendan-bosno-i-hercegovino","status":"publish","type":"post","link":"https:\/\/sdp-tesanj.org\/bs\/sretan-rodendan-bosno-i-hercegovino\/","title":{"rendered":"Sretan Ro\u0111endan Bosno i Hercegovino"},"content":{"rendered":"<div id=\"attachment_187\" style=\"width: 250px\" class=\"wp-caption alignleft\"><a href=\"https:\/\/sdp-tesanj.org\/bs\/wp-content\/uploads\/sdp-tesanj-WinCE.png\"><img loading=\"lazy\" decoding=\"async\" aria-describedby=\"caption-attachment-187\" class=\"size-full wp-image-187\" title=\"SDP Te\u0161anj\" src=\"https:\/\/sdp-tesanj.org\/bs\/wp-content\/uploads\/sdp-tesanj-WinCE.png\" alt=\"SDP Te\u0161anj\" width=\"240\" height=\"99\" \/><\/a><p id=\"caption-attachment-187\" class=\"wp-caption-text\">SDP Te\u0161anj<\/p><\/div>\n<p>25. novembra 2013. godine navr\u0161ava se 70 godina od Prvog zasjedanja ZAVNOBiH \u2013a.<\/p>\n<p>Te 1943. godine u te\u0161kim, ratnim, vremenima zajedni\u010dkim snagama svih naroda, koji \u017eive na ovom prostoru, udareni su temelji moderne bosanskohercegova\u010dke dr\u017eavnosti.<!--more--><\/p>\n<p>Danas, 70 godina kasnije na ovim prostorima vodi se novi, specijalni rat protiv Bosne i Hercegovine. Rat koji ima za cilj da doka\u017ee da Bosna i Hercegovina nije odr\u017eiva kao Dr\u017eava svih njenih gra\u0111ana i naroda, nego da je do\u0161lo vrijeme da se napokon realiziraju davno zacrtani planovi podjele Bosne i Hercegovine i stvaranje jednonacionalnih teritorija.<\/p>\n<p>Mi u Socijaldemokratskoj partiji Bosne i Hercegovine nikad nismo i ne\u0107emo prihvatiti ovakve ideje, niti \u0107emo u\u010destovati u pregovorima o ovim pitanjima.<\/p>\n<p>Na\u0161 stav je jasan podjela Bosne i Hercegovine ne dolazi u obzir.<\/p>\n<p>U ime Op\u0107inske organizacije SDPBiH Te\u0161anj i svoje osobno ime, svim istinskim patriotima u BiH, a posebno gra\u0111ankama i gra\u0111anima op\u0107ine Te\u0161anj, \u010destitamo 25. novembar-Dan ZAVNOBiH-a i Dr\u017eavnosti Bosne i Hercegovine.<\/p>\n<p>&nbsp;<\/p>\n<p>&nbsp;<\/p>\n<p style=\"text-align: right;\"><strong>Predsjednik OOSDPBiH Te\u0161anj<br \/>\n<\/strong><strong>dr. Sead Ro\u017eajac<\/strong><\/p>\n","protected":false},"excerpt":{"rendered":"<p>25. novembra 2013. godine navr\u0161ava se 70 godina od Prvog zasjedanja ZAVNOBiH \u2013a. Te 1943. godine u te\u0161kim, ratnim, vremenima zajedni\u010dkim snagama svih naroda, koji \u017eive na ovom prostoru, udareni su temelji moderne bosanskohercegova\u010dke dr\u017eavnosti.<\/p>\n","protected":false},"author":2,"featured_media":0,"comment_status":"closed","ping_status":"closed","sticky":false,"template":"","format":"standard","meta":{"ngg_post_thumbnail":0,"footnotes":""},"categories":[3],"tags":[],"class_list":["post-2559","post","type-post","status-publish","format-standard","hentry","category-vijesti"],"_links":{"self":[{"href":"https:\/\/sdp-tesanj.org\/bs\/wp-json\/wp\/v2\/posts\/2559","targetHints":{"allow":["GET"]}}],"collection":[{"href":"https:\/\/sdp-tesanj.org\/bs\/wp-json\/wp\/v2\/posts"}],"about":[{"href":"https:\/\/sdp-tesanj.org\/bs\/wp-json\/wp\/v2\/types\/post"}],"author":[{"embeddable":true,"href":"https:\/\/sdp-tesanj.org\/bs\/wp-json\/wp\/v2\/users\/2"}],"replies":[{"embeddable":true,"href":"https:\/\/sdp-tesanj.org\/bs\/wp-json\/wp\/v2\/comments?post=2559"}],"version-history":[{"count":2,"href":"https:\/\/sdp-tesanj.org\/bs\/wp-json\/wp\/v2\/posts\/2559\/revisions"}],"predecessor-version":[{"id":2561,"href":"https:\/\/sdp-tesanj.org\/bs\/wp-json\/wp\/v2\/posts\/2559\/revisions\/2561"}],"wp:attachment":[{"href":"https:\/\/sdp-tesanj.org\/bs\/wp-json\/wp\/v2\/media?parent=2559"}],"wp:term":[{"taxonomy":"category","embeddable":true,"href":"https:\/\/sdp-tesanj.org\/bs\/wp-json\/wp\/v2\/categories?post=2559"},{"taxonomy":"post_tag","embeddable":true,"href":"https:\/\/sdp-tesanj.org\/bs\/wp-json\/wp\/v2\/tags?post=2559"}],"curies":[{"name":"wp","href":"https:\/\/api.w.org\/{rel}","templated":true}]}}