{"id":2530,"date":"2013-11-21T19:25:05","date_gmt":"2013-11-21T18:25:05","guid":{"rendered":"https:\/\/sdp-tesanj.org\/bs\/?p=2530"},"modified":"2013-11-21T19:29:18","modified_gmt":"2013-11-21T18:29:18","slug":"izvjestajno-izborna-konferencija-oosdpbih-tesanj-zakazana-za-22-12-2013-godine","status":"publish","type":"post","link":"https:\/\/sdp-tesanj.org\/bs\/izvjestajno-izborna-konferencija-oosdpbih-tesanj-zakazana-za-22-12-2013-godine\/","title":{"rendered":"Izvje\u0161tajno-izborna konferencija OOSDPBiH Te\u0161anj zakazana za 22.12.2013. godine"},"content":{"rendered":"<div id=\"attachment_2532\" style=\"width: 256px\" class=\"wp-caption alignleft\"><a href=\"https:\/\/sdp-tesanj.org\/bs\/wp-content\/uploads\/Picture-0149.jpg\"><img loading=\"lazy\" decoding=\"async\" aria-describedby=\"caption-attachment-2532\" class=\"size-full wp-image-2532   \" title=\"Op\u0107inski odbor OO SBPBiH Te\u0161anj\" src=\"https:\/\/sdp-tesanj.org\/bs\/wp-content\/uploads\/Picture-0149.jpg\" alt=\"Op\u0107inski odbor OO SBPBiH Te\u0161anj\" width=\"246\" height=\"184\" \/><\/a><p id=\"caption-attachment-2532\" class=\"wp-caption-text\">Op\u0107inski odbor OO SBPBiH Te\u0161anj<\/p><\/div>\n<p>17. novembra teku\u0107e godine odr\u017eana je XII redovna sjednica Op\u0107inskog odbora SDPBiH Te\u0161anj. Na sjednici se izme\u0111u ostalog raspravljalo o:<\/p>\n<p>&#8211;\u00a0 Informaciji o stanju funkcionisanja vlasti na svim nivoima BiH.<\/p>\n<p>&#8211;\u00a0 Izmjenama i dopunama Odluke o organizovanju i radu Op\u0107inske organizacije SDPBiH<\/p>\n<p>Te\u0161anj.<\/p>\n<p>&#8211;\u00a0 Odluci o sazivanju Izvje\u0161tajno-izborne konferencije Op\u0107inske organizacije SDPBiH Te\u0161anj.<!--more--><\/p>\n<p><strong> <\/strong><\/p>\n<p>Informaciju za dr\u017eavni dio je iznjela Ermina Salki\u010devi\u0107 Dizdarevi\u0107, zamjenica ministra vanjske trgovine i ekonomskih odnosa Bosne i Hercegovine. O funkcionisanju vlasti na nivou Federacije Bosne i Hercegovine prisutne je upoznao federalni poslanik Senad Suba\u0161i\u0107. Ministrica za pravosu\u0111e i upravu u Vladi ZDK, Romana Brki\u0107, prezentovala je stanje u funkcionisanju vlasti na nivou ZDK.<\/p>\n<p>Na podru\u010dju op\u0107ine Te\u0161anj SDP djeluje kao opozicija, a o stanju u OV Te\u0161anj i radu Kluba vije\u0107nika SDP-a prisutne je upoznao Vedran Kaser, predsjednik Kluba.<\/p>\n<p><strong> <\/strong><\/p>\n<p>Pove\u0107anjem broja \u010dlanova SDPBiH, broja osnovnih organizacija SDP-a, kao i velikim brojem mladih koji pristupaju u SDPBiH, osjetila se potreba za izmjenom Odluke o organizovanju i radu Op\u0107inske organizacije SDPBiH Te\u0161anj, tako da je Op\u0107inski odbor SDPBiH Te\u0161anj donio jednoglasnu Odluku o pove\u0107anju broja \u010dlanova Op\u0107inskog odbora sa 40 na 50, kao i pove\u0107anje broja \u010dlanova Predsjedni\u0161tva\u00a0 SDPBiH Te\u0161anj sa 11 na 13.<\/p>\n<p>Zastupljenost mladih u organima SDP-a je pove\u0107ana sa 30% na minimalno 35%, \u0161to je svojevrsno priznanje mladima za njihovo zalaganje i dosada\u0161nje rezultate.<\/p>\n<p>Op\u0107inski odbor je usvojio i Odluku o sazivanju redovne Izvje\u0161tajno-izborne konferencije Op\u0107inske organizacije SDPBiH Te\u0161anj, koja \u0107e se odr\u017eati 22.12.2013. godine. Broj delegata koji \u0107e prisustvovati Konferenciji , iz svih 28 osnovnih organizacija SDP-a, je 112.<\/p>\n<p>Na kraju radnog dijela sjednice Op\u0107inskog odbora uslijedio je prijem novih \u010dlanova u SDPBiH.<\/p>\n<p><strong> <\/strong><\/p>\n<p><strong> <\/strong><\/p>\n\n\t\t<style type=\"text\/css\">\n\t\t\t#gallery-1 {\n\t\t\t\tmargin: auto;\n\t\t\t}\n\t\t\t#gallery-1 .gallery-item {\n\t\t\t\tfloat: left;\n\t\t\t\tmargin-top: 10px;\n\t\t\t\ttext-align: center;\n\t\t\t\twidth: 33%;\n\t\t\t}\n\t\t\t#gallery-1 img {\n\t\t\t\tborder: 2px solid #cfcfcf;\n\t\t\t}\n\t\t\t#gallery-1 .gallery-caption {\n\t\t\t\tmargin-left: 0;\n\t\t\t}\n\t\t\t\/* see gallery_shortcode() in wp-includes\/media.php *\/\n\t\t<\/style>\n\t\t<div id='gallery-1' class='gallery galleryid-2530 gallery-columns-3 gallery-size-thumbnail'><dl class='gallery-item'>\n\t\t\t<dt class='gallery-icon landscape'>\n\t\t\t\t<a href='https:\/\/sdp-tesanj.org\/bs\/izvjestajno-izborna-konferencija-oosdpbih-tesanj-zakazana-za-22-12-2013-godine\/picture-014-10\/'><img loading=\"lazy\" decoding=\"async\" width=\"150\" height=\"150\" src=\"https:\/\/sdp-tesanj.org\/bs\/wp-content\/uploads\/Picture-0149-150x150.jpg\" class=\"attachment-thumbnail size-thumbnail\" alt=\"Op\u0107inski odbor OO SBPBiH Te\u0161anj\" aria-describedby=\"gallery-1-2532\" \/><\/a>\n\t\t\t<\/dt>\n\t\t\t\t<dd class='wp-caption-text gallery-caption' id='gallery-1-2532'>\n\t\t\t\tOp\u0107inski odbor OO SBPBiH Te\u0161anj\n\t\t\t\t<\/dd><\/dl><dl class='gallery-item'>\n\t\t\t<dt class='gallery-icon landscape'>\n\t\t\t\t<a href='https:\/\/sdp-tesanj.org\/bs\/izvjestajno-izborna-konferencija-oosdpbih-tesanj-zakazana-za-22-12-2013-godine\/picture-008-11\/'><img loading=\"lazy\" decoding=\"async\" width=\"150\" height=\"150\" src=\"https:\/\/sdp-tesanj.org\/bs\/wp-content\/uploads\/Picture-00810-150x150.jpg\" class=\"attachment-thumbnail size-thumbnail\" alt=\"\" \/><\/a>\n\t\t\t<\/dt><\/dl><dl class='gallery-item'>\n\t\t\t<dt class='gallery-icon landscape'>\n\t\t\t\t<a href='https:\/\/sdp-tesanj.org\/bs\/izvjestajno-izborna-konferencija-oosdpbih-tesanj-zakazana-za-22-12-2013-godine\/picture-009-13\/'><img loading=\"lazy\" decoding=\"async\" width=\"150\" height=\"150\" src=\"https:\/\/sdp-tesanj.org\/bs\/wp-content\/uploads\/Picture-00912-150x150.jpg\" class=\"attachment-thumbnail size-thumbnail\" alt=\"\" \/><\/a>\n\t\t\t<\/dt><\/dl><br style=\"clear: both\" \/><dl class='gallery-item'>\n\t\t\t<dt class='gallery-icon landscape'>\n\t\t\t\t<a href='https:\/\/sdp-tesanj.org\/bs\/izvjestajno-izborna-konferencija-oosdpbih-tesanj-zakazana-za-22-12-2013-godine\/picture-013-10\/'><img loading=\"lazy\" decoding=\"async\" width=\"150\" height=\"150\" src=\"https:\/\/sdp-tesanj.org\/bs\/wp-content\/uploads\/Picture-0139-150x150.jpg\" class=\"attachment-thumbnail size-thumbnail\" alt=\"\" \/><\/a>\n\t\t\t<\/dt><\/dl><dl class='gallery-item'>\n\t\t\t<dt class='gallery-icon landscape'>\n\t\t\t\t<a href='https:\/\/sdp-tesanj.org\/bs\/izvjestajno-izborna-konferencija-oosdpbih-tesanj-zakazana-za-22-12-2013-godine\/picture-016-12\/'><img loading=\"lazy\" decoding=\"async\" width=\"150\" height=\"150\" src=\"https:\/\/sdp-tesanj.org\/bs\/wp-content\/uploads\/Picture-01611-150x150.jpg\" class=\"attachment-thumbnail size-thumbnail\" alt=\"\" \/><\/a>\n\t\t\t<\/dt><\/dl><dl class='gallery-item'>\n\t\t\t<dt class='gallery-icon landscape'>\n\t\t\t\t<a href='https:\/\/sdp-tesanj.org\/bs\/izvjestajno-izborna-konferencija-oosdpbih-tesanj-zakazana-za-22-12-2013-godine\/picture-017-7\/'><img loading=\"lazy\" decoding=\"async\" width=\"150\" height=\"150\" src=\"https:\/\/sdp-tesanj.org\/bs\/wp-content\/uploads\/Picture-0176-150x150.jpg\" class=\"attachment-thumbnail size-thumbnail\" alt=\"\" \/><\/a>\n\t\t\t<\/dt><\/dl><br style=\"clear: both\" \/><dl class='gallery-item'>\n\t\t\t<dt class='gallery-icon landscape'>\n\t\t\t\t<a href='https:\/\/sdp-tesanj.org\/bs\/izvjestajno-izborna-konferencija-oosdpbih-tesanj-zakazana-za-22-12-2013-godine\/picture-020-9\/'><img loading=\"lazy\" decoding=\"async\" width=\"150\" height=\"150\" src=\"https:\/\/sdp-tesanj.org\/bs\/wp-content\/uploads\/Picture-0208-150x150.jpg\" class=\"attachment-thumbnail size-thumbnail\" alt=\"\" \/><\/a>\n\t\t\t<\/dt><\/dl><dl class='gallery-item'>\n\t\t\t<dt class='gallery-icon landscape'>\n\t\t\t\t<a href='https:\/\/sdp-tesanj.org\/bs\/izvjestajno-izborna-konferencija-oosdpbih-tesanj-zakazana-za-22-12-2013-godine\/picture-022-4\/'><img loading=\"lazy\" decoding=\"async\" width=\"150\" height=\"150\" src=\"https:\/\/sdp-tesanj.org\/bs\/wp-content\/uploads\/Picture-0223-150x150.jpg\" class=\"attachment-thumbnail size-thumbnail\" alt=\"\" \/><\/a>\n\t\t\t<\/dt><\/dl><dl class='gallery-item'>\n\t\t\t<dt class='gallery-icon landscape'>\n\t\t\t\t<a href='https:\/\/sdp-tesanj.org\/bs\/izvjestajno-izborna-konferencija-oosdpbih-tesanj-zakazana-za-22-12-2013-godine\/picture-025-8\/'><img loading=\"lazy\" decoding=\"async\" width=\"150\" height=\"150\" src=\"https:\/\/sdp-tesanj.org\/bs\/wp-content\/uploads\/Picture-0257-150x150.jpg\" class=\"attachment-thumbnail size-thumbnail\" alt=\"\" \/><\/a>\n\t\t\t<\/dt><\/dl><br style=\"clear: both\" \/><dl class='gallery-item'>\n\t\t\t<dt class='gallery-icon landscape'>\n\t\t\t\t<a href='https:\/\/sdp-tesanj.org\/bs\/izvjestajno-izborna-konferencija-oosdpbih-tesanj-zakazana-za-22-12-2013-godine\/picture-026-7\/'><img loading=\"lazy\" decoding=\"async\" width=\"150\" height=\"150\" src=\"https:\/\/sdp-tesanj.org\/bs\/wp-content\/uploads\/Picture-0266-150x150.jpg\" class=\"attachment-thumbnail size-thumbnail\" alt=\"\" \/><\/a>\n\t\t\t<\/dt><\/dl><dl class='gallery-item'>\n\t\t\t<dt class='gallery-icon landscape'>\n\t\t\t\t<a href='https:\/\/sdp-tesanj.org\/bs\/izvjestajno-izborna-konferencija-oosdpbih-tesanj-zakazana-za-22-12-2013-godine\/picture-028-8\/'><img loading=\"lazy\" decoding=\"async\" width=\"150\" height=\"150\" src=\"https:\/\/sdp-tesanj.org\/bs\/wp-content\/uploads\/Picture-0287-150x150.jpg\" class=\"attachment-thumbnail size-thumbnail\" alt=\"\" \/><\/a>\n\t\t\t<\/dt><\/dl><dl class='gallery-item'>\n\t\t\t<dt class='gallery-icon landscape'>\n\t\t\t\t<a href='https:\/\/sdp-tesanj.org\/bs\/izvjestajno-izborna-konferencija-oosdpbih-tesanj-zakazana-za-22-12-2013-godine\/picture-029-6\/'><img loading=\"lazy\" decoding=\"async\" width=\"150\" height=\"150\" src=\"https:\/\/sdp-tesanj.org\/bs\/wp-content\/uploads\/Picture-0295-150x150.jpg\" class=\"attachment-thumbnail size-thumbnail\" alt=\"\" \/><\/a>\n\t\t\t<\/dt><\/dl><br style=\"clear: both\" \/><dl class='gallery-item'>\n\t\t\t<dt class='gallery-icon landscape'>\n\t\t\t\t<a href='https:\/\/sdp-tesanj.org\/bs\/izvjestajno-izborna-konferencija-oosdpbih-tesanj-zakazana-za-22-12-2013-godine\/picture-032-3\/'><img loading=\"lazy\" decoding=\"async\" width=\"150\" height=\"150\" src=\"https:\/\/sdp-tesanj.org\/bs\/wp-content\/uploads\/Picture-0322-150x150.jpg\" class=\"attachment-thumbnail size-thumbnail\" alt=\"\" \/><\/a>\n\t\t\t<\/dt><\/dl><dl class='gallery-item'>\n\t\t\t<dt class='gallery-icon landscape'>\n\t\t\t\t<a href='https:\/\/sdp-tesanj.org\/bs\/izvjestajno-izborna-konferencija-oosdpbih-tesanj-zakazana-za-22-12-2013-godine\/picture-036-7\/'><img loading=\"lazy\" decoding=\"async\" width=\"150\" height=\"150\" src=\"https:\/\/sdp-tesanj.org\/bs\/wp-content\/uploads\/Picture-0366-150x150.jpg\" class=\"attachment-thumbnail size-thumbnail\" alt=\"\" \/><\/a>\n\t\t\t<\/dt><\/dl><dl class='gallery-item'>\n\t\t\t<dt class='gallery-icon landscape'>\n\t\t\t\t<a href='https:\/\/sdp-tesanj.org\/bs\/izvjestajno-izborna-konferencija-oosdpbih-tesanj-zakazana-za-22-12-2013-godine\/picture-038-3\/'><img loading=\"lazy\" decoding=\"async\" width=\"150\" height=\"150\" src=\"https:\/\/sdp-tesanj.org\/bs\/wp-content\/uploads\/Picture-0382-150x150.jpg\" class=\"attachment-thumbnail size-thumbnail\" alt=\"\" \/><\/a>\n\t\t\t<\/dt><\/dl><br style=\"clear: both\" \/><dl class='gallery-item'>\n\t\t\t<dt class='gallery-icon portrait'>\n\t\t\t\t<a href='https:\/\/sdp-tesanj.org\/bs\/izvjestajno-izborna-konferencija-oosdpbih-tesanj-zakazana-za-22-12-2013-godine\/picture-040-4\/'><img loading=\"lazy\" decoding=\"async\" width=\"150\" height=\"150\" src=\"https:\/\/sdp-tesanj.org\/bs\/wp-content\/uploads\/Picture-0403-150x150.jpg\" class=\"attachment-thumbnail size-thumbnail\" alt=\"\" \/><\/a>\n\t\t\t<\/dt><\/dl><dl class='gallery-item'>\n\t\t\t<dt class='gallery-icon landscape'>\n\t\t\t\t<a href='https:\/\/sdp-tesanj.org\/bs\/izvjestajno-izborna-konferencija-oosdpbih-tesanj-zakazana-za-22-12-2013-godine\/picture-042-2\/'><img loading=\"lazy\" decoding=\"async\" width=\"150\" height=\"150\" src=\"https:\/\/sdp-tesanj.org\/bs\/wp-content\/uploads\/Picture-0421-150x150.jpg\" class=\"attachment-thumbnail size-thumbnail\" alt=\"\" \/><\/a>\n\t\t\t<\/dt><\/dl><dl class='gallery-item'>\n\t\t\t<dt class='gallery-icon landscape'>\n\t\t\t\t<a href='https:\/\/sdp-tesanj.org\/bs\/izvjestajno-izborna-konferencija-oosdpbih-tesanj-zakazana-za-22-12-2013-godine\/picture-045-5\/'><img loading=\"lazy\" decoding=\"async\" width=\"150\" height=\"150\" src=\"https:\/\/sdp-tesanj.org\/bs\/wp-content\/uploads\/Picture-0454-150x150.jpg\" class=\"attachment-thumbnail size-thumbnail\" alt=\"\" \/><\/a>\n\t\t\t<\/dt><\/dl><br style=\"clear: both\" \/><dl class='gallery-item'>\n\t\t\t<dt class='gallery-icon landscape'>\n\t\t\t\t<a href='https:\/\/sdp-tesanj.org\/bs\/izvjestajno-izborna-konferencija-oosdpbih-tesanj-zakazana-za-22-12-2013-godine\/picture-046-4\/'><img loading=\"lazy\" decoding=\"async\" width=\"150\" height=\"150\" src=\"https:\/\/sdp-tesanj.org\/bs\/wp-content\/uploads\/Picture-0463-150x150.jpg\" class=\"attachment-thumbnail size-thumbnail\" alt=\"\" \/><\/a>\n\t\t\t<\/dt><\/dl><dl class='gallery-item'>\n\t\t\t<dt class='gallery-icon landscape'>\n\t\t\t\t<a href='https:\/\/sdp-tesanj.org\/bs\/izvjestajno-izborna-konferencija-oosdpbih-tesanj-zakazana-za-22-12-2013-godine\/picture-047-4\/'><img loading=\"lazy\" decoding=\"async\" width=\"150\" height=\"150\" src=\"https:\/\/sdp-tesanj.org\/bs\/wp-content\/uploads\/Picture-0473-150x150.jpg\" class=\"attachment-thumbnail size-thumbnail\" alt=\"\" \/><\/a>\n\t\t\t<\/dt><\/dl><dl class='gallery-item'>\n\t\t\t<dt class='gallery-icon landscape'>\n\t\t\t\t<a href='https:\/\/sdp-tesanj.org\/bs\/izvjestajno-izborna-konferencija-oosdpbih-tesanj-zakazana-za-22-12-2013-godine\/picture-049-4\/'><img loading=\"lazy\" decoding=\"async\" width=\"150\" height=\"150\" src=\"https:\/\/sdp-tesanj.org\/bs\/wp-content\/uploads\/Picture-0493-150x150.jpg\" class=\"attachment-thumbnail size-thumbnail\" alt=\"\" \/><\/a>\n\t\t\t<\/dt><\/dl><br style=\"clear: both\" \/>\n\t\t<\/div>\n\n<p>&nbsp;<\/p>\n<p style=\"text-align: right;\"><strong>Komisija za informisanje<\/strong><strong><br \/>\nOOSDPBiH Te\u0161anj<\/strong><\/p>\n","protected":false},"excerpt":{"rendered":"<p>17. novembra teku\u0107e godine odr\u017eana je XII redovna sjednica Op\u0107inskog odbora SDPBiH Te\u0161anj. Na sjednici se izme\u0111u ostalog raspravljalo o: &#8211;\u00a0 Informaciji o stanju funkcionisanja vlasti na svim nivoima BiH. &#8211;\u00a0 Izmjenama i dopunama Odluke o organizovanju i radu Op\u0107inske organizacije SDPBiH Te\u0161anj. &#8211;\u00a0 Odluci o sazivanju Izvje\u0161tajno-izborne konferencije Op\u0107inske organizacije SDPBiH Te\u0161anj.<\/p>\n","protected":false},"author":2,"featured_media":2552,"comment_status":"closed","ping_status":"closed","sticky":false,"template":"","format":"standard","meta":{"ngg_post_thumbnail":0,"footnotes":""},"categories":[1],"tags":[],"class_list":["post-2530","post","type-post","status-publish","format-standard","hentry","category-nekategorisano"],"_links":{"self":[{"href":"https:\/\/sdp-tesanj.org\/bs\/wp-json\/wp\/v2\/posts\/2530","targetHints":{"allow":["GET"]}}],"collection":[{"href":"https:\/\/sdp-tesanj.org\/bs\/wp-json\/wp\/v2\/posts"}],"about":[{"href":"https:\/\/sdp-tesanj.org\/bs\/wp-json\/wp\/v2\/types\/post"}],"author":[{"embeddable":true,"href":"https:\/\/sdp-tesanj.org\/bs\/wp-json\/wp\/v2\/users\/2"}],"replies":[{"embeddable":true,"href":"https:\/\/sdp-tesanj.org\/bs\/wp-json\/wp\/v2\/comments?post=2530"}],"version-history":[{"count":6,"href":"https:\/\/sdp-tesanj.org\/bs\/wp-json\/wp\/v2\/posts\/2530\/revisions"}],"predecessor-version":[{"id":2558,"href":"https:\/\/sdp-tesanj.org\/bs\/wp-json\/wp\/v2\/posts\/2530\/revisions\/2558"}],"wp:featuredmedia":[{"embeddable":true,"href":"https:\/\/sdp-tesanj.org\/bs\/wp-json\/wp\/v2\/media\/2552"}],"wp:attachment":[{"href":"https:\/\/sdp-tesanj.org\/bs\/wp-json\/wp\/v2\/media?parent=2530"}],"wp:term":[{"taxonomy":"category","embeddable":true,"href":"https:\/\/sdp-tesanj.org\/bs\/wp-json\/wp\/v2\/categories?post=2530"},{"taxonomy":"post_tag","embeddable":true,"href":"https:\/\/sdp-tesanj.org\/bs\/wp-json\/wp\/v2\/tags?post=2530"}],"curies":[{"name":"wp","href":"https:\/\/api.w.org\/{rel}","templated":true}]}}