{"id":2526,"date":"2013-11-13T07:56:17","date_gmt":"2013-11-13T06:56:17","guid":{"rendered":"https:\/\/sdp-tesanj.org\/bs\/?p=2526"},"modified":"2013-11-13T07:56:17","modified_gmt":"2013-11-13T06:56:17","slug":"gradani-opcine-tesanj-ne-mogu-niti-smiju-biti-taoci-ili-kolateral","status":"publish","type":"post","link":"https:\/\/sdp-tesanj.org\/bs\/gradani-opcine-tesanj-ne-mogu-niti-smiju-biti-taoci-ili-kolateral\/","title":{"rendered":"Gra\u0111ani op\u0107ine Te\u0161anj ne mogu, niti smiju, biti taoci ili kolateral"},"content":{"rendered":"<div id=\"attachment_187\" style=\"width: 250px\" class=\"wp-caption alignleft\"><a href=\"https:\/\/sdp-tesanj.org\/bs\/wp-content\/uploads\/sdp-tesanj-WinCE.png\"><img loading=\"lazy\" decoding=\"async\" aria-describedby=\"caption-attachment-187\" class=\"size-full wp-image-187\" title=\"SDP Te\u0161anj\" src=\"https:\/\/sdp-tesanj.org\/bs\/wp-content\/uploads\/sdp-tesanj-WinCE.png\" alt=\"SDP Te\u0161anj\" width=\"240\" height=\"99\" \/><\/a><p id=\"caption-attachment-187\" class=\"wp-caption-text\">SDP Te\u0161anj<\/p><\/div>\n<p>Poznat nam je li\u010dni doprinos gospodina Mehmedovi\u0107a tokom ratnih dejstava, kao, i njegov poratni doprinos dat kroz anga\u017eovanje u politi\u010dkoj i izvr\u0161noj vlasti i smatramo krajnje neprimjerenim njegovo isturanje op\u0107ine Te\u0161anj i svih njenih gra\u0111ana, a i regije u cjelini kao strane u procesu ili procesima koji se odnose na njega kao pojedinca.<!--more--><\/p>\n<p>Smatramo vrlo neprimjerenim i nekorektnim nereagovanje organa op\u0107inskih struktura, prije svega Na\u010delnika op\u0107ine Te\u0161anj, kao i Predsjedavaju\u0107eg Op\u0107inskog vije\u0107a Te\u0161anj, jer se cijelo podru\u010dje op\u0107ine Te\u0161anj istura kao strana u procesu i daje joj se negativan kontekst.<\/p>\n<p>Vjerujemo u nevinost svakoga, pi i gospodina Mehmedovi\u0107a, sve dok se u legalno vo\u0111enom postupku ili postupcima legalnih organa Dr\u017eave Bosne i Hercegovine njegova eventualna krivnja ne doka\u017ee ili optu\u017ebe ne odbace. Ali isto tako o\u010dekujemo i njegovu odgovornost prema ovoj sredini, prema op\u0107ini i gra\u0111anima Te\u0161nja, kao i njegov moralni dignitet koji ne bi trebao dozvoliti da se konsekvence ovih doga\u0111anja prenesu na nedu\u017ene i da cijela op\u0107ina bude kolateralna \u0161teta.<\/p>\n<p>U istupanjima gospodina Mehmedovi\u0107a vi\u0161e puta je u negativnom kontekstu navo\u0111en i SDPBiH kao inicijator ili suincijator doga\u0111anja koja su dovela do pokrenutih postupaka\u00a0 protiv gospodina Mehmedovi\u0107a, pa ovim putem javno ponavljamo na\u0161 poznati princip da smo za vladavinu prava zakona i li\u010dne odgovornosti za postupke i djela, bez obzira na koga se odnosilo, ali isto tako osu\u0111ujemo neargumentovano prozivanje i SDPBiH, jer iz dosada\u0161njih doga\u0111anja je evidentno da je inicijator\u00a0 ili aktivator de\u0161avanja me\u0111uljudski sukob i razra\u010dunavanje unutar same SDA, pa i SDA Te\u0161nja.<\/p>\n<p>Po\u0161tujemo strana\u010dku pripadnost i kolegijalnost gospodina Suada Huski\u0107a, Na\u010delnika Op\u0107ine Te\u0161anj, kao i gospodina Fuada \u0160i\u0161i\u0107a, predsjedavaju\u0107eg OV Te\u0161anj, ali isto tako tra\u017eimo njihov profesionalni odnos prema poslu koji obavljaju i za koji su pla\u0107eni i da preduzmu sve neophodne aktivnosti da za\u0161ite sve gra\u0111ane, jer ovo nije i nisu procesi protiv op\u0107ine Te\u0161anj i njegovih gra\u0111ana, kako ih predstavlja gospodin Mehmedovi\u0107, ovo je postupak protiv pojedinca ili pojedinaca i kao takav treba biti i javno prezentiran i profesionalno tretiran od strana svih organa politi\u010dke i izvr\u0161ne vlasti, ne samo u Te\u0161nju, ve\u0107 i u BiH.<\/p>\n<p>Ponosni smo na na\u0161u op\u0107inu, na njenu ulogu tokom agresije, na svakog pojedinca koji je dao doprinos odbrani, za ekonomski prosperitet Te\u0161nja, na svakog pojedinca koji je na bilo koji na\u010din dao doprinos\u00a0 tom prosperitetu, ali isto tako na\u0161a op\u0107ina Te\u0161anj je op\u0107ina svih nas i svima treba biti iznad bilo kog pojedinca i niko nema pravo \u010ditavu op\u0107inu podrediti svojoj trenutnoj potrebi bez obzira na vlastito mi\u0161ljenje o obimu li\u010dnog doprinosa op\u0107ini ili o vlastitoj zasluzi za op\u0107inu, ratna i poratna de\u0161avanja vezana za Te\u0161anj.<\/p>\n<p>Vjerujemo u pravni sistem dr\u017eave BiH, \u017eelimo da pravo i pravda pobjede, ali u tom procesu gra\u0111ani op\u0107ine Te\u0161anj ne mogu, niti smiju, biti taoci ili kolateral.<\/p>\n<p>&nbsp;<\/p>\n<p>&nbsp;<\/p>\n<p><strong> <\/strong><\/p>\n<p><strong> <\/strong><\/p>\n<p style=\"text-align: right;\"><strong> Predsjedni\u0161tvo OOSDPBiH Te\u0161anj<\/strong><\/p>\n","protected":false},"excerpt":{"rendered":"<p>Poznat nam je li\u010dni doprinos gospodina Mehmedovi\u0107a tokom ratnih dejstava, kao, i njegov poratni doprinos dat kroz anga\u017eovanje u politi\u010dkoj i izvr\u0161noj vlasti i smatramo krajnje neprimjerenim njegovo isturanje op\u0107ine Te\u0161anj i svih njenih gra\u0111ana, a i regije u cjelini kao strane u procesu ili procesima koji se odnose na njega kao pojedinca.<\/p>\n","protected":false},"author":2,"featured_media":0,"comment_status":"closed","ping_status":"closed","sticky":false,"template":"","format":"standard","meta":{"ngg_post_thumbnail":0,"footnotes":""},"categories":[3],"tags":[],"class_list":["post-2526","post","type-post","status-publish","format-standard","hentry","category-vijesti"],"_links":{"self":[{"href":"https:\/\/sdp-tesanj.org\/bs\/wp-json\/wp\/v2\/posts\/2526","targetHints":{"allow":["GET"]}}],"collection":[{"href":"https:\/\/sdp-tesanj.org\/bs\/wp-json\/wp\/v2\/posts"}],"about":[{"href":"https:\/\/sdp-tesanj.org\/bs\/wp-json\/wp\/v2\/types\/post"}],"author":[{"embeddable":true,"href":"https:\/\/sdp-tesanj.org\/bs\/wp-json\/wp\/v2\/users\/2"}],"replies":[{"embeddable":true,"href":"https:\/\/sdp-tesanj.org\/bs\/wp-json\/wp\/v2\/comments?post=2526"}],"version-history":[{"count":2,"href":"https:\/\/sdp-tesanj.org\/bs\/wp-json\/wp\/v2\/posts\/2526\/revisions"}],"predecessor-version":[{"id":2528,"href":"https:\/\/sdp-tesanj.org\/bs\/wp-json\/wp\/v2\/posts\/2526\/revisions\/2528"}],"wp:attachment":[{"href":"https:\/\/sdp-tesanj.org\/bs\/wp-json\/wp\/v2\/media?parent=2526"}],"wp:term":[{"taxonomy":"category","embeddable":true,"href":"https:\/\/sdp-tesanj.org\/bs\/wp-json\/wp\/v2\/categories?post=2526"},{"taxonomy":"post_tag","embeddable":true,"href":"https:\/\/sdp-tesanj.org\/bs\/wp-json\/wp\/v2\/tags?post=2526"}],"curies":[{"name":"wp","href":"https:\/\/api.w.org\/{rel}","templated":true}]}}