{"id":2513,"date":"2013-11-07T23:12:17","date_gmt":"2013-11-07T22:12:17","guid":{"rendered":"https:\/\/sdp-tesanj.org\/bs\/?p=2513"},"modified":"2013-11-07T23:12:47","modified_gmt":"2013-11-07T22:12:47","slug":"predsjednica-foruma-mladih-sdpbih-tesanj-irnela-colic-ucestvovala-na-treningu-trenera-za-politicku-skolu-socijaldemokratije","status":"publish","type":"post","link":"https:\/\/sdp-tesanj.org\/bs\/predsjednica-foruma-mladih-sdpbih-tesanj-irnela-colic-ucestvovala-na-treningu-trenera-za-politicku-skolu-socijaldemokratije\/","title":{"rendered":"Predsjednica Foruma mladih SDPBiH Te\u0161anj, Irnela \u010coli\u0107 u\u010destvovala na Treningu trenera za Politi\u010dku \u0161kolu socijaldemokratije"},"content":{"rendered":"<div id=\"attachment_2514\" style=\"width: 253px\" class=\"wp-caption alignleft\"><a href=\"https:\/\/sdp-tesanj.org\/bs\/wp-content\/uploads\/9.png\"><img loading=\"lazy\" decoding=\"async\" aria-describedby=\"caption-attachment-2514\" class=\"size-medium wp-image-2514     \" title=\"Politi\u010dka \u0161kola\" src=\"https:\/\/sdp-tesanj.org\/bs\/wp-content\/uploads\/9-640x350.png\" alt=\"Politi\u010dka \u0161kola\" width=\"243\" height=\"133\" srcset=\"https:\/\/sdp-tesanj.org\/bs\/wp-content\/uploads\/9-640x350.png 640w, https:\/\/sdp-tesanj.org\/bs\/wp-content\/uploads\/9.png 960w\" sizes=\"auto, (max-width: 243px) 100vw, 243px\" \/><\/a><p id=\"caption-attachment-2514\" class=\"wp-caption-text\">Politi\u010dka \u0161kola<\/p><\/div>\n<p>26. i 27. oktobra Forum lijeve inicijative (FLI), uz podr\u0161ku Olof Palme me\u0111unarodnog centra, u Sarajevu je organizovao <strong><em>Trening trenera za Politi\u010dku \u0161kolu socijaldemokratije<\/em><\/strong>. Na treningu su u\u010destvovali\u00a0 mladi aktivisti i aktivistice politi\u010dkih partija lijeve orijentacije i organizacija civilnog dru\u0161tva iz cijele Bosne i Hercegovine, a Op\u0107insku organizaciju Foruma mladih SDPBiH Te\u0161anj je predstavljala <strong>Irnela \u010coli\u0107<\/strong>, Predsjednica Izvr\u0161nog odbora FOMSDPBiH Te\u0161anj.<\/p>\n<p>Od 150 prijavljenih kandidata, njih 15 je dobilo priliku da postanu treneri, te da tako nastave \u0161iriti ideje socijaldemokratije u svojim lokalnim zajednicama i dru\u0161tvenim krugovima.<!--more--><\/p>\n<p>Tokom dvodnevnog treninga govorilo se o osnovama socijaldemokratije i politi\u010dkom aktivizmu, o metodologiji uspje\u0161nog predavanja i izboru najboljih metoda za izvo\u0111enje samostalnih treninga, te procesu u\u010denja i na\u010dinima preno\u0161enja znanja. Predava\u010di su bili <strong>Sa\u0161a Madacki, Selma Mehmedi\u0107 D\u017eonli\u0107<\/strong> i <strong>Malik Garibija<\/strong>.<\/p>\n<p>U\u010desnici i u\u010desnice treninga su imali priliku da na osnovu ste\u010denih znanja i vje\u0161tina tokom trajanja treninga, izvedu i vlastite prezentacije o temama koje su samostalno izabrali, te nakon izvo\u0111enja istih diskutuju o vje\u0161tinama koje treba da posjeduje i da uvje\u017ebava svaki trener.<\/p>\n<p>Ovom prilikom se zahvaljujemo Jeleni Peki\u0107 i Forumu lijeve inicijative koji svojim aktivnostima doprinose razvoju politi\u010dke kulture u Bosni i Hercegovini, razumijevanju, prihvatanju i podr\u017eavanju politika, programa i mjera, utemeljenih na socijaldemokratskim vrijednostima i principima.<\/p>\n<p>Vise o FLI na: <a href=\"http:\/\/www.fli.ba\/\">http:\/\/www.fli.ba\/<\/a><\/p>\n<p>&nbsp;<\/p>\n\n\t\t<style type=\"text\/css\">\n\t\t\t#gallery-1 {\n\t\t\t\tmargin: auto;\n\t\t\t}\n\t\t\t#gallery-1 .gallery-item {\n\t\t\t\tfloat: left;\n\t\t\t\tmargin-top: 10px;\n\t\t\t\ttext-align: center;\n\t\t\t\twidth: 50%;\n\t\t\t}\n\t\t\t#gallery-1 img {\n\t\t\t\tborder: 2px solid #cfcfcf;\n\t\t\t}\n\t\t\t#gallery-1 .gallery-caption {\n\t\t\t\tmargin-left: 0;\n\t\t\t}\n\t\t\t\/* see gallery_shortcode() in wp-includes\/media.php *\/\n\t\t<\/style>\n\t\t<div id='gallery-1' class='gallery galleryid-2513 gallery-columns-2 gallery-size-thumbnail'><dl class='gallery-item'>\n\t\t\t<dt class='gallery-icon landscape'>\n\t\t\t\t<a href='https:\/\/sdp-tesanj.org\/bs\/predsjednica-foruma-mladih-sdpbih-tesanj-irnela-colic-ucestvovala-na-treningu-trenera-za-politicku-skolu-socijaldemokratije\/attachment\/9\/'><img loading=\"lazy\" decoding=\"async\" width=\"150\" height=\"150\" src=\"https:\/\/sdp-tesanj.org\/bs\/wp-content\/uploads\/9-150x150.png\" class=\"attachment-thumbnail size-thumbnail\" alt=\"Politi\u010dka \u0161kola\" aria-describedby=\"gallery-1-2514\" \/><\/a>\n\t\t\t<\/dt>\n\t\t\t\t<dd class='wp-caption-text gallery-caption' id='gallery-1-2514'>\n\t\t\t\tPoliti\u010dka \u0161kola\n\t\t\t\t<\/dd><\/dl><dl class='gallery-item'>\n\t\t\t<dt class='gallery-icon landscape'>\n\t\t\t\t<a href='https:\/\/sdp-tesanj.org\/bs\/predsjednica-foruma-mladih-sdpbih-tesanj-irnela-colic-ucestvovala-na-treningu-trenera-za-politicku-skolu-socijaldemokratije\/10574518486_50d7687f41_c\/'><img loading=\"lazy\" decoding=\"async\" width=\"150\" height=\"150\" src=\"https:\/\/sdp-tesanj.org\/bs\/wp-content\/uploads\/10574518486_50d7687f41_c-150x150.jpg\" class=\"attachment-thumbnail size-thumbnail\" alt=\"\" \/><\/a>\n\t\t\t<\/dt><\/dl><br style=\"clear: both\" \/><dl class='gallery-item'>\n\t\t\t<dt class='gallery-icon landscape'>\n\t\t\t\t<a href='https:\/\/sdp-tesanj.org\/bs\/predsjednica-foruma-mladih-sdpbih-tesanj-irnela-colic-ucestvovala-na-treningu-trenera-za-politicku-skolu-socijaldemokratije\/10574741274_e474c8a23b_c\/'><img loading=\"lazy\" decoding=\"async\" width=\"150\" height=\"150\" src=\"https:\/\/sdp-tesanj.org\/bs\/wp-content\/uploads\/10574741274_e474c8a23b_c-150x150.jpg\" class=\"attachment-thumbnail size-thumbnail\" alt=\"\" \/><\/a>\n\t\t\t<\/dt><\/dl><dl class='gallery-item'>\n\t\t\t<dt class='gallery-icon landscape'>\n\t\t\t\t<a href='https:\/\/sdp-tesanj.org\/bs\/predsjednica-foruma-mladih-sdpbih-tesanj-irnela-colic-ucestvovala-na-treningu-trenera-za-politicku-skolu-socijaldemokratije\/10574826153_d92831f0dd_c\/'><img loading=\"lazy\" decoding=\"async\" width=\"150\" height=\"150\" src=\"https:\/\/sdp-tesanj.org\/bs\/wp-content\/uploads\/10574826153_d92831f0dd_c-150x150.jpg\" class=\"attachment-thumbnail size-thumbnail\" alt=\"\" \/><\/a>\n\t\t\t<\/dt><\/dl><br style=\"clear: both\" \/><dl class='gallery-item'>\n\t\t\t<dt class='gallery-icon landscape'>\n\t\t\t\t<a href='https:\/\/sdp-tesanj.org\/bs\/predsjednica-foruma-mladih-sdpbih-tesanj-irnela-colic-ucestvovala-na-treningu-trenera-za-politicku-skolu-socijaldemokratije\/10575488923_a9fbf23e65_c\/'><img loading=\"lazy\" decoding=\"async\" width=\"150\" height=\"150\" src=\"https:\/\/sdp-tesanj.org\/bs\/wp-content\/uploads\/10575488923_a9fbf23e65_c-150x150.jpg\" class=\"attachment-thumbnail size-thumbnail\" alt=\"\" \/><\/a>\n\t\t\t<\/dt><\/dl><dl class='gallery-item'>\n\t\t\t<dt class='gallery-icon landscape'>\n\t\t\t\t<a href='https:\/\/sdp-tesanj.org\/bs\/predsjednica-foruma-mladih-sdpbih-tesanj-irnela-colic-ucestvovala-na-treningu-trenera-za-politicku-skolu-socijaldemokratije\/10575611823_b342a659c8_c-1\/'><img loading=\"lazy\" decoding=\"async\" width=\"150\" height=\"150\" src=\"https:\/\/sdp-tesanj.org\/bs\/wp-content\/uploads\/10575611823_b342a659c8_c-1-150x150.jpg\" class=\"attachment-thumbnail size-thumbnail\" alt=\"\" \/><\/a>\n\t\t\t<\/dt><\/dl><br style=\"clear: both\" \/><dl class='gallery-item'>\n\t\t\t<dt class='gallery-icon landscape'>\n\t\t\t\t<a href='https:\/\/sdp-tesanj.org\/bs\/predsjednica-foruma-mladih-sdpbih-tesanj-irnela-colic-ucestvovala-na-treningu-trenera-za-politicku-skolu-socijaldemokratije\/10575893216_f0da526e34_c\/'><img loading=\"lazy\" decoding=\"async\" width=\"150\" height=\"150\" src=\"https:\/\/sdp-tesanj.org\/bs\/wp-content\/uploads\/10575893216_f0da526e34_c-150x150.jpg\" class=\"attachment-thumbnail size-thumbnail\" alt=\"\" \/><\/a>\n\t\t\t<\/dt><\/dl><dl class='gallery-item'>\n\t\t\t<dt class='gallery-icon landscape'>\n\t\t\t\t<a href='https:\/\/sdp-tesanj.org\/bs\/predsjednica-foruma-mladih-sdpbih-tesanj-irnela-colic-ucestvovala-na-treningu-trenera-za-politicku-skolu-socijaldemokratije\/10576880516_b5cfbab4c5_c\/'><img loading=\"lazy\" decoding=\"async\" width=\"150\" height=\"150\" src=\"https:\/\/sdp-tesanj.org\/bs\/wp-content\/uploads\/10576880516_b5cfbab4c5_c-150x150.jpg\" class=\"attachment-thumbnail size-thumbnail\" alt=\"\" \/><\/a>\n\t\t\t<\/dt><\/dl><br style=\"clear: both\" \/>\n\t\t<\/div>\n\n<p>&nbsp;<\/p>\n<p style=\"text-align: right;\"><strong> Komisija za informisanje<br \/>\nForuma mladih SDPBiH Te\u0161anj<\/strong><\/p>\n","protected":false},"excerpt":{"rendered":"<p>26. i 27. oktobra Forum lijeve inicijative (FLI), uz podr\u0161ku Olof Palme me\u0111unarodnog centra, u Sarajevu je organizovao Trening trenera za Politi\u010dku \u0161kolu socijaldemokratije. Na treningu su u\u010destvovali\u00a0 mladi aktivisti i aktivistice politi\u010dkih partija lijeve orijentacije i organizacija civilnog dru\u0161tva iz cijele Bosne i Hercegovine, a Op\u0107insku organizaciju Foruma mladih SDPBiH Te\u0161anj je predstavljala Irnela [&hellip;]<\/p>\n","protected":false},"author":2,"featured_media":2521,"comment_status":"closed","ping_status":"closed","sticky":false,"template":"","format":"standard","meta":{"ngg_post_thumbnail":0,"footnotes":""},"categories":[21],"tags":[],"class_list":["post-2513","post","type-post","status-publish","format-standard","hentry","category-forum-mladih"],"_links":{"self":[{"href":"https:\/\/sdp-tesanj.org\/bs\/wp-json\/wp\/v2\/posts\/2513","targetHints":{"allow":["GET"]}}],"collection":[{"href":"https:\/\/sdp-tesanj.org\/bs\/wp-json\/wp\/v2\/posts"}],"about":[{"href":"https:\/\/sdp-tesanj.org\/bs\/wp-json\/wp\/v2\/types\/post"}],"author":[{"embeddable":true,"href":"https:\/\/sdp-tesanj.org\/bs\/wp-json\/wp\/v2\/users\/2"}],"replies":[{"embeddable":true,"href":"https:\/\/sdp-tesanj.org\/bs\/wp-json\/wp\/v2\/comments?post=2513"}],"version-history":[{"count":4,"href":"https:\/\/sdp-tesanj.org\/bs\/wp-json\/wp\/v2\/posts\/2513\/revisions"}],"predecessor-version":[{"id":2525,"href":"https:\/\/sdp-tesanj.org\/bs\/wp-json\/wp\/v2\/posts\/2513\/revisions\/2525"}],"wp:featuredmedia":[{"embeddable":true,"href":"https:\/\/sdp-tesanj.org\/bs\/wp-json\/wp\/v2\/media\/2521"}],"wp:attachment":[{"href":"https:\/\/sdp-tesanj.org\/bs\/wp-json\/wp\/v2\/media?parent=2513"}],"wp:term":[{"taxonomy":"category","embeddable":true,"href":"https:\/\/sdp-tesanj.org\/bs\/wp-json\/wp\/v2\/categories?post=2513"},{"taxonomy":"post_tag","embeddable":true,"href":"https:\/\/sdp-tesanj.org\/bs\/wp-json\/wp\/v2\/tags?post=2513"}],"curies":[{"name":"wp","href":"https:\/\/api.w.org\/{rel}","templated":true}]}}