{"id":2466,"date":"2013-10-25T19:13:45","date_gmt":"2013-10-25T17:13:45","guid":{"rendered":"https:\/\/sdp-tesanj.org\/bs\/?p=2466"},"modified":"2013-10-25T19:13:45","modified_gmt":"2013-10-25T17:13:45","slug":"mirela-buljubasic-prisustvovala-regionalnoj-konferenciji-u-zadru-pod-nazivom-uloga-mladih-u-ujedinjenoj-evropi","status":"publish","type":"post","link":"https:\/\/sdp-tesanj.org\/bs\/mirela-buljubasic-prisustvovala-regionalnoj-konferenciji-u-zadru-pod-nazivom-uloga-mladih-u-ujedinjenoj-evropi\/","title":{"rendered":"Mirela Buljuba\u0161i\u0107 prisustvovala regionalnoj konferenciji u Zadru pod nazivom Uloga mladih u ujedinjenoj Evropi"},"content":{"rendered":"<div id=\"attachment_2467\" style=\"width: 250px\" class=\"wp-caption alignleft\"><a href=\"https:\/\/sdp-tesanj.org\/bs\/wp-content\/uploads\/12.jpg\"><img loading=\"lazy\" decoding=\"async\" aria-describedby=\"caption-attachment-2467\" class=\"size-medium wp-image-2467 \" title=\"Uloga mladih u ujedinjenoj Evropi\" src=\"https:\/\/sdp-tesanj.org\/bs\/wp-content\/uploads\/12-300x178.jpg\" alt=\"Uloga mladih u ujedinjenoj Evropi\" width=\"240\" height=\"142\" srcset=\"https:\/\/sdp-tesanj.org\/bs\/wp-content\/uploads\/12-300x178.jpg 300w, https:\/\/sdp-tesanj.org\/bs\/wp-content\/uploads\/12-585x347.jpg 585w, https:\/\/sdp-tesanj.org\/bs\/wp-content\/uploads\/12.jpg 960w\" sizes=\"auto, (max-width: 240px) 100vw, 240px\" \/><\/a><p id=\"caption-attachment-2467\" class=\"wp-caption-text\">Uloga mladih u ujedinjenoj Evropi<\/p><\/div>\n<p>Da su \u010dlanovi SDPBiH jedna od najobrazovanijih grupa na politi\u010dkoj sceni Bosne i Hercegovine, govore mnoge stvari. Posebno treba ista\u0107i obrazovnu strukturu \u010dlanstvo Foruma mladih. Naime, \u010dlanovi ove interesne organizacije ne bivaju homogeno profilirani kadrovi, koji, isklju\u010divo, bivaju aktivni u svom sektoru, nego su to mladi ljudi \u010diji aktivizam i kvalitet daleko dose\u017ee. U prilog tome ide i, tokom mjeseca oktobra, \u00a0odr\u017eana regionalna\u00a0 konferencija u Zadru pod nazivom <em>Uloga mladih u ujedinjenoj Evropi: Politi\u010dki i ekonomski izazovi, <\/em>na kojoj su u\u010destvovali stipendisti fondacije Konrad Adenauer Stiftung iz sljde\u0107ih zemalja: Njema\u010dka, Hrvatska, Bosna i Hercegovina, Albanija, Kosovo, Crna Gora, Srbija, Makedonija, Rumunija, Bugarska, Moldavija. Delegaciju BiH je \u010dinila i na\u0161a aktivistica, \u010dlanica Izvr\u0161nog odbora FOMSDPBiH Te\u0161anj, potpredsjednica KOFOMSDPBiHZDK, prof. Mirela Buljuba\u0161i\u0107.<!--more--><\/p>\n<p>Na konferenciji su u\u010de\u0161\u0107e uzeli visokoprofilirani kadrovi sa akademsko-politi\u010dke scene u Hrvatskoj, izme\u0111u ostaloga: Bo\u017eidar Kalmeta, dr. Tihomir Cipek, dr. Slaven Letica, dr. Ozana Ramljak, dr. Pero Maldini, dr. \u017deljko Tanji\u0107 itd.<\/p>\n<p>Radne grupe su obra\u0111ivale teme<em>: Mladi i civilni i politi\u010dki anga\u017eman<\/em>, <em>Mladi i mediji<\/em>, <em>Mladi i prilike u karijeri<\/em>. Jedna od glavnih tema panel diskusije je bila <em>Vrijednosti i ciljevi u politici<\/em>, te <em>Mladi i percepcija politi\u010dkog anga\u017emana<\/em>. Na\u0161a aktivistica je rado sa svojim \u010dlanstvom podijelila nova iskustva, znanja i dojmove. Ovime samo \u017eelimo pokazati da je, neovisno od ideologije, politi\u010dka edukacija jedna od primarnih ciljeva na kojem trebaju raditi sve politi\u010dke partije, kako bi unaprijedili bh dru\u0161tvo i u\u010dinili ga \u0161to efikasnijim, a mlade ljude kvalitetnijim i kompetentnijim.<\/p>\n<p>&nbsp;<\/p>\n\n\t\t<style type=\"text\/css\">\n\t\t\t#gallery-1 {\n\t\t\t\tmargin: auto;\n\t\t\t}\n\t\t\t#gallery-1 .gallery-item {\n\t\t\t\tfloat: left;\n\t\t\t\tmargin-top: 10px;\n\t\t\t\ttext-align: center;\n\t\t\t\twidth: 33%;\n\t\t\t}\n\t\t\t#gallery-1 img {\n\t\t\t\tborder: 2px solid #cfcfcf;\n\t\t\t}\n\t\t\t#gallery-1 .gallery-caption {\n\t\t\t\tmargin-left: 0;\n\t\t\t}\n\t\t\t\/* see gallery_shortcode() in wp-includes\/media.php *\/\n\t\t<\/style>\n\t\t<div id='gallery-1' class='gallery galleryid-2466 gallery-columns-3 gallery-size-thumbnail'><dl class='gallery-item'>\n\t\t\t<dt class='gallery-icon landscape'>\n\t\t\t\t<a href='https:\/\/sdp-tesanj.org\/bs\/mirela-buljubasic-prisustvovala-regionalnoj-konferenciji-u-zadru-pod-nazivom-uloga-mladih-u-ujedinjenoj-evropi\/1-3\/'><img loading=\"lazy\" decoding=\"async\" width=\"150\" height=\"150\" src=\"https:\/\/sdp-tesanj.org\/bs\/wp-content\/uploads\/12-150x150.jpg\" class=\"attachment-thumbnail size-thumbnail\" alt=\"Uloga mladih u ujedinjenoj Evropi\" aria-describedby=\"gallery-1-2467\" \/><\/a>\n\t\t\t<\/dt>\n\t\t\t\t<dd class='wp-caption-text gallery-caption' id='gallery-1-2467'>\n\t\t\t\tUloga mladih u ujedinjenoj Evropi\n\t\t\t\t<\/dd><\/dl><dl class='gallery-item'>\n\t\t\t<dt class='gallery-icon landscape'>\n\t\t\t\t<a href='https:\/\/sdp-tesanj.org\/bs\/mirela-buljubasic-prisustvovala-regionalnoj-konferenciji-u-zadru-pod-nazivom-uloga-mladih-u-ujedinjenoj-evropi\/5201_10202166760878837_1700521816_n\/'><img loading=\"lazy\" decoding=\"async\" width=\"150\" height=\"150\" src=\"https:\/\/sdp-tesanj.org\/bs\/wp-content\/uploads\/5201_10202166760878837_1700521816_n-150x150.jpg\" class=\"attachment-thumbnail size-thumbnail\" alt=\"\" \/><\/a>\n\t\t\t<\/dt><\/dl><dl class='gallery-item'>\n\t\t\t<dt class='gallery-icon landscape'>\n\t\t\t\t<a href='https:\/\/sdp-tesanj.org\/bs\/mirela-buljubasic-prisustvovala-regionalnoj-konferenciji-u-zadru-pod-nazivom-uloga-mladih-u-ujedinjenoj-evropi\/536248_10202166833520653_1280718138_n\/'><img loading=\"lazy\" decoding=\"async\" width=\"150\" height=\"150\" src=\"https:\/\/sdp-tesanj.org\/bs\/wp-content\/uploads\/536248_10202166833520653_1280718138_n-150x150.jpg\" class=\"attachment-thumbnail size-thumbnail\" alt=\"\" \/><\/a>\n\t\t\t<\/dt><\/dl><br style=\"clear: both\" \/><dl class='gallery-item'>\n\t\t\t<dt class='gallery-icon landscape'>\n\t\t\t\t<a href='https:\/\/sdp-tesanj.org\/bs\/mirela-buljubasic-prisustvovala-regionalnoj-konferenciji-u-zadru-pod-nazivom-uloga-mladih-u-ujedinjenoj-evropi\/944644_10202166830800585_1462296034_n\/'><img loading=\"lazy\" decoding=\"async\" width=\"150\" height=\"150\" src=\"https:\/\/sdp-tesanj.org\/bs\/wp-content\/uploads\/944644_10202166830800585_1462296034_n-150x150.jpg\" class=\"attachment-thumbnail size-thumbnail\" alt=\"\" \/><\/a>\n\t\t\t<\/dt><\/dl><dl class='gallery-item'>\n\t\t\t<dt class='gallery-icon landscape'>\n\t\t\t\t<a href='https:\/\/sdp-tesanj.org\/bs\/mirela-buljubasic-prisustvovala-regionalnoj-konferenciji-u-zadru-pod-nazivom-uloga-mladih-u-ujedinjenoj-evropi\/1374256_10202166789559554_1245735716_n\/'><img loading=\"lazy\" decoding=\"async\" width=\"150\" height=\"150\" src=\"https:\/\/sdp-tesanj.org\/bs\/wp-content\/uploads\/1374256_10202166789559554_1245735716_n-150x150.jpg\" class=\"attachment-thumbnail size-thumbnail\" alt=\"\" \/><\/a>\n\t\t\t<\/dt><\/dl><dl class='gallery-item'>\n\t\t\t<dt class='gallery-icon landscape'>\n\t\t\t\t<a href='https:\/\/sdp-tesanj.org\/bs\/mirela-buljubasic-prisustvovala-regionalnoj-konferenciji-u-zadru-pod-nazivom-uloga-mladih-u-ujedinjenoj-evropi\/1375749_10202166761838861_977083013_n\/'><img loading=\"lazy\" decoding=\"async\" width=\"150\" height=\"150\" src=\"https:\/\/sdp-tesanj.org\/bs\/wp-content\/uploads\/1375749_10202166761838861_977083013_n-150x150.jpg\" class=\"attachment-thumbnail size-thumbnail\" alt=\"\" \/><\/a>\n\t\t\t<\/dt><\/dl><br style=\"clear: both\" \/><dl class='gallery-item'>\n\t\t\t<dt class='gallery-icon landscape'>\n\t\t\t\t<a href='https:\/\/sdp-tesanj.org\/bs\/mirela-buljubasic-prisustvovala-regionalnoj-konferenciji-u-zadru-pod-nazivom-uloga-mladih-u-ujedinjenoj-evropi\/1378500_10202166827560504_294265451_n\/'><img loading=\"lazy\" decoding=\"async\" width=\"150\" height=\"150\" src=\"https:\/\/sdp-tesanj.org\/bs\/wp-content\/uploads\/1378500_10202166827560504_294265451_n-150x150.jpg\" class=\"attachment-thumbnail size-thumbnail\" alt=\"\" \/><\/a>\n\t\t\t<\/dt><\/dl><dl class='gallery-item'>\n\t\t\t<dt class='gallery-icon landscape'>\n\t\t\t\t<a href='https:\/\/sdp-tesanj.org\/bs\/mirela-buljubasic-prisustvovala-regionalnoj-konferenciji-u-zadru-pod-nazivom-uloga-mladih-u-ujedinjenoj-evropi\/1385651_10202166791999615_715587822_n\/'><img loading=\"lazy\" decoding=\"async\" width=\"150\" height=\"150\" src=\"https:\/\/sdp-tesanj.org\/bs\/wp-content\/uploads\/1385651_10202166791999615_715587822_n-150x150.jpg\" class=\"attachment-thumbnail size-thumbnail\" alt=\"\" \/><\/a>\n\t\t\t<\/dt><\/dl><dl class='gallery-item'>\n\t\t\t<dt class='gallery-icon landscape'>\n\t\t\t\t<a href='https:\/\/sdp-tesanj.org\/bs\/mirela-buljubasic-prisustvovala-regionalnoj-konferenciji-u-zadru-pod-nazivom-uloga-mladih-u-ujedinjenoj-evropi\/1393684_10202166802839886_1118591251_n\/'><img loading=\"lazy\" decoding=\"async\" width=\"150\" height=\"150\" src=\"https:\/\/sdp-tesanj.org\/bs\/wp-content\/uploads\/1393684_10202166802839886_1118591251_n-150x150.jpg\" class=\"attachment-thumbnail size-thumbnail\" alt=\"\" \/><\/a>\n\t\t\t<\/dt><\/dl><br style=\"clear: both\" \/><dl class='gallery-item'>\n\t\t\t<dt class='gallery-icon landscape'>\n\t\t\t\t<a href='https:\/\/sdp-tesanj.org\/bs\/mirela-buljubasic-prisustvovala-regionalnoj-konferenciji-u-zadru-pod-nazivom-uloga-mladih-u-ujedinjenoj-evropi\/1394356_10202166835840711_1177309773_n\/'><img loading=\"lazy\" decoding=\"async\" width=\"150\" height=\"150\" src=\"https:\/\/sdp-tesanj.org\/bs\/wp-content\/uploads\/1394356_10202166835840711_1177309773_n-150x150.jpg\" class=\"attachment-thumbnail size-thumbnail\" alt=\"\" \/><\/a>\n\t\t\t<\/dt><\/dl><dl class='gallery-item'>\n\t\t\t<dt class='gallery-icon landscape'>\n\t\t\t\t<a href='https:\/\/sdp-tesanj.org\/bs\/mirela-buljubasic-prisustvovala-regionalnoj-konferenciji-u-zadru-pod-nazivom-uloga-mladih-u-ujedinjenoj-evropi\/1395194_10202166833160644_350025655_n\/'><img loading=\"lazy\" decoding=\"async\" width=\"150\" height=\"150\" src=\"https:\/\/sdp-tesanj.org\/bs\/wp-content\/uploads\/1395194_10202166833160644_350025655_n-150x150.jpg\" class=\"attachment-thumbnail size-thumbnail\" alt=\"\" \/><\/a>\n\t\t\t<\/dt><\/dl>\n\t\t\t<br style='clear: both' \/>\n\t\t<\/div>\n\n<p>&nbsp;<\/p>\n<p style=\"text-align: right;\">&nbsp;<\/p>\n<p style=\"text-align: right;\"><strong> Komisija za informisanje<\/strong><strong><br \/>\nForuma mladih SDPBiH Te\u0161anj<\/strong><\/p>\n","protected":false},"excerpt":{"rendered":"<p>Da su \u010dlanovi SDPBiH jedna od najobrazovanijih grupa na politi\u010dkoj sceni Bosne i Hercegovine, govore mnoge stvari. Posebno treba ista\u0107i obrazovnu strukturu \u010dlanstvo Foruma mladih. Naime, \u010dlanovi ove interesne organizacije ne bivaju homogeno profilirani kadrovi, koji, isklju\u010divo, bivaju aktivni u svom sektoru, nego su to mladi ljudi \u010diji aktivizam i kvalitet daleko dose\u017ee. U prilog [&hellip;]<\/p>\n","protected":false},"author":2,"featured_media":2477,"comment_status":"closed","ping_status":"closed","sticky":false,"template":"","format":"standard","meta":{"ngg_post_thumbnail":0,"footnotes":""},"categories":[21],"tags":[],"class_list":["post-2466","post","type-post","status-publish","format-standard","hentry","category-forum-mladih"],"_links":{"self":[{"href":"https:\/\/sdp-tesanj.org\/bs\/wp-json\/wp\/v2\/posts\/2466","targetHints":{"allow":["GET"]}}],"collection":[{"href":"https:\/\/sdp-tesanj.org\/bs\/wp-json\/wp\/v2\/posts"}],"about":[{"href":"https:\/\/sdp-tesanj.org\/bs\/wp-json\/wp\/v2\/types\/post"}],"author":[{"embeddable":true,"href":"https:\/\/sdp-tesanj.org\/bs\/wp-json\/wp\/v2\/users\/2"}],"replies":[{"embeddable":true,"href":"https:\/\/sdp-tesanj.org\/bs\/wp-json\/wp\/v2\/comments?post=2466"}],"version-history":[{"count":2,"href":"https:\/\/sdp-tesanj.org\/bs\/wp-json\/wp\/v2\/posts\/2466\/revisions"}],"predecessor-version":[{"id":2479,"href":"https:\/\/sdp-tesanj.org\/bs\/wp-json\/wp\/v2\/posts\/2466\/revisions\/2479"}],"wp:featuredmedia":[{"embeddable":true,"href":"https:\/\/sdp-tesanj.org\/bs\/wp-json\/wp\/v2\/media\/2477"}],"wp:attachment":[{"href":"https:\/\/sdp-tesanj.org\/bs\/wp-json\/wp\/v2\/media?parent=2466"}],"wp:term":[{"taxonomy":"category","embeddable":true,"href":"https:\/\/sdp-tesanj.org\/bs\/wp-json\/wp\/v2\/categories?post=2466"},{"taxonomy":"post_tag","embeddable":true,"href":"https:\/\/sdp-tesanj.org\/bs\/wp-json\/wp\/v2\/tags?post=2466"}],"curies":[{"name":"wp","href":"https:\/\/api.w.org\/{rel}","templated":true}]}}