{"id":2398,"date":"2013-10-13T22:50:44","date_gmt":"2013-10-13T20:50:44","guid":{"rendered":"https:\/\/sdp-tesanj.org\/bs\/?p=2398"},"modified":"2013-10-13T22:51:07","modified_gmt":"2013-10-13T20:51:07","slug":"bajramska-cestitka-6","status":"publish","type":"post","link":"https:\/\/sdp-tesanj.org\/bs\/bajramska-cestitka-6\/","title":{"rendered":"Bajramska \u010destitka"},"content":{"rendered":"<div id=\"attachment_187\" style=\"width: 250px\" class=\"wp-caption alignleft\"><a href=\"https:\/\/sdp-tesanj.org\/bs\/wp-content\/uploads\/sdp-tesanj-WinCE.png\"><img loading=\"lazy\" decoding=\"async\" aria-describedby=\"caption-attachment-187\" class=\"size-full wp-image-187\" title=\"SDP Te\u0161anj\" src=\"https:\/\/sdp-tesanj.org\/bs\/wp-content\/uploads\/sdp-tesanj-WinCE.png\" alt=\"SDP Te\u0161anj\" width=\"240\" height=\"99\" \/><\/a><p id=\"caption-attachment-187\" class=\"wp-caption-text\">SDP Te\u0161anj<\/p><\/div>\n<p>U povodu nastupaju\u0107eg Kurban bajrama svim gra\u0111anima, pripadnicima islamske vjeroispovjesti, upu\u0107ujemo iskrene \u017eelje<br \/>\nda Kurban bajram provedu u bajramskom raspolo\u017eenju i radosti Bajrama podjele sa rodbinom, prijateljima i kom\u0161ijama uz \u010destitku rije\u010dima<\/p>\n<p>BAJRAM \u0160ERIF MUBAREK OLSUN!<!--more--><\/p>\n<p>&nbsp;<\/p>\n<p>&nbsp;<\/p>\n<p>&nbsp;<\/p>\n<p style=\"text-align: right;\">&nbsp;<\/p>\n<p style=\"text-align: right;\"><strong> <\/strong><strong>Predsjednik OOSDPBiH Te\u0161anj <\/strong><\/p>\n<p style=\"text-align: right;\"><strong> dr. Sead Ro\u017eajac<\/strong><\/p>\n","protected":false},"excerpt":{"rendered":"<p>U povodu nastupaju\u0107eg Kurban bajrama svim gra\u0111anima, pripadnicima islamske vjeroispovjesti, upu\u0107ujemo iskrene \u017eelje da Kurban bajram provedu u bajramskom raspolo\u017eenju i radosti Bajrama podjele sa rodbinom, prijateljima i kom\u0161ijama uz \u010destitku rije\u010dima BAJRAM \u0160ERIF MUBAREK OLSUN!<\/p>\n","protected":false},"author":2,"featured_media":0,"comment_status":"closed","ping_status":"closed","sticky":false,"template":"","format":"standard","meta":{"ngg_post_thumbnail":0,"footnotes":""},"categories":[3],"tags":[],"class_list":["post-2398","post","type-post","status-publish","format-standard","hentry","category-vijesti"],"_links":{"self":[{"href":"https:\/\/sdp-tesanj.org\/bs\/wp-json\/wp\/v2\/posts\/2398","targetHints":{"allow":["GET"]}}],"collection":[{"href":"https:\/\/sdp-tesanj.org\/bs\/wp-json\/wp\/v2\/posts"}],"about":[{"href":"https:\/\/sdp-tesanj.org\/bs\/wp-json\/wp\/v2\/types\/post"}],"author":[{"embeddable":true,"href":"https:\/\/sdp-tesanj.org\/bs\/wp-json\/wp\/v2\/users\/2"}],"replies":[{"embeddable":true,"href":"https:\/\/sdp-tesanj.org\/bs\/wp-json\/wp\/v2\/comments?post=2398"}],"version-history":[{"count":3,"href":"https:\/\/sdp-tesanj.org\/bs\/wp-json\/wp\/v2\/posts\/2398\/revisions"}],"predecessor-version":[{"id":2401,"href":"https:\/\/sdp-tesanj.org\/bs\/wp-json\/wp\/v2\/posts\/2398\/revisions\/2401"}],"wp:attachment":[{"href":"https:\/\/sdp-tesanj.org\/bs\/wp-json\/wp\/v2\/media?parent=2398"}],"wp:term":[{"taxonomy":"category","embeddable":true,"href":"https:\/\/sdp-tesanj.org\/bs\/wp-json\/wp\/v2\/categories?post=2398"},{"taxonomy":"post_tag","embeddable":true,"href":"https:\/\/sdp-tesanj.org\/bs\/wp-json\/wp\/v2\/tags?post=2398"}],"curies":[{"name":"wp","href":"https:\/\/api.w.org\/{rel}","templated":true}]}}